{"id":171597,"date":"2026-09-05T20:58:11","date_gmt":"2026-09-05T20:58:11","guid":{"rendered":"https:\/\/www.europesays.com\/sk\/171597\/"},"modified":"2026-09-05T20:58:11","modified_gmt":"2026-09-05T20:58:11","slug":"tragicka-nehoda-policia-zacala-stihanie-pre-trestny-cin-usmrtenia","status":"publish","type":"post","link":"https:\/\/www.europesays.com\/sk\/171597\/","title":{"rendered":"TRAGICK\u00c1 NEHODA: Pol\u00edcia za\u010dala st\u00edhanie pre trestn\u00fd \u010din usmrtenia"},"content":{"rendered":"<p>Ro\u017e\u0148ava 5. septembra (TASR) &#8211; Trestn\u00e9 st\u00edhanie pre trestn\u00fd \u010din usmrtenia za\u010dala pol\u00edcia v s\u00favislosti s tragickou dopravnou nehodou troch vozidiel, ku ktorej do\u0161lo v piatok (4. 9.) predpoludn\u00edm na ceste I\/16 v katastri obce Hrhov v okrese Ro\u017e\u0148ava. Nehoda si vy\u017eiadala jednu obe\u0165. TASR o tom v sobotu informovala hovorky\u0148a Krajsk\u00e9ho riadite\u013estva Policajn\u00e9ho zboru v Ko\u0161iciach Jana Ill\u00e9sov\u00e1.<\/p>\n<p>\u201ePod\u013ea doposia\u013e zisten\u00fdch skuto\u010dnost\u00ed vodi\u010d vozidla Volkswagen, ktor\u00fd smeroval od Ko\u0161\u00edc na Ro\u017e\u0148avu, pre\u0161iel z doposia\u013e presne nezisten\u00fdch pr\u00ed\u010din do protismernej \u010dasti vozovky, kde do\u0161lo k \u010delnej zr\u00e1\u017eke s protid\u00facim n\u00e1kladn\u00fdm motorov\u00fdm vozidlom Mercedes-Benz s pr\u00edvesom,\u201c uviedla Ill\u00e9sov\u00e1.<\/p>\n<p>Ako povedala, n\u00e1raz osobn\u00e9 vozidlo oto\u010dil a vymr\u0161til mimo vozovky do tr\u00e1vnat\u00e9ho porastu. Z vozidla sa z\u00e1rove\u0148 oddelilo koleso, ktor\u00e9 zasiahlo \u010fal\u0161ie osobn\u00e9 motorov\u00e9 vozidlo Suzuki id\u00face za vozidlom Volkswagen. N\u00e1kladn\u00e9 vozidlo sa po zr\u00e1\u017eke stalo neovl\u00e1date\u013en\u00fdm, pre\u0161lo do protismernej \u010dasti vozovky a zastavilo na okraji cesty.<\/p>\n<p>\u201eVodi\u010d Volkswagenu utrpel pri dopravnej nehode zranenia nezlu\u010dite\u013en\u00e9 so \u017eivotom, ktor\u00fdm na mieste pod\u013eahol. Ostatn\u00ed \u00fa\u010dastn\u00edci dopravnej nehody zranenia neutrpeli. Dychov\u00e9 sk\u00fa\u0161ky vykonan\u00e9 u vodi\u010da n\u00e1kladn\u00e9ho vozidla a vodi\u010da vozidla Suzuki mali negat\u00edvny v\u00fdsledok. U vodi\u010da n\u00e1kladn\u00e9ho vozidla bol vykonan\u00fd aj orienta\u010dn\u00fd test na pr\u00edtomnos\u0165 omamn\u00fdch a psychotropn\u00fdch l\u00e1tok v organizme, taktie\u017e s negat\u00edvnym v\u00fdsledkom,\u201c pribl\u00ed\u017eila Ill\u00e9sov\u00e1.<\/p>\n<p>Pol\u00edcia vedie trestn\u00e9 st\u00edhanie pre trestn\u00fd \u010din usmrtenia. \u201ePresn\u00e9 okolnosti, pr\u00ed\u010dina vzniku tejto tragickej dopravnej nehody, ako aj miera zavinenia jej \u00fa\u010dastn\u00edkov s\u00fa predmetom \u010fal\u0161ieho vy\u0161etrovania,\u201c skon\u0161tatovala Ill\u00e9sov\u00e1.<\/p>\n<p>Pol\u00edcia apeluje na vodi\u010dov, aby si za volant sadali iba vtedy, ak s\u00fa schopn\u00ed bezpe\u010dne vies\u0165 vozidlo.<\/p>\n","protected":false},"excerpt":{"rendered":"Ro\u017e\u0148ava 5. septembra (TASR) &#8211; Trestn\u00e9 st\u00edhanie pre trestn\u00fd \u010din usmrtenia za\u010dala pol\u00edcia v s\u00favislosti s tragickou dopravnou&hellip;\n","protected":false},"author":2,"featured_media":171598,"comment_status":"","ping_status":"","sticky":false,"template":"","format":"standard","meta":{"footnotes":"","_share_on_mastodon":"0"},"categories":[6],"tags":[2388,610,525,43,40,44,39,42,45,41,992,4786],"class_list":["post-171597","post","type-post","status-publish","format-standard","has-post-thumbnail","category-slovensko","tag-dopravna-nehoda","tag-kex","tag-policia","tag-sk","tag-slovak","tag-slovak-republic","tag-slovakia","tag-slovencina","tag-slovenska-republika","tag-slovensko","tag-sr","tag-trestne-stihanie"],"share_on_mastodon":{"url":"https:\/\/pubeurope.com\/@sk\/117220442407554232","error":""},"_links":{"self":[{"href":"https:\/\/www.europesays.com\/sk\/wp-json\/wp\/v2\/posts\/171597","targetHints":{"allow":["GET"]}}],"collection":[{"href":"https:\/\/www.europesays.com\/sk\/wp-json\/wp\/v2\/posts"}],"about":[{"href":"https:\/\/www.europesays.com\/sk\/wp-json\/wp\/v2\/types\/post"}],"author":[{"embeddable":true,"href":"https:\/\/www.europesays.com\/sk\/wp-json\/wp\/v2\/users\/2"}],"replies":[{"embeddable":true,"href":"https:\/\/www.europesays.com\/sk\/wp-json\/wp\/v2\/comments?post=171597"}],"version-history":[{"count":0,"href":"https:\/\/www.europesays.com\/sk\/wp-json\/wp\/v2\/posts\/171597\/revisions"}],"wp:featuredmedia":[{"embeddable":true,"href":"https:\/\/www.europesays.com\/sk\/wp-json\/wp\/v2\/media\/171598"}],"wp:attachment":[{"href":"https:\/\/www.europesays.com\/sk\/wp-json\/wp\/v2\/media?parent=171597"}],"wp:term":[{"taxonomy":"category","embeddable":true,"href":"https:\/\/www.europesays.com\/sk\/wp-json\/wp\/v2\/categories?post=171597"},{"taxonomy":"post_tag","embeddable":true,"href":"https:\/\/www.europesays.com\/sk\/wp-json\/wp\/v2\/tags?post=171597"}],"curies":[{"name":"wp","href":"https:\/\/api.w.org\/{rel}","templated":true}]}}