{"id":171635,"date":"2026-09-05T21:54:16","date_gmt":"2026-09-05T21:54:16","guid":{"rendered":"https:\/\/www.europesays.com\/sk\/171635\/"},"modified":"2026-09-05T21:54:16","modified_gmt":"2026-09-05T21:54:16","slug":"norsko-zadrzalo-rusku-lod-na-spicbergoch-moskva-hovori-o-piratstve","status":"publish","type":"post","link":"https:\/\/www.europesays.com\/sk\/171635\/","title":{"rendered":"N\u00f3rsko zadr\u017ealo rusk\u00fa lo\u010f na \u0160picbergoch. Moskva hovor\u00ed o \u201epir\u00e1tstve\u201c"},"content":{"rendered":"<p>Zadr\u017eanie lode Profesor Mol\u010danov skomplikovalo z\u00e1sobovanie rusk\u00fdch os\u00e1d na arktickom s\u00faostrov\u00ed. Oslo tvrd\u00ed, \u017ee uviaznut\u00fdm Rusom poskytne potrebn\u00fa pomoc.<\/p>\n<p class=\"article-content-paragraph mb-4\">N\u00f3rsko poskytne potrebn\u00fa pomoc Rusom na arktickom s\u00faostrov\u00ed \u0160picbergy (Svalbard) po zadr\u017ean\u00ed lode, ktor\u00e1 na ostrovy prepravovala cestuj\u00facich a z\u00e1soby. V piatok to ozn\u00e1milo n\u00f3rske ministerstvo zahrani\u010dn\u00fdch vec\u00ed. TASR o tom informuje pod\u013ea spr\u00e1vy agent\u00fary Reuters.<\/p>\n<p class=\"article-content-paragraph mb-4\">N\u00f3rsky s\u00fad tento t\u00fd\u017ede\u0148 nariadil na \u0160picbergoch zadr\u017ea\u0165 v\u00fdletn\u00fa lo\u010f Profesor Mol\u010danov v mene ukrajinskej spolo\u010dnosti, ktor\u00e1 je \u00fa\u010dastn\u00edkom pr\u00e1vneho sporu. To viedlo k uviaznutiu cestuj\u00facich aj pos\u00e1dky a Moskva n\u00e1sledne obvinila N\u00f3rsko z \u201epir\u00e1tstva\u201c.<\/p>\n<p lang=\"de\" dir=\"ltr\">F\u00fcr Russlands Pr\u00e4senz in der Arktis ist die \u00abProfessor Moltschanow\u00bb wichtig. Dass das Schiff nun auf Antrag eines ukrainischen Staatsunternehmens beschlagnahmt wurde, passt dem Kreml gar nicht. Der Fall erh\u00f6ht die Spannungen in der Arktis. <a href=\"https:\/\/t.co\/t1kyUzBz4J\" rel=\"nofollow\">https:\/\/t.co\/t1kyUzBz4J<\/a><\/p>\n<p>\u2014 NZZ (@NZZ) <a href=\"https:\/\/x.com\/NZZ\/status\/2095545998709772462?ref_src=twsrc%5Etfw\" rel=\"nofollow\">September 3, 2026<\/a> Vyhl\u00e1senie N\u00f3rska<\/p>\n<p class=\"article-content-paragraph mb-4\">\u201eN\u00f3rske org\u00e1ny robia v\u0161etko, \u010do je v ich sil\u00e1ch, aby ochr\u00e1nili rusk\u00fdch ob\u010danov, ktor\u00ed sa teraz na \u0160picbergoch ocitli v \u0165a\u017ekej situ\u00e1cii,\u201c uviedlo n\u00f3rske ministerstvo zahrani\u010dn\u00fdch vec\u00ed vo vyhl\u00e1sen\u00ed pre agent\u00faru Reuters a dodalo, \u017ee krajina si t\u00fdm pln\u00ed svoje medzin\u00e1rodn\u00e9 z\u00e1v\u00e4zky.<\/p>\n<p class=\"article-content-paragraph mb-4\">Meste\u010dko Barentsburg, kde lo\u010f zadr\u017eiavaj\u00fa, je jednou z dvoch rusk\u00fdch os\u00e1d na \u0160picbergoch. Pod\u013ea n\u00f3rskeho \u0161tatistick\u00e9ho \u00faradu v nich \u017eije celkovo 392 obyvate\u013eov z celkovej popul\u00e1cie s\u00faostrovia, ktor\u00e1 predstavuje 2 914 \u013eud\u00ed.<\/p>\n<p>V\u00fdnimky pre rusk\u00e9 spolo\u010dnosti<\/p>\n<p class=\"article-content-paragraph mb-4\">Rusk\u00e9 spolo\u010dnosti pravidelne dost\u00e1vaj\u00fa v\u00fdnimky zo sankci\u00ed, aby sa zabezpe\u010dil dovoz potrav\u00edn a in\u00e9ho potrebn\u00e9ho tovaru na ostrovy, doplnil n\u00f3rsky rezort diplomacie.<\/p>\n","protected":false},"excerpt":{"rendered":"Zadr\u017eanie lode Profesor Mol\u010danov skomplikovalo z\u00e1sobovanie rusk\u00fdch os\u00e1d na arktickom s\u00faostrov\u00ed. Oslo tvrd\u00ed, \u017ee uviaznut\u00fdm Rusom poskytne potrebn\u00fa&hellip;\n","protected":false},"author":2,"featured_media":171636,"comment_status":"","ping_status":"","sticky":false,"template":"","format":"standard","meta":{"footnotes":"","_share_on_mastodon":"0"},"categories":[8],"tags":[33,43,40,42,36,50,49,48],"class_list":["post-171635","post","type-post","status-publish","format-standard","has-post-thumbnail","category-svet","tag-news","tag-sk","tag-slovak","tag-slovencina","tag-spravy","tag-svet","tag-world","tag-world-news"],"share_on_mastodon":{"url":"https:\/\/pubeurope.com\/@sk\/117220662432138053","error":""},"_links":{"self":[{"href":"https:\/\/www.europesays.com\/sk\/wp-json\/wp\/v2\/posts\/171635","targetHints":{"allow":["GET"]}}],"collection":[{"href":"https:\/\/www.europesays.com\/sk\/wp-json\/wp\/v2\/posts"}],"about":[{"href":"https:\/\/www.europesays.com\/sk\/wp-json\/wp\/v2\/types\/post"}],"author":[{"embeddable":true,"href":"https:\/\/www.europesays.com\/sk\/wp-json\/wp\/v2\/users\/2"}],"replies":[{"embeddable":true,"href":"https:\/\/www.europesays.com\/sk\/wp-json\/wp\/v2\/comments?post=171635"}],"version-history":[{"count":0,"href":"https:\/\/www.europesays.com\/sk\/wp-json\/wp\/v2\/posts\/171635\/revisions"}],"wp:featuredmedia":[{"embeddable":true,"href":"https:\/\/www.europesays.com\/sk\/wp-json\/wp\/v2\/media\/171636"}],"wp:attachment":[{"href":"https:\/\/www.europesays.com\/sk\/wp-json\/wp\/v2\/media?parent=171635"}],"wp:term":[{"taxonomy":"category","embeddable":true,"href":"https:\/\/www.europesays.com\/sk\/wp-json\/wp\/v2\/categories?post=171635"},{"taxonomy":"post_tag","embeddable":true,"href":"https:\/\/www.europesays.com\/sk\/wp-json\/wp\/v2\/tags?post=171635"}],"curies":[{"name":"wp","href":"https:\/\/api.w.org\/{rel}","templated":true}]}}