{"id":171643,"date":"2026-09-05T22:08:07","date_gmt":"2026-09-05T22:08:07","guid":{"rendered":"https:\/\/www.europesays.com\/sk\/171643\/"},"modified":"2026-09-05T22:08:07","modified_gmt":"2026-09-05T22:08:07","slug":"sokujuci-omyl-v-ustave-patologie-pomiesali-neboztikov-na-pohreb-vydali-telo-uplne-inej-osoby","status":"publish","type":"post","link":"https:\/\/www.europesays.com\/sk\/171643\/","title":{"rendered":"\u0160okuj\u00faci omyl v \u00fastave patol\u00f3gie: Pomie\u0161ali nebo\u017et\u00edkov! Na pohreb vydali telo \u00faplne inej osoby"},"content":{"rendered":"<p>\u0141ODZ &#8211; Z\u00e1mena, k akej by nemalo d\u00f4js\u0165 ani vo sne. Po\u013eskom otriasol pr\u00edpad, ktor\u00fd sa stal v s\u00fakromnom \u00fastave patol\u00f3gie. Pri manipul\u00e1cii s telami nebo\u017et\u00edkov do\u0161lo k z\u00e1mene.<\/p>\n<p>Slu\u017eby s\u00fakromn\u00e9ho \u00fastavu patol\u00f3gie vyu\u017e\u00edva aj prokurat\u00fara v Skierniewiciach a prokurat\u00fara v Rawe Mazowieckej.\u00a0K omylu do\u0161lo potom, ako sa okresn\u00e1 prokurat\u00fara v Rawe Mazowieckej zaoberala pr\u00edpadom ne\u00famyseln\u00e9ho sp\u00f4sobenia smrti mu\u017ea. Prokur\u00e1tor nariadil vykonanie pitvy a telo bolo ulo\u017een\u00e9 v \u00fastave patol\u00f3gie s\u00fakromnej firmy. Informuje o tom po\u013esk\u00fd web <a href=\"https:\/\/www.fakt.pl\/wydarzenia\/polska\/lodz\/szokujacy-blad-w-prosektorium-pod-lodzia-pomylili-ciala-nieboszczykow\/0rzgttv\" target=\"_blank\" rel=\"nofollow noopener\">Fakt<\/a>.\u00a0<\/p>\n<p>V tom istom \u010dase Okresn\u00e1 prokurat\u00fara v Skierniewiciach viedla konanie v s\u00favislosti s n\u00e1lezom \u013eudsk\u00fdch pozostatkov, pravdepodobne vojaka z 1. alebo 2. svetovej vojny. Tieto pozostatky boli ulo\u017een\u00e9 v tom istom \u00fastave patol\u00f3gie.\u00a0<\/p>\n<p>Po ur\u010ditom \u010dase skierniewick\u00e1 prokurat\u00fara vydala s\u00fahlas na pochovanie pozostatkov vojaka.\u00a0Pracovn\u00edci firmy tak telo vydali na pochovanie, av\u0161ak namiesto toho, aby vydali pozostatky ozna\u010den\u00e9ho vojaka, vydali telo, ktor\u00e9 bolo zaisten\u00e9 v r\u00e1mci konania veden\u00e9ho Okresnou prokurat\u00farou v Rawe Mazowieckej.<\/p>\n<p>V pr\u00edpade u\u017e bolo za\u010dat\u00e9 vy\u0161etrovanie pre zneuctenie \u013eudsk\u00fdch pozostatkov.<\/p>\n","protected":false},"excerpt":{"rendered":"\u0141ODZ &#8211; Z\u00e1mena, k akej by nemalo d\u00f4js\u0165 ani vo sne. Po\u013eskom otriasol pr\u00edpad, ktor\u00fd sa stal v&hellip;\n","protected":false},"author":2,"featured_media":171644,"comment_status":"","ping_status":"","sticky":false,"template":"","format":"standard","meta":{"footnotes":"","_share_on_mastodon":"0"},"categories":[8],"tags":[38191,33,8650,43,40,42,36,50,975,49,48],"class_list":["post-171643","post","type-post","status-publish","format-standard","has-post-thumbnail","category-svet","tag-marnica","tag-news","tag-omyl","tag-sk","tag-slovak","tag-slovencina","tag-spravy","tag-svet","tag-telo","tag-world","tag-world-news"],"share_on_mastodon":{"url":"https:\/\/pubeurope.com\/@sk\/117220717736893304","error":""},"_links":{"self":[{"href":"https:\/\/www.europesays.com\/sk\/wp-json\/wp\/v2\/posts\/171643","targetHints":{"allow":["GET"]}}],"collection":[{"href":"https:\/\/www.europesays.com\/sk\/wp-json\/wp\/v2\/posts"}],"about":[{"href":"https:\/\/www.europesays.com\/sk\/wp-json\/wp\/v2\/types\/post"}],"author":[{"embeddable":true,"href":"https:\/\/www.europesays.com\/sk\/wp-json\/wp\/v2\/users\/2"}],"replies":[{"embeddable":true,"href":"https:\/\/www.europesays.com\/sk\/wp-json\/wp\/v2\/comments?post=171643"}],"version-history":[{"count":0,"href":"https:\/\/www.europesays.com\/sk\/wp-json\/wp\/v2\/posts\/171643\/revisions"}],"wp:featuredmedia":[{"embeddable":true,"href":"https:\/\/www.europesays.com\/sk\/wp-json\/wp\/v2\/media\/171644"}],"wp:attachment":[{"href":"https:\/\/www.europesays.com\/sk\/wp-json\/wp\/v2\/media?parent=171643"}],"wp:term":[{"taxonomy":"category","embeddable":true,"href":"https:\/\/www.europesays.com\/sk\/wp-json\/wp\/v2\/categories?post=171643"},{"taxonomy":"post_tag","embeddable":true,"href":"https:\/\/www.europesays.com\/sk\/wp-json\/wp\/v2\/tags?post=171643"}],"curies":[{"name":"wp","href":"https:\/\/api.w.org\/{rel}","templated":true}]}}