{"id":171695,"date":"2026-09-06T02:20:13","date_gmt":"2026-09-06T02:20:13","guid":{"rendered":"https:\/\/www.europesays.com\/sk\/171695\/"},"modified":"2026-09-06T02:20:13","modified_gmt":"2026-09-06T02:20:13","slug":"utok-v-kyjeve-zasiahol-budovu-pri-slovenskom-velvyslanectve-blanar-si-pre-incident-predvola-ruskeho-velvyslanca","status":"publish","type":"post","link":"https:\/\/www.europesays.com\/sk\/171695\/","title":{"rendered":"\u00datok v Kyjeve zasiahol budovu pri slovenskom ve\u013evyslanectve. Blan\u00e1r si pre incident predvol\u00e1 rusk\u00e9ho ve\u013evyslanca"},"content":{"rendered":"<p class=\"detail_perex episode\">\nMinister zahrani\u010dn\u00fdch vec\u00ed SR Juraj Blan\u00e1r ods\u00fadil piatkov\u00fd (4. 9.) rusk\u00fd \u00fatok pr\u00fadov\u00fdm dronom na budovu Ukrajinskej bezpe\u010dnostnej slu\u017eby (SBU) na Volodymyrskej ulici v Kyjeve, ktor\u00e1 sa nach\u00e1dza ne\u010faleko konzul\u00e1rneho \u00faseku slovensk\u00e9ho ve\u013evyslanectva.\n<\/p>\n<p>V s\u00favislosti s \u00fatokom uviedol, \u017ee dal pokyn na predvolanie rusk\u00e9ho ve\u013evyslanca v Bratislave. V piatok informoval komunika\u010dn\u00fd odbor Ministerstva zahrani\u010dn\u00fdch vec\u00ed a eur\u00f3pskych z\u00e1le\u017eitost\u00ed SR.<\/p>\n<p>\u201eZ bezpe\u010dnostn\u00fdch d\u00f4vodov je (\u00fasek) vyu\u017e\u00edvan\u00fd v obmedzenej miere a nikto sa tam nenach\u00e1dzal. Vyz\u00fdvame Rusko, aby sa zdr\u017ealo krokov, ktor\u00e9 m\u00f4\u017eu ohrozi\u0165 \u017eivoty a bezpe\u010dnos\u0165 nevinn\u00fdch civilistov. Z\u00e1rove\u0148 apelujeme na obe strany, aby sa vyvarovali \u010fal\u0161ej eskal\u00e1cii, ktor\u00e1 zvy\u0161uje nap\u00e4tie a neprispieva k mierov\u00e9mu rie\u0161eniu konfliktu,\u201c uviedol minister.<\/p>\n<p><a href=\"https:\/\/www.ta3.com\/clanok\/1069753\/rusky-dron-zasiahol-budovu-ukrajinskej-tajnej-sluzby-v-centre-kyjeva-z-miesta-stupa-husty-dym\" class=\"detail_text_item_readmore_text\" rel=\"nofollow noopener\" target=\"_blank\"><br \/>\nViac k t\u00e9me<\/p>\n<p>Rusk\u00fd dron zasiahol budovu ukrajinskej tajnej slu\u017eby v centre Kyjeva. Z miesta st\u00fapa hust\u00fd dym<\/p>\n<p><\/a><br \/>\n<a href=\"https:\/\/www.ta3.com\/clanok\/1069753\/rusky-dron-zasiahol-budovu-ukrajinskej-tajnej-sluzby-v-centre-kyjeva-z-miesta-stupa-husty-dym\" class=\"detail_text_item_readmore_image\" rel=\"nofollow noopener\" target=\"_blank\"><\/p>\n<p><img decoding=\"async\" class=\"lazy entered loaded\" src=\"https:\/\/www.europesays.com\/sk\/wp-content\/uploads\/2026\/09\/sbu-utok-jpg.jpg\" alt=\"Rusk\u00fd dron zasiahol budovu ukrajinskej tajnej slu\u017eby v centre Kyjeva. Z miesta st\u00fapa hust\u00fd dym\" data-ll-status=\"loaded\"\/><\/p>\n<p><\/a><\/p>\n","protected":false},"excerpt":{"rendered":"Minister zahrani\u010dn\u00fdch vec\u00ed SR Juraj Blan\u00e1r ods\u00fadil piatkov\u00fd (4. 9.) rusk\u00fd \u00fatok pr\u00fadov\u00fdm dronom na budovu Ukrajinskej bezpe\u010dnostnej&hellip;\n","protected":false},"author":2,"featured_media":171696,"comment_status":"","ping_status":"","sticky":false,"template":"","format":"standard","meta":{"footnotes":"","_share_on_mastodon":"0"},"categories":[8],"tags":[33,43,40,42,36,50,49,48],"class_list":["post-171695","post","type-post","status-publish","format-standard","has-post-thumbnail","category-svet","tag-news","tag-sk","tag-slovak","tag-slovencina","tag-spravy","tag-svet","tag-world","tag-world-news"],"share_on_mastodon":{"url":"https:\/\/pubeurope.com\/@sk\/117221708822679142","error":""},"_links":{"self":[{"href":"https:\/\/www.europesays.com\/sk\/wp-json\/wp\/v2\/posts\/171695","targetHints":{"allow":["GET"]}}],"collection":[{"href":"https:\/\/www.europesays.com\/sk\/wp-json\/wp\/v2\/posts"}],"about":[{"href":"https:\/\/www.europesays.com\/sk\/wp-json\/wp\/v2\/types\/post"}],"author":[{"embeddable":true,"href":"https:\/\/www.europesays.com\/sk\/wp-json\/wp\/v2\/users\/2"}],"replies":[{"embeddable":true,"href":"https:\/\/www.europesays.com\/sk\/wp-json\/wp\/v2\/comments?post=171695"}],"version-history":[{"count":0,"href":"https:\/\/www.europesays.com\/sk\/wp-json\/wp\/v2\/posts\/171695\/revisions"}],"wp:featuredmedia":[{"embeddable":true,"href":"https:\/\/www.europesays.com\/sk\/wp-json\/wp\/v2\/media\/171696"}],"wp:attachment":[{"href":"https:\/\/www.europesays.com\/sk\/wp-json\/wp\/v2\/media?parent=171695"}],"wp:term":[{"taxonomy":"category","embeddable":true,"href":"https:\/\/www.europesays.com\/sk\/wp-json\/wp\/v2\/categories?post=171695"},{"taxonomy":"post_tag","embeddable":true,"href":"https:\/\/www.europesays.com\/sk\/wp-json\/wp\/v2\/tags?post=171695"}],"curies":[{"name":"wp","href":"https:\/\/api.w.org\/{rel}","templated":true}]}}