{"id":171735,"date":"2026-09-06T06:18:13","date_gmt":"2026-09-06T06:18:13","guid":{"rendered":"https:\/\/www.europesays.com\/sk\/171735\/"},"modified":"2026-09-06T06:18:13","modified_gmt":"2026-09-06T06:18:13","slug":"ako-sa-zije-slovakom-na-novom-zelande-gabriela-opisala-zivot-pracu-aj-ceny-na-opacnom-konci-sveta-domace-spravy","status":"publish","type":"post","link":"https:\/\/www.europesays.com\/sk\/171735\/","title":{"rendered":"Ako sa \u017eije Slov\u00e1kom na Novom Z\u00e9lande? Gabriela op\u00edsala \u017eivot, pr\u00e1cu aj ceny na opa\u010dnom konci sveta &#8211; Dom\u00e1ce &#8211; Spr\u00e1vy"},"content":{"rendered":"<p>Video<br \/>\nRebr\u00ed\u010dek: Kam sa turisti najviac vracaj\u00fa? Jednotka pritiahne znovu a\u017e 90 %, Vietnam sta\u010d\u00ed raz<\/p>\n<p>\nZdroj:<br \/>\nPixabay<br \/>\nPexels\n<\/p>\n<p>V 19 rokoch si sa vybrala za pr\u00e1cou do \u0160vaj\u010diarska. Str\u00e1vila si tam \u0161tyri roky. Pre\u010do po \u0160vaj\u010diarsku nasledoval pr\u00e1ve Nov\u00fd Z\u00e9land na opa\u010dnom konci sveta?<\/p>\n<p>U\u017e po tom \u0161tvrtom roku vo \u0160vaj\u010diarsku som uva\u017eovala, \u017ee by som chcela \u00eds\u0165 niekam inam. Zva\u017eovala som aj eur\u00f3pske krajiny, ale viac ma l\u00e1kala mo\u017enos\u0165 vyu\u017ei\u0165 niektor\u00e9 z working holiday v\u00edz, preto\u017ee v\u00e4\u010d\u0161inou platia iba do 30 alebo 35 rokov.<\/p>\n<p>Vo \u0160vaj\u010diarsku som mala \u0161\u00e9fku, ktor\u00e1 na Novom Z\u00e9lande \u017eila dva roky, tak\u017ee mi o \u0148om ve\u013ea rozpr\u00e1vala, hovorila mi mnoho pr\u00edbehov, za\u017eila tam kr\u00e1sne veci a priznala sa, \u017ee jej aj ch\u00fdba. V\u010faka tomu sa mi Nov\u00fd Z\u00e9land vryl do pam\u00e4ti.<\/p>\n<p>Ke\u010f som za\u010dala tvori\u0165 na Instagrame obsah o \u0160vaj\u010diarsku, nap\u00edsal mi jeden chalan \u2013 Slov\u00e1k, ktor\u00fd pr\u00e1ve v tom \u010dase bol na Novom Z\u00e9lande a rozm\u00fd\u0161\u013eal nad t\u00fdm, \u017ee by i\u0161iel do \u0160vaj\u010diarska, no a ja som to mala naopak. Zavolali sme si na Instagrame a vymenili si navz\u00e1jom inform\u00e1cie o t\u00fdchto dvoch krajin\u00e1ch. Rozhodla som sa teda, \u017ee si po\u017eiadam o v\u00edza a p\u00f4jdeme to vysk\u00fa\u0161a\u0165 aj spolu s priate\u013eom.<\/p>\n<p>\u010co treba urobi\u0165 pre z\u00edskanie t\u00fdchto konkr\u00e9tnych v\u00edz? Ako to funguje? Hovorila si o tom na Instagrame, \u017ee pre Slov\u00e1kov je ro\u010dne dostupn\u00fdch iba 100.<\/p>\n<p>\u00c1no. Po\u017eiada\u0165 o ne sa d\u00e1 v\u017edy v m\u00e1ji, ke\u010f ich spr\u00edstupnia. My sme pod\u00e1vali \u017eiados\u0165 1. m\u00e1ja o polnoci minul\u00fd rok. Tento rok to bolo tu\u0161\u00edm 4. m\u00e1ja o polnoci. Treba si to v\u017edy skontrolova\u0165 pred t\u00fdm, ako chcete o tieto v\u00edza po\u017eiada\u0165, a zisti\u0165, v ktor\u00fd de\u0148 to presne bude.<\/p>\n<p>\u010cesi maj\u00fa napr\u00edklad dostupn\u00fdch a\u017e 1 200 v\u00edz, \u010do je v\u00fdrazn\u00fd rozdiel. Miesta sa m\u00ed\u0148aj\u00fa naozaj extr\u00e9mne r\u00fdchlo, pokojne aj do 15 min\u00fat m\u00f4\u017eu by\u0165 v\u0161etky v\u00edza obsaden\u00e9.<\/p>\n<p>My sme preto spravili nasledovn\u00fa vec, ako n\u00e1m poradil chalan, s ktor\u00fdm som volala oh\u013eadom Nov\u00e9ho Z\u00e9landu. Na str\u00e1nke imigra\u010dn\u00e9ho \u00faradu Nov\u00e9ho Z\u00e9landu si viete pozrie\u0165 a otvori\u0165 dostupn\u00e9 v\u00edza \u010di formul\u00e1re do in\u00fdch kraj\u00edn.<\/p>\n<p><img decoding=\"async\" loading=\"lazy\" src=\"https:\/\/www.europesays.com\/sk\/wp-content\/uploads\/2026\/09\/gabriela-zije-a-pracuje-na-novom-zelande.jpg\" alt=\"Gabriela \u017eije a pracuje na Novom Z\u00e9lande\"\/><\/p>\n<p>Foto:<br \/>\nGabriela\/Instagram<\/p>\n<p>Gabriela \u017eije a pracuje na Novom Z\u00e9lande<\/p>\n<p>Otvorili sme si takto \u010desk\u00e9 v\u00edza a pozreli formul\u00e1r, aby sme vedeli, \u010do od n\u00e1s bud\u00fa po\u017eadova\u0165. Je dobr\u00e9 si pozrie\u0165 dan\u00e9 ot\u00e1zky a pripravi\u0165 si v\u0161etko vopred.<\/p>\n<p>V\u010faka tomu, ke\u010f sa otvorili prihl\u00e1\u0161ky na v\u00edza pre Slovensko, sme mali v\u0161etko predpripraven\u00e9, vedeli sme, \u010do n\u00e1s \u010dak\u00e1, a mohli sme to r\u00fdchlo vyplni\u0165. N\u00e1sledne treba za v\u00edza \u010do najr\u00fdchlej\u0161ie zaplati\u0165 a potom v\u00e1m do p\u00e1r dn\u00ed pr\u00edde odpove\u010f, \u010di ich m\u00e1te, alebo nie. Poplatok je 400 eur a pokia\u013e v\u00e1m ich z nejak\u00e9ho d\u00f4vodu nepotvrdia, ak ste napr\u00edklad nesp\u013a\u0148ali nejak\u00fa podmienku, tak v\u00e1m ho nevr\u00e1tia.<\/p>\n<p>Jednou z podmienok je aj to, aby ste mali so sebou tu\u0161\u00edm aspo\u0148 4 000 novoz\u00e9landsk\u00fdch dol\u00e1rov. Toto v\u0161ak nijako nekontroluj\u00fa. Teoreticky by to mohli kontrolova\u0165, ke\u010f prilet\u00edte do krajiny, ale to sa tie\u017e nest\u00e1va. Samozrejme, je fajn a potrebn\u00e9 ma\u0165 pri sebe nejak\u00e9 peniaze.<\/p>\n<p>Taktie\u017e potrebujete by\u0165 poisten\u00ed cel\u00fdch 12 mesiacov a potrebujete medzin\u00e1rodn\u00fd vodi\u010dsk\u00fd preukaz, preto\u017ee auto na Novom Z\u00e9lande je priam a\u017e nutnos\u0165, ned\u00e1 sa tu pres\u00fava\u0165 vlakmi alebo autobusmi, ako sme zvyknut\u00ed na Slovensku.<\/p>\n<p>Pre\u010do je tam auto nutnos\u0165ou?<\/p>\n<p>V mest\u00e1ch maj\u00fa MHD, ale nefunguje to tak ako u n\u00e1s vo v\u00e4\u010d\u0161\u00edch mest\u00e1ch, \u017ee autobus chod\u00ed pribli\u017ene ka\u017ed\u00fdch p\u00e4\u0165 min\u00fat. Tu sk\u00f4r ide v meste raz za dve hodiny nejak\u00fd autobus, o presune medzi mestami ani nehovor\u00edm.<\/p>\n<p>Ke\u010f\u017ee je tu v\u0161etko od seba navz\u00e1jom tak \u010faleko, ostrovy s\u00fa ve\u013ek\u00e9 a nie tak husto ob\u00fdvan\u00e9, verejn\u00e1 doprava medzi mestami by asi nebola \u00faplne vyu\u017eit\u00e1. Nebolo by to asi \u00faplne praktick\u00e9 pre krajinu, tak\u017ee najlep\u0161ie je pres\u00fava\u0165 sa vlastn\u00fdmi autami.<\/p>\n<p><img decoding=\"async\" loading=\"lazy\" src=\"https:\/\/www.europesays.com\/sk\/wp-content\/uploads\/2026\/09\/novy-zeland-cestovanie.jpg\" alt=\"Cestova\u0165 bez auta sa na Novom Z\u00e9lande ned\u00e1\"\/><\/p>\n<p>Foto:<br \/>\nInstagram\/Gabriela<\/p>\n<p>Cestova\u0165 bez auta sa na Novom Z\u00e9lande ned\u00e1<\/p>\n<p>E\u0161te pred t\u00fdm, ne\u017e ste pri\u0161li na Nov\u00fd Z\u00e9land, ste nieko\u013eko mesiacov cestovali \u2013 najm\u00e4 po \u00c1zii. M\u00f4\u017ee\u0161 n\u00e1m poveda\u0165 viac aj o tomto medziobdob\u00ed?<\/p>\n<p>Pribli\u017ene do konca minul\u00e9ho roka sme boli vo \u0160vaj\u010diarsku a v janu\u00e1ri sme vyrazili na cesty. Pl\u00e1novali sme, \u017ee budeme cestova\u0165 tri mesiace po \u00c1zii, ale nechceli sme ju len r\u00fdchlo prebehn\u00fa\u0165. Sk\u00f4r sme si chceli ka\u017ed\u00fa krajinu trochu u\u017ei\u0165, naozaj sa tam zab\u00fdva\u0165 na chv\u00ed\u013eu. Boli sme viac ako dva t\u00fd\u017edne na Sr\u00ed Lanke, pre\u0161li sme asi pol ostrova. Potom sme zakotvili v Thajsku, od Bangkoku sme pre\u0161li ozaj tak\u00fdm backpackersk\u00fdm \u0161t\u00fdlom (cestovanie len s ruksakom na chrbte, pozn. red.) a\u017e \u00faplne na juh k mestu Krabi.<\/p>\n<p>Pozreli sme sa aj na Filip\u00edny, ale tam sme u\u017e potom trochu zleniveli, lebo sme sa usadili na jednom ostrov\u010deku, kde sa n\u00e1m ve\u013emi p\u00e1\u010dilo, tak sme tam ostali nakoniec asi tri t\u00fd\u017edne. Spolo\u010dnos\u0165 n\u00e1m robili miestni a bolo tam hrozne fajn, tak\u017ee u\u017e sa n\u00e1m ani ve\u013emi nechcelo cestova\u0165 \u010falej. Na jeden de\u0148 sme sa zastavili aj v Singapure a potom sme sa presunuli do Austr\u00e1lie, kde sme boli asi 2,5 t\u00fd\u017ed\u0148a na roadtripe (s\u00favisl\u00e1 cesta autom alebo karavanom s viacer\u00fdmi zast\u00e1vkami, pozn. red.).<\/p>\n<p>Kde sa ti p\u00e1\u010dilo najviac?<\/p>\n<p>Ke\u010f\u017ee som bola teraz prv\u00fd raz v \u00c1zii, tak to bol pre m\u0148a trochu aj kult\u00farny \u0161ok. Ka\u017ed\u00e1 krajina bola svoj\u00edm sp\u00f4sobom in\u00e1. Na konci na\u0161ej cesty som uznala, \u017ee mi \u00faplne neprir\u00e1stla k srdcu. Keby som si teraz mala vybra\u0165, \u010di sa chcem znova vr\u00e1ti\u0165 napr\u00edklad sp\u00e4\u0165 do \u0161vaj\u010diarskych alebo n\u00f3rskych h\u00f4r, alebo do \u00c1zie, tak by som sk\u00f4r volila hory. Aj ke\u010f bolo v\u0161etko pekn\u00e9 a u\u017eili sme si to, najviac ma po\u010das na\u0161ej asi \u0161tvormesa\u010dnej cesty o\u010darila Austr\u00e1lia.<\/p>\n<p>Mali ste vybaven\u00fa pr\u00e1cu e\u0161te pred pr\u00edchodom na Nov\u00fd Z\u00e9land, alebo ste ju h\u013eadali a\u017e na mieste?<\/p>\n<p>My sme h\u013eadali pr\u00e1cu, a\u017e ke\u010f sme sem dorazili. Respekt\u00edve, za\u010dali sme v Austr\u00e1lii, \u010di\u017ee p\u00e1r dn\u00ed predt\u00fdm, ako sme sem mali dorazi\u0165. Najprv sme h\u013eadali pr\u00e1cu na zimn\u00fa sez\u00f3nu, chceli sme pracova\u0165 v hoteli alebo v re\u0161taur\u00e1cii, aby sme to mali aj s ubytovan\u00edm.<\/p>\n<p>Aj sa n\u00e1m podarilo n\u00e1js\u0165, len ke\u010f sme sem pri\u0161li, hne\u010f sa n\u00e1m tu zap\u00e1\u010dilo a povedali sme si, \u017ee chceme e\u0161te tro\u0161ku cestova\u0165, tak\u017ee sme ponuky, ktor\u00e9 sme mali, zru\u0161ili. Potom sme tri t\u00fd\u017edne pracovali v sade, kde sme zbierali ovocie, to sme n\u00e1hodne dostali kontakt na tak\u00fato pr\u00e1cu.<\/p>\n<p>No ke\u010f u\u017e sme fakt potrebovali pr\u00e1cu na zimn\u00fa sez\u00f3nu, tak to h\u013eadanie u\u017e bolo tro\u0161ku \u0165a\u017e\u0161ie. Usadili sme sa preto v jednom meste a h\u013eadali pr\u00e1cu tam \u2013 posielali \u017eivotopisy, volali alebo zbehli osobne.<\/p>\n<p>Podarilo sa n\u00e1js\u0165? \u010co rob\u00edte teraz?<\/p>\n<p>Ke\u010f sme sa u\u017e usadili, tak ja som pr\u00e1cu na\u0161la asi za \u0161tyri dni a r\u00fdchlej\u0161ie ako m\u00f4j priate\u013e. Hlavn\u00fdm d\u00f4vodom, pre\u010do to trvalo dlh\u0161ie, bolo, \u017ee je tu teraz zima a my b\u00fdvame v oby\u010dajnom men\u0161om meste, nie sme v nejakej turistickej lokalite.<\/p>\n<p>Moment\u00e1lne nem\u00e1me sez\u00f3nnu pr\u00e1cu, ale klasicky \u017eijeme a pracujeme ako miestni ob\u010dania. Ja rob\u00edm v re\u0161taur\u00e1cii a m\u00f4j priate\u013e pracuje na stavbe.<\/p>\n<p>Av\u0161ak u\u017e h\u013ead\u00e1me nie\u010do in\u00e9 na leto, vtedy je tej pr\u00e1ce ove\u013ea viac. Poslali sme ned\u00e1vno u\u017e asi 20 \u017eivotopisov a mali sme \u0161es\u0165 pohovorov, tak\u017ee extr\u00e9mne r\u00fdchlo sme dostali odpove\u010f.<\/p>\n<p>A ak\u00ed s\u00fa miestni? V poriadku v\u00e1s prijali, ke\u010f\u017ee ide o men\u0161ie mesto, men\u0161iu komunitu?<\/p>\n<p>Samozrejme, oni s\u00fa stra\u0161ne super a otvoren\u00ed aj vo\u010di backpackerom. Asi s\u00fa aj na to zvyknut\u00ed, preto\u017ee sem chod\u00ed ve\u013emi ve\u013ea \u013eud\u00ed z r\u00f4znych kraj\u00edn sveta. Work and holiday program je tu naozaj popul\u00e1rny. Ke\u010f aj po\u010duj\u00fa, \u017ee m\u00e1te nejak\u00fd in\u00fd pr\u00edzvuk, tak sa v\u00e1s vypytuj\u00fa, odkia\u013e ste, zauj\u00edmaj\u00fa sa a radi sa s vami porozpr\u00e1vaj\u00fa. S\u00fa to naozaj mil\u00ed a pr\u00edjemn\u00ed \u013eudia.<\/p>\n<p>Mohla by si n\u00e1m prezradi\u0165, ko\u013eko zar\u00e1bate? Ak by si to porovnala so \u0160vaj\u010diarskom, je to viac, menej alebo pribli\u017ene rovnako?<\/p>\n<p>Nov\u00fd Z\u00e9land nie je o peniazoch, nezar\u00e1ba sa tu nejako ve\u013emi ve\u013ea. Ja by som prirovnala mo\u017eno novoz\u00e9landsk\u00e9 platy k rak\u00faskym. Vzh\u013eadom na to, \u017ee sem mus\u00edte e\u0161te mera\u0165 dlh\u00fa cestu a cestovanie je drah\u0161ie, tak si nejako extra nena\u0161etr\u00edte. Pr\u00e1ve to ve\u013ea \u013eud\u00ed odrad\u00ed alebo sa oto\u010dia, ke\u010f sem pr\u00eddu, preto\u017ee si uvedomia, \u017ee tie z\u00e1robky nie s\u00fa tak\u00e9 vysok\u00e9.<\/p>\n<p>T\u00fd\u017edenne dostaneme asi 1 000 novoz\u00e9landsk\u00fdch dol\u00e1rov \u2013 500 eur po prepo\u010dte, \u010di\u017ee okolo 2 000 eur mesa\u010dne (4 000 dol\u00e1rov). Samozrejme, niektor\u00e9 veci tu s\u00fa drah\u0161ie ako u n\u00e1s na Slovensku, ale zase o nie\u010do lacnej\u0161ie ako vo \u0160vaj\u010diarsku, ale tie z\u00e1robky s\u00fa naozaj o polovicu alebo mo\u017eno aj viac ako o polovicu men\u0161ie oproti \u0161vaj\u010diarskym. Minim\u00e1lna mzda pre backpackera je tu\u0161\u00edm 12 eur na hodinu. Z\u00e1vis\u00ed aj od toho, o ak\u00fa poz\u00edciu ide a kde. V gastre platia okolo 13 eur na hodinu a podobne. Na stavb\u00e1ch potom u\u017e 15 eur a viac.<\/p>\n<p>V lete chceme pracova\u0165 na Ju\u017enom ostrove. H\u013eadali sme pr\u00e1cu v od\u013eahlej\u0161\u00edch lokalit\u00e1ch, aby sme mali zabezpe\u010den\u00e9 aj ubytovanie a stravu od zamestn\u00e1vate\u013ea, \u010do v\u00fdrazne pom\u00f4\u017ee. Aj platy bud\u00fa lep\u0161ie ako teraz.<\/p>\n<p>Ko\u013eko \u0165a\/v\u00e1s stoja mesa\u010dne z\u00e1kladn\u00e9 veci ako ubytovanie, strava \u010di auto?<\/p>\n<p>Tu sa v\u0161etko po\u010d\u00edta t\u00fd\u017edenne, ke\u010f\u017ee aj v\u00fdplata chod\u00ed t\u00fd\u017edenne, tak aj ubytovanie plat\u00edme t\u00fd\u017edenne. Ja plat\u00edm v prepo\u010dte 70 eur t\u00fd\u017edenne, tak\u017ee 280 eur mesa\u010dne. Strava n\u00e1s vyjde mo\u017eno nejak\u00fdch 300 eur na osobu mesa\u010dne.<\/p>\n<p>Benz\u00edn tu stoj\u00ed podobne ako na Slovensku. My m\u00e1me auto s ve\u013ekou spotrebou, tak\u017ee na\u0161e auto papk\u00e1 hodne.<\/p>\n<p>Ke\u010f odhliadneme od pr\u00e1ce, \u010do sa ti na krajine a prostred\u00ed najviac zap\u00e1\u010dilo a \u010do \u0165a, naopak, nepr\u00edjemne prekvapilo?<\/p>\n<p>V dobrom ma ur\u010dite prekvapilo, ako som u\u017e hovorila, ak\u00ed s\u00fa tu fakt pr\u00edjemn\u00ed a n\u00e1pomocn\u00ed \u013eudia. To je tu \u00faplne in\u00fd svet. Ke\u010f sme sem pri\u0161li, tak sme kupovali auto od p\u00e1na, ktor\u00fd s rodinou \u017eije na ostrove. Vyrozpr\u00e1vali sme mu n\u00e1\u0161 pr\u00edbeh, ako a pre\u010do sme sem pri\u0161li, tak n\u00e1m povedal, \u017ee oni n\u00e1m zabezpe\u010dia s rodinou norm\u00e1lne l\u00edstok na trajekt, pr\u00eddu n\u00e1s po\u010dka\u0165 a m\u00f4\u017eeme pokojne u nich aj prespa\u0165, aby sme sa nemuseli trepa\u0165 hne\u010f sp\u00e4\u0165. Nakoniec sme u nich prespali, pokecali sme ve\u010der, pomohli n\u00e1m a dali nejak\u00e9 u\u017eito\u010dn\u00e9 rady oh\u013eadom Nov\u00e9ho Z\u00e9landu.<\/p>\n<p>Rovnako n\u00e1pomocn\u00e1 a extr\u00e9mne mil\u00e1 bola aj pani, \u010do n\u00e1m prenaj\u00edmala Airbnb izbu, v ktorej sme b\u00fdvali prv\u00e9 noci, ako sme dorazili na Nov\u00fd Z\u00e9land. V\u017edy sa n\u00e1s p\u00fdtala, \u010di nepotrebujeme nie\u010do zo supermarketu alebo \u010di nem\u00e1 \u00eds\u0165 s nami. Raz sme boli sami pe\u0161o, rozpr\u0161alo sa a v tom momente mi cinkla od nej spr\u00e1va, \u010di nem\u00e1 pr\u00eds\u0165 po n\u00e1s.<\/p>\n<p>Samozrejme, rovnako ako s\u00fa tu aj dobr\u00ed \u013eudia, tak s\u00fa tu aj zl\u00ed. S\u00fa tu ist\u00e9 probl\u00e9my sem-tam v niektor\u00fdch mest\u00e1ch s kriminalitou. Napr\u00edklad vykradnut\u00e9 aut\u00e1, rozbit\u00e9 okn\u00e1 na aute, podp\u00e1len\u00e9 aut\u00e1 a podobne. Nie je to vo ve\u013ekom, ale prekvapilo ma to.<\/p>\n<p><img decoding=\"async\" loading=\"lazy\" src=\"https:\/\/www.europesays.com\/sk\/wp-content\/uploads\/2026\/09\/mM.jpeg\" alt=\"Fascinuj\u00faca pr\u00edroda Nov\u00e9ho Z\u00e9landu\"\/><\/p>\n<p>Foto:<br \/>\nGabriela\/Instagram<\/p>\n<p>Fascinuj\u00faca pr\u00edroda Nov\u00e9ho Z\u00e9landu<\/p>\n<p>U\u017e ste na Novom Z\u00e9lande p\u00e1r mesiacov. \u010co ste stihli zatia\u013e pozrie\u0165?<\/p>\n<p>Na Nov\u00fd Z\u00e9land sme v podstate pri\u0161li na konci jesene, tak\u017ee sa u\u017e ochladzovalo a nebolo tu v\u0161etko tak\u00e9 pekn\u00e9 a farebn\u00e9, no chceli sme to e\u0161te vyu\u017ei\u0165 a vyrazili sme na roadtrip. Pozreli sme p\u00e1r miest, ale \u017eeby sme videli nejak\u00e9 kr\u00e1sne miesta, ktor\u00e9 sme si napl\u00e1novali, to nem\u00f4\u017eem poveda\u0165. Teraz, ke\u010f je zima, tak sa ve\u013emi ani neoplat\u00ed niekam chodi\u0165, preto\u017ee krajina nie je tak\u00e1 pekn\u00e1 ako v lete alebo na jar, ke\u010f je to v\u0161etko farebnej\u0161ie.<\/p>\n<p>A \u010do m\u00e1te teda na pl\u00e1ne?<\/p>\n<p>Na Ju\u017enom ostrove by som ur\u010dite chcela vidie\u0165 Milford Sound \u2013 fjord. Okolie Queenstownu, tam vlastne m\u00e1me pracovn\u00fa ponuku, tak\u017ee to je n\u00e1\u0161 cie\u013e, dosta\u0165 sa tam. Je tam naozaj kr\u00e1sna, dramatick\u00e1 pr\u00edroda, hory a ja som ve\u013ek\u00fd milovn\u00edk h\u00f4r, tak\u017ee sa tam ve\u013emi te\u0161\u00edm. Nach\u00e1dza sa tam aj zn\u00e1ma pl\u00e1\u017e Wharariki Beach, ktor\u00e1 bola kedysi vo Windows tapet\u00e1ch, to chceme tie\u017e vidie\u0165. Ur\u010dite by sme chceli vidie\u0165 aj nejak\u00e9 \u017eivo\u010d\u00edchy, ako delf\u00edny, tulene a tu\u010dniaky, d\u00fafam, \u017ee sa n\u00e1m to podar\u00ed.<\/p>\n<p>Na Severnom ostrove nie s\u00fa takmer \u017eiadne hory, sk\u00f4r je tu rovinka a pastviny, ale s\u00fa tu zas pekn\u00e9 pl\u00e1\u017ee a sopky.<\/p>\n<p>Ke\u010f si nadhodila \u017eivo\u010d\u00edchov, Austr\u00e1lia je zn\u00e1ma svojou divokou faunou a t\u00fdm, \u017ee si \u013eudia n\u00e1jdu v dome obrovsk\u00e9ho pav\u00faka \u010di na z\u00e1hrade kenguru. M\u00e1te aj vy nejak\u00e9 podobn\u00e9 z\u00e1\u017eitky? Ako to je na Novom Z\u00e9lande?<\/p>\n<p>V Austr\u00e1lii sme nevideli ani jedn\u00e9ho pav\u00faka, mali sme \u0161\u0165astie. Raz som tam skoro st\u00fapila na hada, ke\u010f sme i\u0161li z pl\u00e1\u017ee, ale len skoro. No a v jednom kempe, v ktorom sme boli, bolo upozornenie, \u017ee tam \u017eije s nimi obrovit\u00e1nsky ja\u0161ter, tak\u017ee sme si mali d\u00e1va\u0165 pozor, aby na n\u00e1s niekde nevysko\u010dil.<\/p>\n<p>No a kengury boli v\u0161ade. Fakt, \u017ee na ka\u017edom rohu. Idete po ceste v aute a pozriete sa z okna a tam proste skupinka keng\u00far. Na Novom Z\u00e9lande kengury ani ve\u013ek\u00e9 pav\u00faky a hady ne\u017eij\u00fa.<\/p>\n<p>Na z\u00e1ver ot\u00e1zka, ktor\u00e1 bola tvoj\u00edm za\u010diatkom. \u010co bolo vtedy t\u00fdm hlavn\u00fdm impulzom, \u017ee si sa ako dev\u00e4tn\u00e1s\u0165ro\u010dn\u00e1 rozhodla od\u00eds\u0165 do zahrani\u010dia, a ako dnes po nieko\u013ek\u00fdch rokoch tento krok hodnot\u00ed\u0161?<\/p>\n<p>Ja si mysl\u00edm, \u017ee ke\u010f som i\u0161la prv\u00fd raz do zahrani\u010dia, tak mojou ve\u013ekou motiv\u00e1ciou boli asi aj peniaze. Hlavne vo \u0160vaj\u010diarsku, ke\u010f som si sk\u00fasila brig\u00e1du a hne\u010f tam dostanete ve\u013ek\u00fa v\u00fdplatu, tak u\u017e po\u010d\u00edtate, \u017ee ak by ste tu boli to\u013eko a to\u013eko mesiacov, tak by ste mali to\u013eko a to\u013eko pe\u0148az\u00ed.<\/p>\n<p>Ale \u010dasom, ako som tam \u017eila p\u00e1r rokov, som si uvedomila, \u017ee mojou najv\u00e4\u010d\u0161ou motiv\u00e1ciou je asi cestovanie. Na\u0161la som si k tomu vz\u0165ah a mo\u017eno aj to ma zaviedlo na Nov\u00fd Z\u00e9land. Vlastne som si povedala, \u017ee nevad\u00ed, \u017ee nebudem zar\u00e1ba\u0165 a\u017e to\u013eko ve\u013ea pe\u0148az\u00ed, ale chcem vidie\u0165 svet.<\/p>\n<p>Z\u00e1rove\u0148 si neviem predstavi\u0165 vr\u00e1ti\u0165 sa na Slovensko. Mysl\u00edm si ale, \u017ee ka\u017ed\u00fd \u010dlovek, ktor\u00fd pracuje a \u017eije v zahrani\u010d\u00ed, za\u017e\u00edva momenty nostalgie alebo mu ch\u00fdba domov. \u010casto m\u00e1vam tak\u00fd pocit, \u017ee, bo\u017ee, ak\u00e9 by bolo super by\u0165 teraz doma, hlavne ke\u010f mi pr\u00eddu fotky od rodiny \u010di kamar\u00e1tov a chcela by som by\u0165 v tom momente s nimi.<\/p>\n<p>Ale precestovala som u\u017e toho to\u013eko ve\u013ea a tak dlho u\u017e cestujem a \u017eijem od domova, \u017ee si moment\u00e1lne neviem predstavi\u0165 \u017ei\u0165 na Slovensku. Sk\u00f4r m\u00e1m \u010fal\u0161ie pl\u00e1ny, kam by som e\u0161te po Novom Z\u00e9lande chcela \u00eds\u0165.<\/p>\n<p>Rada by som vyu\u017eila e\u0161te niektor\u00e9 working holiday v\u00edza, ale neviem presne poveda\u0165, ktor\u00e9. V Eur\u00f3pe by som ur\u010dite chcela \u00eds\u0165 e\u0161te pracova\u0165 na Island a do N\u00f3rska. Z t\u00fdch slne\u010dnej\u0161\u00edch kraj\u00edn mo\u017eno \u0160panielsko a Gr\u00e9cko.<\/p>\n<p>Uvid\u00edme, mo\u017eno o p\u00e1r rokov, ke\u010f u\u017e si v\u0161etky svoje cestovate\u013esk\u00e9 sny spln\u00edm, tak ma to zavedie sp\u00e4\u0165 domov.<\/p>\n<p>\u00a9 Autorsk\u00e9 pr\u00e1va vyhraden\u00e9<\/p>\n<p><a href=\"https:\/\/debata.pravda.sk\/debata\/2035743-ako-sa-zije-slovakom-na-novom-zelande-gabriela-opisala-zivot-pracu-aj-ceny-na-opacnom-konci-sveta\/\" class=\"detail_text_socials_item debata debata-count-decorator\" data-count=\"1\" rel=\"nofollow noopener\" target=\"_blank\"><\/p>\n<p>debata<\/p>\n<p><\/a><\/p>\n<p><a href=\"https:\/\/www.pravda.sk\/mreporter\" class=\"detail_text_socials_item hide\" id=\"mreporter-button\" rel=\"nofollow noopener\" target=\"_blank\"><\/p>\n<p>mReport\u00e9r<\/p>\n<p><\/a><\/p>\n<p><img decoding=\"async\" src=\"https:\/\/ipravda.sk\/res\/www\/sorry.svg\" alt=\"\u013dutujeme\" height=\"75\"\/><\/p>\n<p>V\u00e1\u017een\u00ed \u010ditatelia, pod t\u00fdmto \u010dl\u00e1nkom sme diskusiu zastavili<\/p>\n<p>\nPrevl\u00e1dali v nej pr\u00edspevky, ktor\u00e9 boli v rozpore s pravidlami debaty aj dobr\u00fdmi mravmi. Cel\u00fa debatu sme<br \/>\nvymazali, autorom v\u0161etk\u00fdch slu\u0161n\u00fdch pr\u00edspevkov sa ospravedl\u0148ujeme.\n<\/p>\n<p>\n\u010eakujeme za pochopenie a te\u0161\u00edme sa na slu\u0161n\u00e9 debaty pod in\u00fdmi \u010dl\u00e1nkami.\n<\/p>\n<p>Rozumiem<\/p>\n","protected":false},"excerpt":{"rendered":"Video Rebr\u00ed\u010dek: Kam sa turisti najviac vracaj\u00fa? Jednotka pritiahne znovu a\u017e 90 %, Vietnam sta\u010d\u00ed raz Zdroj: Pixabay&hellip;\n","protected":false},"author":2,"featured_media":171736,"comment_status":"","ping_status":"","sticky":false,"template":"","format":"standard","meta":{"footnotes":"","_share_on_mastodon":"0"},"categories":[8],"tags":[33,43,40,42,36,50,49,48],"class_list":["post-171735","post","type-post","status-publish","format-standard","has-post-thumbnail","category-svet","tag-news","tag-sk","tag-slovak","tag-slovencina","tag-spravy","tag-svet","tag-world","tag-world-news"],"share_on_mastodon":{"url":"https:\/\/pubeurope.com\/@sk\/117222644798865414","error":""},"_links":{"self":[{"href":"https:\/\/www.europesays.com\/sk\/wp-json\/wp\/v2\/posts\/171735","targetHints":{"allow":["GET"]}}],"collection":[{"href":"https:\/\/www.europesays.com\/sk\/wp-json\/wp\/v2\/posts"}],"about":[{"href":"https:\/\/www.europesays.com\/sk\/wp-json\/wp\/v2\/types\/post"}],"author":[{"embeddable":true,"href":"https:\/\/www.europesays.com\/sk\/wp-json\/wp\/v2\/users\/2"}],"replies":[{"embeddable":true,"href":"https:\/\/www.europesays.com\/sk\/wp-json\/wp\/v2\/comments?post=171735"}],"version-history":[{"count":0,"href":"https:\/\/www.europesays.com\/sk\/wp-json\/wp\/v2\/posts\/171735\/revisions"}],"wp:featuredmedia":[{"embeddable":true,"href":"https:\/\/www.europesays.com\/sk\/wp-json\/wp\/v2\/media\/171736"}],"wp:attachment":[{"href":"https:\/\/www.europesays.com\/sk\/wp-json\/wp\/v2\/media?parent=171735"}],"wp:term":[{"taxonomy":"category","embeddable":true,"href":"https:\/\/www.europesays.com\/sk\/wp-json\/wp\/v2\/categories?post=171735"},{"taxonomy":"post_tag","embeddable":true,"href":"https:\/\/www.europesays.com\/sk\/wp-json\/wp\/v2\/tags?post=171735"}],"curies":[{"name":"wp","href":"https:\/\/api.w.org\/{rel}","templated":true}]}}