{"id":171775,"date":"2026-09-06T07:28:09","date_gmt":"2026-09-06T07:28:09","guid":{"rendered":"https:\/\/www.europesays.com\/sk\/171775\/"},"modified":"2026-09-06T07:28:09","modified_gmt":"2026-09-06T07:28:09","slug":"kratko-po-svadbe-podstupil-vazektomiu-znama-manzelka-mu-dakuje-za-najkrajsi-dar-oslavujem-ze-nebudem-mat-deti","status":"publish","type":"post","link":"https:\/\/www.europesays.com\/sk\/171775\/","title":{"rendered":"Kr\u00e1tko po svadbe podst\u00fapil vazekt\u00f3miu, zn\u00e1ma man\u017eelka mu \u010fakuje za najkraj\u0161\u00ed dar &#8211; oslavujem, \u017ee nebudem ma\u0165 deti&#8230;"},"content":{"rendered":"<p>Zn\u00e1ma hudobn\u00ed\u010dka prekvapila svojim rozhodnut\u00edm. S man\u017eelom sa rozhodli, \u017ee nechc\u00fa ma\u0165 deti. Tak si to poistili&#8230;<\/p>\n<p>Nechce by\u0165 mamou<\/p>\n<p class=\"paragraph-object\" data-v-4f2dba78=\"\">Pozn\u00e1me ju najm\u00e4 ako talentovan\u00fa hudobn\u00ed\u010dku. \u010cesk\u00e1 violon\u010delistka Terezie Kovalov\u00e1 (36) v\u0161ak nie je len <a href=\"https:\/\/najmama.aktuality.sk\/clanok\/W1GjF4D\/otvorene-hovoria-o-tom-co-prezivaju-tieto-zname-mamy-verejne-podporuju-dojcenie-a-casto-buraju-myty\/\" id=\"95d55e26-235e-4ce4-8ee4-f4276d121630\" rel=\"nofollow noopener\" target=\"_blank\">muzikantka<\/a>, ale aj modelka.<\/p>\n<p class=\"paragraph-object\" data-v-4f2dba78=\"\">Po tom, ako sa minul\u00fd rok na jese\u0148 vydala za b\u00e1snika V\u00edt\u011bzslava Be\u010dku (31), by asi ka\u017ed\u00fd o\u010dak\u00e1val celkom in\u00fd v\u00fdvoj. Pre v\u00e4\u010d\u0161inu p\u00e1rov toti\u017e logicky nasleduje rodi\u010dovsk\u00e1 rola. No hudobn\u00ed\u010dka a jej mu\u017e id\u00fa celkom proti pr\u00fadu.<\/p>\n<p class=\"paragraph-object\" data-v-4f2dba78=\"\">Obaja sa toti\u017e rozhodli, \u017ee nechc\u00fa ma\u0165 deti. A toto rozhodnutie si aj poistili. Zodpovednos\u0165 do vlastn\u00fdch r\u00fak vzal pr\u00e1ve V\u00ed\u0165o, ktor\u00fd dobrovo\u013ene podst\u00fapil mu\u017esk\u00fa steriliz\u00e1ciu, ktorou je <a href=\"https:\/\/najmama.aktuality.sk\/clanok\/gQz3If9\/mam-za-sebou-vazektomiu-manzel-oblubenej-herecky-otvorene-priznal-ze-podstupil-tento-zakrok-ktore-dalsie-zname-osobnosti-ho-priznali-tiez\/\" id=\"6348dcf9-7b78-43d5-b234-d4a1dd959a69\" rel=\"nofollow noopener\" target=\"_blank\">vazekt\u00f3mia<\/a>.<\/p>\n<p class=\"paragraph-object\" data-v-4f2dba78=\"\">V \u010dl\u00e1nku sa do\u010d\u00edtate:<\/p>\n<p>\u010do povedala o tomto svojom rozhodnut\u00ed,ak\u00fd je postoj jej mu\u017ea,viac inform\u00e1ci\u00ed o s\u00fakrom\u00ed hudobn\u00ed\u010dky,\u010do je to vazekt\u00f3mia a \u010do so sebou nesie<\/p>\n<p class=\"paragraph-object\" data-v-4f2dba78=\"\">\u201eM\u00f4j man\u017eel m\u00e1 \u010derstvo po vazekt\u00f3mii a ja oslavujem, \u017ee nebudem ma\u0165 deti a prv\u00fdkr\u00e1t v \u017eivote nebudem stopercentne na \u017eiadnej antikoncepcii,\u201c priznala v podcaste <a href=\"https:\/\/restart-zeny.cz\/\" id=\"a0b0445a-4e69-448c-8fd2-a945d60a66ab\" rel=\"nofollow noopener\" target=\"_blank\">Restart \u017eeny<\/a>. \u201eTen mu\u017e t\u00fdmto d\u00e1va tej \u017eene absol\u00fatny dar z nebies,\u201c doplnila.<\/p>\n<p class=\"paragraph-object\" data-v-4f2dba78=\"\">\u201eVer\u00edm, \u017ee je to zodpovednos\u0165 oboch. A pri\u0161lo mi, \u017ee ke\u010f sme rozhodnut\u00ed a m\u00e1me to jasne dan\u00e9, tak pre\u010do to nevyrie\u0161i\u0165 tak\u00fdmto elegantn\u00fdm sp\u00f4sobom,\u201c vysvetlil svoje rozhodnutie Be\u010dka v inom podcaste <a href=\"https:\/\/www.youtube.com\/watch?v=rbv2Qu64OZ0&amp;list=PLajrZqiwgI9TNX4myt44a724T6TA1yXvw&amp;index=29\" id=\"5d77b688-6f7f-4f40-afef-255f10ff268c\" rel=\"nofollow noopener\" target=\"_blank\">Netabuj<\/a>.<\/p>\n<p class=\"paragraph-object\" data-v-4f2dba78=\"\">Hudobn\u00ed\u010dka, ktor\u00e1 u\u017e bola raz vydat\u00e1, je ve\u013emi priamo\u010diara, \u010do sa t\u00fdka svojich n\u00e1zorov. Otvorene hovor\u00ed o psychick\u00fdch probl\u00e9moch, vyhoren\u00ed, chronick\u00fdch bolestiach, diagn\u00f3ze neurodiverzity (ADHD, autizmus) a svojich sk\u00fasenostiach s psychoterapiou.<\/p>\n<p>Roky \u017eije s chronickou boles\u0165ou<\/p>\n<p class=\"paragraph-object\" data-v-4f2dba78=\"\">Ako d\u00e1vnej\u0161ie priznala, u\u017e viac ne\u017e 15 rokov trp\u00ed chronick\u00fdmi boles\u0165ami. Dlhoro\u010dn\u00e9 fyzick\u00e9 za\u0165a\u017eenie z hrania na violon\u010delo, neust\u00e1le vystupovanie, tlak na v\u00fdkon a ignorovanie vlastn\u00fdch hran\u00edc vy\u00fastili do stavu, kedy telo reagovalo trvalou boles\u0165ou.<\/p>\n<p class=\"paragraph-object\" data-v-4f2dba78=\"\">\u201eKa\u017ed\u00fd de\u0148 m\u00f4\u017ee by\u0165 \u00faplne in\u00fd, ko\u013ekokr\u00e1t sta\u010d\u00ed, aby sa len zmenilo po\u010dasie,\u201c op\u00edsala na soci\u00e1lnych sie\u0165ach svoju realitu: \u201eChronick\u00e1 boles\u0165 znamen\u00e1, \u017ee ka\u017ed\u00fd de\u0148, ke\u010f vstane\u0161, ke\u010f ide\u0161 spa\u0165, kedyko\u013evek ma stretne\u0161, som v bolesti. \u017de to na mne nie je vidie\u0165? Nau\u010dila som sa to skvele skr\u00fdva\u0165. Pre ostatn\u00fdch, ale aj pre seba. Kr\u00e1\u013eovn\u00e1 disoci\u00e1cie,\u201c doplnila.<\/p>\n<p class=\"paragraph-object\" data-v-4f2dba78=\"\">Ako e\u0161te dodala, bolo u\u017e to\u013eko koncertov, ktor\u00e9 si nepam\u00e4t\u00e1, preto\u017ee mala v hlave jedin\u00fa my\u0161lienku, len nech to u\u017e dohr\u00e1. \u201eKa\u017ed\u00fd de\u0148 je v mojej hlave bitka, \u010di mi to dovol\u00ed dnes sadn\u00fa\u0165 a hra\u0165,\u201c dodala. \u010ci mal tento jej stav vplyv na jej rozhodnutie nesta\u0165 sa mamou, to nie je jasn\u00e9.<\/p>\n<p>Zaru\u010den\u00fd sp\u00f4sob je vazekt\u00f3mia<\/p>\n<p class=\"paragraph-object\" data-v-4f2dba78=\"\">Ka\u017edop\u00e1dne, vazekt\u00f3mia partnera je jedn\u00fdm zo zaru\u010den\u00fdch sp\u00f4sobov, ako zabr\u00e1ni\u0165 nechcen\u00e9mu po\u010datiu.<\/p>\n<p class=\"paragraph-object\" data-v-4f2dba78=\"\">\u201eVazekt\u00f3mia je preru\u0161enie semenovodov na oboch stran\u00e1ch, ke\u010f\u017ee ide o p\u00e1rov\u00fd org\u00e1n, \u010do sp\u00f4sob\u00ed zastavenie prenosu spermi\u00ed vzniknut\u00fdch v semenn\u00edku do mo\u010dovej r\u00fary po\u010das ejakul\u00e1cie. Ide teda o trvale pr\u00edtomn\u00fa antikoncepciu, ke\u010f\u017ee ejakul\u00e1t neobsahuje spermie,\u201c vysvetlil pre <a href=\"https:\/\/najmama.aktuality.sk\/\" id=\"461d35a1-b4b5-4533-9426-e9c797d3af77\" rel=\"nofollow noopener\" target=\"_blank\">Najmama.sk<\/a> pred \u010dasom urol\u00f3g Rado K\u0148a\u017e\u00edk.<\/p>\n<p class=\"paragraph-object\" data-v-4f2dba78=\"\">A pridal aj nieko\u013eko r\u00e1d: \u201eV pr\u00edpade rozhodnutia absolvova\u0165 vazekt\u00f3miu je potrebn\u00e9 ako prv\u00e9 nav\u0161t\u00edvi\u0165 urol\u00f3ga. Je to lek\u00e1r, ktor\u00fd mu\u017ea vy\u0161etr\u00ed, preberie s n\u00edm urologick\u00fd stav. Vysvetl\u00ed, \u010do je to vazekt\u00f3mia a upozorn\u00ed ho na dva d\u00f4le\u017eit\u00e9 fakty \u2013 \u017ee ide o z\u00e1krok chirurgick\u00fd a s t\u00fdm spojen\u00e9 mo\u017en\u00e9 komplik\u00e1cie, ako pri ka\u017edom chirurgickom z\u00e1kroku a \u017ee ide o nevratn\u00fd sp\u00f4sob antikoncepcie,\u201c povedal.<\/p>\n<p class=\"paragraph-object\" data-v-4f2dba78=\"\">Ide o kr\u00e1tky z\u00e1krok, ktor\u00fd netrv\u00e1 viac ne\u017e 20 min\u00fat a vykon\u00e1va sa v lok\u00e1lnej anest\u00e9zii. Ako presne cel\u00fd proces prebieha, si pre\u010d\u00edtajte tu:<\/p>\n<p class=\"paragraph-object\" data-v-4f2dba78=\"\">Ako e\u0161te urol\u00f3g doplnil: \u201eMu\u017e, ktor\u00fd podst\u00fapil vazekt\u00f3miu, ost\u00e1va mu\u017eom aj na\u010falej. Rez na mie\u0161ku zanikne, ke\u010f\u017ee ko\u017ea mie\u0161ka je prirodzene zvr\u00e1snen\u00e1. Nepr\u00edjemn\u00e9 pocity v oblasti genit\u00e1lu, ktor\u00e9 m\u00f4\u017ee ma\u0165 pacient po oper\u00e1cii, vymizn\u00fa v priebehu mesiaca. Ke\u010f\u017ee vazekt\u00f3miou neovplyv\u0148ujeme hladinu testoster\u00f3nu v tele, libido a <a href=\"https:\/\/najmama.aktuality.sk\/clanok\/RHhuhnu\/prekvapive-zistenia-odbornikov-mlade-pary-vyhladavaju-ivf-pretoze-nemaju-cas-na-milovanie-a-prirodzene-tak-splodit-dieta\/\" id=\"59913e21-69de-4725-ace5-a7faa998eeb4\" rel=\"nofollow noopener\" target=\"_blank\">sexu\u00e1lny \u017eivot<\/a> pacienta ost\u00e1va nedotknut\u00fd.\u201c<\/p>\n<p class=\"paragraph-object\" data-v-4f2dba78=\"\">Ako v\u0161ak upozornil, nesie to so sebou aj ve\u013ek\u00fa nev\u00fdhodu. A to fakt, \u017ee by sa mohlo sta\u0165, \u017ee mu\u017e svoje rozhodnutie v bud\u00facnosti o\u013eutuje a po de\u0165och zat\u00fa\u017ei. \u201ePreto by v\u00fdkon mali absolvova\u0165 mu\u017ei, ktor\u00ed u\u017e deti maj\u00fa, s\u00fa vyzret\u00ed, pevne rozhodnut\u00ed a chc\u00fa ma\u0165 v\u0161etko pod kontrolou,\u201c uzavrel urol\u00f3g Rado K\u0148az\u00edk.<\/p>\n<p class=\"paragraph-object\" data-v-4f2dba78=\"\">To v\u0161ak nemus\u00ed by\u0165 pr\u00edpad hudobn\u00ed\u010dky a jej man\u017eela. T\u00ed tvoria harmonick\u00fd p\u00e1r. Pozrite si viac fotografi\u00ed z ich svadby a s\u00fakromia:<\/p>\n","protected":false},"excerpt":{"rendered":"Zn\u00e1ma hudobn\u00ed\u010dka prekvapila svojim rozhodnut\u00edm. S man\u017eelom sa rozhodli, \u017ee nechc\u00fa ma\u0165 deti. Tak si to poistili&#8230; Nechce&hellip;\n","protected":false},"author":2,"featured_media":171776,"comment_status":"","ping_status":"","sticky":false,"template":"","format":"standard","meta":{"footnotes":"","_share_on_mastodon":"0"},"categories":[8],"tags":[33,43,40,42,36,50,49,48],"class_list":["post-171775","post","type-post","status-publish","format-standard","has-post-thumbnail","category-svet","tag-news","tag-sk","tag-slovak","tag-slovencina","tag-spravy","tag-svet","tag-world","tag-world-news"],"share_on_mastodon":{"url":"https:\/\/pubeurope.com\/@sk\/117222919680186172","error":""},"_links":{"self":[{"href":"https:\/\/www.europesays.com\/sk\/wp-json\/wp\/v2\/posts\/171775","targetHints":{"allow":["GET"]}}],"collection":[{"href":"https:\/\/www.europesays.com\/sk\/wp-json\/wp\/v2\/posts"}],"about":[{"href":"https:\/\/www.europesays.com\/sk\/wp-json\/wp\/v2\/types\/post"}],"author":[{"embeddable":true,"href":"https:\/\/www.europesays.com\/sk\/wp-json\/wp\/v2\/users\/2"}],"replies":[{"embeddable":true,"href":"https:\/\/www.europesays.com\/sk\/wp-json\/wp\/v2\/comments?post=171775"}],"version-history":[{"count":0,"href":"https:\/\/www.europesays.com\/sk\/wp-json\/wp\/v2\/posts\/171775\/revisions"}],"wp:featuredmedia":[{"embeddable":true,"href":"https:\/\/www.europesays.com\/sk\/wp-json\/wp\/v2\/media\/171776"}],"wp:attachment":[{"href":"https:\/\/www.europesays.com\/sk\/wp-json\/wp\/v2\/media?parent=171775"}],"wp:term":[{"taxonomy":"category","embeddable":true,"href":"https:\/\/www.europesays.com\/sk\/wp-json\/wp\/v2\/categories?post=171775"},{"taxonomy":"post_tag","embeddable":true,"href":"https:\/\/www.europesays.com\/sk\/wp-json\/wp\/v2\/tags?post=171775"}],"curies":[{"name":"wp","href":"https:\/\/api.w.org\/{rel}","templated":true}]}}