{"id":171797,"date":"2026-09-06T07:56:12","date_gmt":"2026-09-06T07:56:12","guid":{"rendered":"https:\/\/www.europesays.com\/sk\/171797\/"},"modified":"2026-09-06T07:56:12","modified_gmt":"2026-09-06T07:56:12","slug":"horu-v-rakuskych-alpach-premenovali-niesla-meno-nacistu","status":"publish","type":"post","link":"https:\/\/www.europesays.com\/sk\/171797\/","title":{"rendered":"Horu v rak\u00faskych Alp\u00e1ch premenovali, niesla meno nacistu"},"content":{"rendered":"<p>RAK\u00daSKO &#8211; Hora v rak\u00faskych Vysok\u00fdch Taur\u00e1ch, ktor\u00e1 doposia\u013e niesla n\u00e1zov Pillewizer pod\u013ea horolezca a b\u00e1date\u013ea, ale aj \u010dlena N\u00e1rodnosocialistickej nemeckej robotn\u00edckej strany (NSDAP) Wolfganga Pillewizer\u0430, o svoje meno pri\u0161la. Rak\u00fasky alpsk\u00fd spolok (\u00d6AV) pod\u013ea agent\u00fary DPA ozn\u00e1mil, \u017ee z pribli\u017ene 3000 metrov vysok\u00e9ho vrcholu odstr\u00e1nil tabu\u013eu s Pillewizerov\u00fdm menom aj tabu\u013eu s \u00fadajom o nadmorskej v\u00fd\u0161ke.<\/p>\n<p class=\"PDq2pG_selectionAnchorContainer\" data-end=\"522\" data-start=\"99\">Z\u00e1stupcovia \u00d6AV z vrcholu odniesli aj nieko\u013eko kame\u0148ov, aby ho zn\u00ed\u017eili. Pod\u013ea spolku ich tam v roku 1988 nanosili Pillewizerovi st\u00fapenci, aby horu, ktor\u00e1 dosahovala 2999 metrov, umelo zv\u00fd\u0161ili. Odvtedy bol Pillewizer na ofici\u00e1lnych map\u00e1ch aj v turistick\u00fdch sprievodcoch uv\u00e1dzan\u00fd ako trojtis\u00edcovka. Vrchol, ktor\u00fd sa nieko\u013eko kilometrov severne od hory Grossvenediger dv\u00edha nad okolit\u00fd horsk\u00fd hrebe\u0148, teraz zost\u00e1va bez mena.<\/p>\n<p data-end=\"1394\" data-start=\"947\">Wolfgang Pillewizer \u017eil v rokoch 1911 a\u017e 1999. Bol rak\u00faskym kartografom, ktor\u00fd sa venoval aj v\u00fdskumu \u013eadovcov. P\u00f4sobil v Rak\u00fasku, v predvojnovom Nemecku a nesk\u00f4r aj v Nemeckej demokratickej republike. Z\u00e1stupcovia \u00d6AV zistili, \u017ee u\u017e v roku 1932 bol \u010dlenom NSDAP a p\u00f4sobil aj ako velite\u013e oddielu polovojenskej organiz\u00e1cie SA. Rak\u00fasky alpsk\u00fd spolok vych\u00e1dza z toho, \u017ee Pillewizer sa podie\u013eal na presadzovan\u00ed rasistickej ideol\u00f3gie nacistick\u00e9ho re\u017eimu.<\/p>\n<p data-end=\"1551\" data-is-last-node=\"\" data-is-only-node=\"\" data-start=\"1396\">Zatia\u013e \u010do vo Vysok\u00fdch Taur\u00e1ch Pillewizer o \u201esvoju\u201c horu pri\u0161iel, na\u010falej zost\u00e1va pripom\u00ednan\u00fd na \u0160picbergoch, kde s\u00fa po \u0148om pomenovan\u00e9 tri miesta, p\u00ed\u0161e DPA.<\/p>\n","protected":false},"excerpt":{"rendered":"RAK\u00daSKO &#8211; Hora v rak\u00faskych Vysok\u00fdch Taur\u00e1ch, ktor\u00e1 doposia\u013e niesla n\u00e1zov Pillewizer pod\u013ea horolezca a b\u00e1date\u013ea, ale aj&hellip;\n","protected":false},"author":2,"featured_media":171798,"comment_status":"","ping_status":"","sticky":false,"template":"","format":"standard","meta":{"footnotes":"","_share_on_mastodon":"0"},"categories":[8],"tags":[48453,48449,4131,17972,48212,236,33,48446,48451,4155,48452,48447,43,40,42,45686,36,50,48454,48448,48450,49,48],"class_list":["post-171797","post","type-post","status-publish","format-standard","has-post-thumbnail","category-svet","tag-grossvenediger","tag-kartografia","tag-ladovce","tag-nacizmus","tag-ndr","tag-nemecko","tag-news","tag-nsdap","tag-oav","tag-rakusko","tag-rakusky-alpsky-spolok","tag-sa","tag-sk","tag-slovak","tag-slovencina","tag-spicbergy","tag-spravy","tag-svet","tag-trojtisicovka","tag-vysoke-taury","tag-wolfgang-pillewizer","tag-world","tag-world-news"],"share_on_mastodon":{"url":"https:\/\/pubeurope.com\/@sk\/117223029635674253","error":""},"_links":{"self":[{"href":"https:\/\/www.europesays.com\/sk\/wp-json\/wp\/v2\/posts\/171797","targetHints":{"allow":["GET"]}}],"collection":[{"href":"https:\/\/www.europesays.com\/sk\/wp-json\/wp\/v2\/posts"}],"about":[{"href":"https:\/\/www.europesays.com\/sk\/wp-json\/wp\/v2\/types\/post"}],"author":[{"embeddable":true,"href":"https:\/\/www.europesays.com\/sk\/wp-json\/wp\/v2\/users\/2"}],"replies":[{"embeddable":true,"href":"https:\/\/www.europesays.com\/sk\/wp-json\/wp\/v2\/comments?post=171797"}],"version-history":[{"count":0,"href":"https:\/\/www.europesays.com\/sk\/wp-json\/wp\/v2\/posts\/171797\/revisions"}],"wp:featuredmedia":[{"embeddable":true,"href":"https:\/\/www.europesays.com\/sk\/wp-json\/wp\/v2\/media\/171798"}],"wp:attachment":[{"href":"https:\/\/www.europesays.com\/sk\/wp-json\/wp\/v2\/media?parent=171797"}],"wp:term":[{"taxonomy":"category","embeddable":true,"href":"https:\/\/www.europesays.com\/sk\/wp-json\/wp\/v2\/categories?post=171797"},{"taxonomy":"post_tag","embeddable":true,"href":"https:\/\/www.europesays.com\/sk\/wp-json\/wp\/v2\/tags?post=171797"}],"curies":[{"name":"wp","href":"https:\/\/api.w.org\/{rel}","templated":true}]}}