{"id":171945,"date":"2026-09-06T12:22:11","date_gmt":"2026-09-06T12:22:11","guid":{"rendered":"https:\/\/www.europesays.com\/sk\/171945\/"},"modified":"2026-09-06T12:22:11","modified_gmt":"2026-09-06T12:22:11","slug":"na-pohreb-haralda-v-pride-princ-william-krala-karola-iii-zastupi-aj-pre-protokol","status":"publish","type":"post","link":"https:\/\/www.europesays.com\/sk\/171945\/","title":{"rendered":"Na pohreb Haralda V. pr\u00edde princ William. Kr\u00e1\u013ea Karola III. zast\u00fapi aj pre protokol"},"content":{"rendered":"<p>N\u00e1sledn\u00edk britsk\u00e9ho tr\u00f3nu sa 9. septembra z\u00fa\u010dastn\u00ed na pohrebe n\u00f3rskeho kr\u00e1\u013ea. Do Osla pricestuje aj princezn\u00e1 Anna.<\/p>\n<p class=\"article-content-paragraph mb-4\">Britsk\u00fd princ William sa bud\u00faci t\u00fd\u017ede\u0148 z\u00fa\u010dastn\u00ed na pohrebe zosnul\u00e9ho n\u00f3rskeho kr\u00e1\u013ea Haralda V. namiesto svojho otca, kr\u00e1\u013ea Karola III., ozn\u00e1mil v sobotu Buckinghamsk\u00fd pal\u00e1c. TASR o tom p\u00ed\u0161e pod\u013ea spr\u00e1vy agent\u00fary AFP.<\/p>\n<p class=\"article-content-paragraph mb-4\">N\u00e1sledn\u00edk britsk\u00e9ho tr\u00f3nu bude svojho otca zastupova\u0165 na pohrebe 9. septembra, pri\u010dom v minulom roku sa v mene kr\u00e1\u013ea z\u00fa\u010dastnil aj na pohrebe p\u00e1pe\u017ea Franti\u0161ka.<\/p>\n<p> Protokol kr\u00e1\u013eovskej rodiny<\/p>\n<p class=\"article-content-paragraph mb-4\">Britsk\u00ed panovn\u00edci sa pod\u013ea protokolu nez\u00fa\u010dast\u0148uj\u00fa na pohreboch in\u00fdch hl\u00e1v \u0161t\u00e1tov, zvy\u010dajne na ich zastupovanie vysielaj\u00fa in\u00e9ho \u010dlena kr\u00e1\u013eovskej rodiny. 77-ro\u010dn\u00fd Karol, ktor\u00fd sa lie\u010di na bli\u017e\u0161ie ne\u0161pecifikovan\u00fa formu rakoviny, minul\u00fd t\u00fd\u017ede\u0148 vydal vyhl\u00e1senie, v ktorom vyjadril sm\u00fatok nad stratou svojho \u201edrah\u00e9ho bratranca\u201c kr\u00e1\u013ea Haralda. Karol a Harald boli vzdialen\u00ed bratranci, ke\u010f\u017ee obaja boli potomkami britsk\u00e9ho kr\u00e1\u013ea Eduarda VII. Karolova sestra princezn\u00e1 Anna, pr\u00edde na pohreb ako krstn\u00e1 matka nov\u00e9ho kr\u00e1\u013ea Haakona VIII.<\/p>\n<p>Zdravotn\u00e9 probl\u00e9my Haralda V.<\/p>\n<p class=\"article-content-paragraph mb-4\">N\u00f3rsky kr\u00e1\u013e Harald V., ktor\u00fd bol najstar\u0161\u00edm vl\u00e1dnucim monarchom v Eur\u00f3pe, zomrel 28. augusta vo veku 89 rokov. Trpel hemolytickou an\u00e9miou, \u010do je stav sp\u00f4soben\u00fd abnorm\u00e1lne r\u00fdchlym rozpadom \u010derven\u00fdch krviniek, ktor\u00fd vedie k \u00fanave a d\u00fdchavi\u010dnosti.<\/p>\n<p class=\"article-content-paragraph mb-4\">V posledn\u00fdch rokoch \u010delil Harald narastaj\u00facim zdravotn\u00fdm probl\u00e9mom, \u010do ho prin\u00fatilo obmedzi\u0165 ofici\u00e1lny program. Abdik\u00e1ciu v\u0161ak v\u017edy odmietal s t\u00fdm, \u017ee pred n\u00f3rskym parlamentom zlo\u017eil celo\u017eivotn\u00fa pr\u00edsahu.<\/p>\n","protected":false},"excerpt":{"rendered":"N\u00e1sledn\u00edk britsk\u00e9ho tr\u00f3nu sa 9. septembra z\u00fa\u010dastn\u00ed na pohrebe n\u00f3rskeho kr\u00e1\u013ea. Do Osla pricestuje aj princezn\u00e1 Anna. Britsk\u00fd&hellip;\n","protected":false},"author":2,"featured_media":171946,"comment_status":"","ping_status":"","sticky":false,"template":"","format":"standard","meta":{"footnotes":"","_share_on_mastodon":"0"},"categories":[8],"tags":[33,43,40,42,36,50,49,48],"class_list":["post-171945","post","type-post","status-publish","format-standard","has-post-thumbnail","category-svet","tag-news","tag-sk","tag-slovak","tag-slovencina","tag-spravy","tag-svet","tag-world","tag-world-news"],"share_on_mastodon":{"url":"https:\/\/pubeurope.com\/@sk\/117224075797916963","error":""},"_links":{"self":[{"href":"https:\/\/www.europesays.com\/sk\/wp-json\/wp\/v2\/posts\/171945","targetHints":{"allow":["GET"]}}],"collection":[{"href":"https:\/\/www.europesays.com\/sk\/wp-json\/wp\/v2\/posts"}],"about":[{"href":"https:\/\/www.europesays.com\/sk\/wp-json\/wp\/v2\/types\/post"}],"author":[{"embeddable":true,"href":"https:\/\/www.europesays.com\/sk\/wp-json\/wp\/v2\/users\/2"}],"replies":[{"embeddable":true,"href":"https:\/\/www.europesays.com\/sk\/wp-json\/wp\/v2\/comments?post=171945"}],"version-history":[{"count":0,"href":"https:\/\/www.europesays.com\/sk\/wp-json\/wp\/v2\/posts\/171945\/revisions"}],"wp:featuredmedia":[{"embeddable":true,"href":"https:\/\/www.europesays.com\/sk\/wp-json\/wp\/v2\/media\/171946"}],"wp:attachment":[{"href":"https:\/\/www.europesays.com\/sk\/wp-json\/wp\/v2\/media?parent=171945"}],"wp:term":[{"taxonomy":"category","embeddable":true,"href":"https:\/\/www.europesays.com\/sk\/wp-json\/wp\/v2\/categories?post=171945"},{"taxonomy":"post_tag","embeddable":true,"href":"https:\/\/www.europesays.com\/sk\/wp-json\/wp\/v2\/tags?post=171945"}],"curies":[{"name":"wp","href":"https:\/\/api.w.org\/{rel}","templated":true}]}}