{"id":171949,"date":"2026-09-06T12:24:21","date_gmt":"2026-09-06T12:24:21","guid":{"rendered":"https:\/\/www.europesays.com\/sk\/171949\/"},"modified":"2026-09-06T12:24:21","modified_gmt":"2026-09-06T12:24:21","slug":"kraska-z-stvr-pozovala-v-bikinach-pozrite-na-tu-dokonalu-postavicku","status":"publish","type":"post","link":"https:\/\/www.europesays.com\/sk\/171949\/","title":{"rendered":"Kr\u00e1ska z STVR p\u00f3zovala v bikin\u00e1ch: Pozrite na t\u00fa dokonal\u00fa postavi\u010dku!"},"content":{"rendered":"<p>BRATISLAVA &#8211; Takto ju na obraze neuvid\u00edme! Telev\u00edzni div\u00e1ci ju poznaj\u00fa ako moder\u00e1torku a redaktorku STVR, no tentokr\u00e1t uk\u00e1zala Barbora \u017dia\u010dikov\u00e1 aj svoju in\u00fa str\u00e1nku. A treba doda\u0165, \u017ee poriadne zauj\u00edmav\u00fa! Na soci\u00e1lnej sieti Instagram sa toti\u017e pochv\u00e1lila dovolenkov\u00fdm z\u00e1berom, ktor\u00fd si rozhodne zasl\u00fa\u017ei pozornos\u0165.<\/p>\n<p>Barbora \u017dia\u010dikov\u00e1 patr\u00ed medzi tv\u00e1re STVR u\u017e p\u00e1r rokov. Najsk\u00f4r za\u010d\u00ednala v \u0161portovej redakcii, dnes p\u00f4sob\u00ed v spravodajstve. Sympatick\u00e1 plavovl\u00e1ska by sa v\u0161ak pokojne uchytila aj ako modelka. Dokazuj\u00fa to aj niektor\u00e9 jej z\u00e1bery na soci\u00e1lnej sieti Instagram.\u00a0<\/p>\n<p>Barbora sa tam s followermi del\u00ed o momentky zo svojho pracovn\u00e9ho i s\u00fakromn\u00e9ho \u017eivota. V t\u00fdchto d\u0148och zverejnial provokat\u00edvny z\u00e1ber, ktor\u00fd ju zachyt\u00e1va v zmyselnej p\u00f3ze a odet\u00fa len v \u00fasporn\u00fdch \u010derven\u00fdch plavk\u00e1ch.\u00a0<\/p>\n<p>\u201eProfesion\u00e1lna zberate\u013eka z\u00e1\u017eitkov a plni\u010dka snov,\u201d\u00a0nap\u00edsala k fotke \u017dia\u010dikov\u00e1 a pridala aj k\u013e\u00fa\u010dov\u00e9 slov\u00e1 Bali, Indon\u00e9zia. T\u00fdm prezradila, \u017ee fotka s najv\u00e4\u010d\u0161ou pravdepodobnos\u0165ou vznikla na tomto \u010darovnom mieste.\u00a0<\/p>\n<p>\t<a href=\"https:\/\/www.instagram.com\/barbolleta_barbie\/\" target=\"_blank\" rel=\"nofollow noopener\"><br \/>\n\t\t<img decoding=\"async\" alt=\"Kr\u00e1ska z STVR p\u00f3zovala\" aria-describedby=\"img-res-6586459\" class=\"\" height=\"1091\" id=\"6586459\" loading=\"lazy\" onerror=\"imgArticleLoadErr(this)\" src=\"https:\/\/www.europesays.com\/sk\/wp-content\/uploads\/2026\/09\/Barbora-Ziacikova.jpg\" style=\"aspect-ratio:1.466\" title=\"Kr\u00e1ska z STVR p\u00f3zovala\" width=\"1600\"\/>\t<\/a><\/p>\n<p>\t\u00a0(Zdroj: Instagram\/barbolleta_barbie)<\/p>\n<p>\t\t\t<script async src=\"\/\/www.instagram.com\/embed.js\"><\/script><\/p>\n","protected":false},"excerpt":{"rendered":"BRATISLAVA &#8211; Takto ju na obraze neuvid\u00edme! Telev\u00edzni div\u00e1ci ju poznaj\u00fa ako moder\u00e1torku a redaktorku STVR, no tentokr\u00e1t&hellip;\n","protected":false},"author":2,"featured_media":171950,"comment_status":"","ping_status":"","sticky":false,"template":"","format":"standard","meta":{"footnotes":"","_share_on_mastodon":"0"},"categories":[32],"tags":[12796,34,37,33,43,40,39,42,41,36,38,35],"class_list":["post-171949","post","type-post","status-publish","format-standard","has-post-thumbnail","category-spravy","tag-barbora-ziacikova","tag-headlines","tag-hlavne-spravy","tag-news","tag-sk","tag-slovak","tag-slovakia","tag-slovencina","tag-slovensko","tag-spravy","tag-titulky","tag-top-stories"],"share_on_mastodon":{"url":"https:\/\/pubeurope.com\/@sk\/117224083933859304","error":""},"_links":{"self":[{"href":"https:\/\/www.europesays.com\/sk\/wp-json\/wp\/v2\/posts\/171949","targetHints":{"allow":["GET"]}}],"collection":[{"href":"https:\/\/www.europesays.com\/sk\/wp-json\/wp\/v2\/posts"}],"about":[{"href":"https:\/\/www.europesays.com\/sk\/wp-json\/wp\/v2\/types\/post"}],"author":[{"embeddable":true,"href":"https:\/\/www.europesays.com\/sk\/wp-json\/wp\/v2\/users\/2"}],"replies":[{"embeddable":true,"href":"https:\/\/www.europesays.com\/sk\/wp-json\/wp\/v2\/comments?post=171949"}],"version-history":[{"count":0,"href":"https:\/\/www.europesays.com\/sk\/wp-json\/wp\/v2\/posts\/171949\/revisions"}],"wp:featuredmedia":[{"embeddable":true,"href":"https:\/\/www.europesays.com\/sk\/wp-json\/wp\/v2\/media\/171950"}],"wp:attachment":[{"href":"https:\/\/www.europesays.com\/sk\/wp-json\/wp\/v2\/media?parent=171949"}],"wp:term":[{"taxonomy":"category","embeddable":true,"href":"https:\/\/www.europesays.com\/sk\/wp-json\/wp\/v2\/categories?post=171949"},{"taxonomy":"post_tag","embeddable":true,"href":"https:\/\/www.europesays.com\/sk\/wp-json\/wp\/v2\/tags?post=171949"}],"curies":[{"name":"wp","href":"https:\/\/api.w.org\/{rel}","templated":true}]}}