{"id":171953,"date":"2026-09-06T12:30:07","date_gmt":"2026-09-06T12:30:07","guid":{"rendered":"https:\/\/www.europesays.com\/sk\/171953\/"},"modified":"2026-09-06T12:30:07","modified_gmt":"2026-09-06T12:30:07","slug":"bola-raz-jedna-povest-526-cast-radvansky-jarmok-bola-raz-jedna-povest-radio-slovensko","status":"publish","type":"post","link":"https:\/\/www.europesays.com\/sk\/171953\/","title":{"rendered":"Bola raz jedna poves\u0165 &#8211; 526.\u010das\u0165 (Radvansk\u00fd jarmok) &#8211; Bola raz jedna poves\u0165 &#8211; R\u00e1dio Slovensko"},"content":{"rendered":"<p align=\"justify\">Poz\u00fdvame v\u00e1s vypo\u010du\u0165 si 526.\u010das\u0165 programu Bola raz jedna poves\u0165.<\/p>\n<p align=\"justify\">\n<p>\t\tBola raz jedna poves\u0165 &#8211; 526.\u010das\u0165 (Radvansk\u00fd jarmok)<\/p>\n<p>\t\t\t\tM\u00e1te probl\u00e9m s\u00a0prehr\u00e1van\u00edm? <a class=\"player-report__link\" target=\"_blank\" href=\"https:\/\/www.stvr.sk\/formulare\/nahlasenie-chyby-v-prehravaci?ref=https%253A%252F%252Fslovensko.stvr.sk%252Frubriky%252Faktualne-rubriky%252Fbola-raz-jedna-povest%252F459217%252Fbola-raz-jedna-povest-526-cast-radvansky-jarmok\" onclick=\"cyclone3.cancelEvent(event); $(&#039;#report-player_audio_537010&#039;).submit();\" rel=\"nofollow noopener\">Nahl\u00e1ste n\u00e1m chybu<\/a> v\u00a0prehr\u00e1va\u010di.<\/p>\n<p><\/p>\n<p align=\"justify\">Ak vyp\u00e1trate, \u010di prv\u00fd s\u00fahlas na usporiadanie jarmoku dal radvansk\u00e9mu richt\u00e1rovi tureck\u00fd sult\u00e1n Mahmed, \u010desk\u00fd kr\u00e1\u013e Karol alebo rak\u00fasky cis\u00e1r Leopold, nap\u00ed\u0161te n\u00e1m to do \u0161tvrtka 10.septembra 2026 na adresu povesti@rozhlas.sk<\/p>\n<p align=\"justify\">\u010eakujeme v\u00e1m za v\u0161etky emaily a odpovede. Minul\u00fd t\u00fd\u017ede\u0148 ste mali zisti\u0165 v akom jazyku p\u00edsal r\u00edmsky cis\u00e1r\u00a0 Marcus Aurelius. Bola to gr\u00e9\u010dtina. Nap\u00edsali ste n\u00e1m aj n\u00e1zvy rozpr\u00e1vok Bo\u017eeny N\u011bmcovej- napr\u00edklad: Katrenka a striga, Slovensk\u00fd jun\u00e1k, \u010di Ako p\u00e1sol Janko kobylku.<\/p>\n<p align=\"justify\">K v\u00fdhre blaho\u017eel\u00e1me Jakubovi \u0160ulkovi.<\/p>\n<p align=\"justify\">A tu s\u00fa men\u00e1 v\u00fdhercov ostatn\u00fdch augustov\u00fdch s\u00fa\u0165a\u017en\u00fdch repr\u00edz: Matejko a Patrik Gajdo\u0161\u00edkovci; Nat\u00e1lka Kert\u00fdsov\u00e1; Matej Chud\u00fd a Elena Fekia\u010dov\u00e1. V\u0161etk\u00fdm posielame pekn\u00e9 kni\u017eky. <\/p>\n<p align=\"justify\">526.\u010das\u0165 programu Bola raz jedna poves\u0165 pripravili: Autor \u013dubo\u0161 Machaj, re\u017eis\u00e9r a hudobn\u00fd dramaturg Laco Kerata, majster zvuku Daniel Galovi\u010d, dramaturgi\u010dka Lenka \u010cepkov\u00e1, produk\u010dn\u00ed Alena Rumanovsk\u00e1 a J\u00e1n Tomandl. \u00da\u010dinkovali: Alfr\u00e9d Swan, Martin Kapr\u00e1lik, Laco Kerata a Zuzana Jurigov\u00e1 Kapr\u00e1likov\u00e1. <\/p>\n<p align=\"justify\">V\u0161etky odvysielan\u00e9 povesti n\u00e1jdete na webe R\u00e1dia Slovensko v sekcii \u201eaktu\u00e1lne rubriky\u201c a najnov\u0161iu \u010das\u0165 programu vysiela aj R\u00e1dio Junior.<\/p>\n<p align=\"justify\">Vyrobila Slovensk\u00e1 telev\u00edzia a rozhlas v roku 2026.<\/p>\n<p>\n\t\t\t\t\tAutor: OSO; Foto: CANVA\n\t\t\t\t<\/p>\n","protected":false},"excerpt":{"rendered":"Poz\u00fdvame v\u00e1s vypo\u010du\u0165 si 526.\u010das\u0165 programu Bola raz jedna poves\u0165. Bola raz jedna poves\u0165 &#8211; 526.\u010das\u0165 (Radvansk\u00fd jarmok)&hellip;\n","protected":false},"author":2,"featured_media":171954,"comment_status":"","ping_status":"","sticky":false,"template":"","format":"standard","meta":{"footnotes":"","_share_on_mastodon":"0"},"categories":[17],"tags":[70,88,87,43,40,39,42,41,71],"class_list":["post-171953","post","type-post","status-publish","format-standard","has-post-thumbnail","category-hudba","tag-entertainment","tag-hudba","tag-music","tag-sk","tag-slovak","tag-slovakia","tag-slovencina","tag-slovensko","tag-zabava"],"share_on_mastodon":{"url":"https:\/\/pubeurope.com\/@sk\/117224107328220423","error":""},"_links":{"self":[{"href":"https:\/\/www.europesays.com\/sk\/wp-json\/wp\/v2\/posts\/171953","targetHints":{"allow":["GET"]}}],"collection":[{"href":"https:\/\/www.europesays.com\/sk\/wp-json\/wp\/v2\/posts"}],"about":[{"href":"https:\/\/www.europesays.com\/sk\/wp-json\/wp\/v2\/types\/post"}],"author":[{"embeddable":true,"href":"https:\/\/www.europesays.com\/sk\/wp-json\/wp\/v2\/users\/2"}],"replies":[{"embeddable":true,"href":"https:\/\/www.europesays.com\/sk\/wp-json\/wp\/v2\/comments?post=171953"}],"version-history":[{"count":0,"href":"https:\/\/www.europesays.com\/sk\/wp-json\/wp\/v2\/posts\/171953\/revisions"}],"wp:featuredmedia":[{"embeddable":true,"href":"https:\/\/www.europesays.com\/sk\/wp-json\/wp\/v2\/media\/171954"}],"wp:attachment":[{"href":"https:\/\/www.europesays.com\/sk\/wp-json\/wp\/v2\/media?parent=171953"}],"wp:term":[{"taxonomy":"category","embeddable":true,"href":"https:\/\/www.europesays.com\/sk\/wp-json\/wp\/v2\/categories?post=171953"},{"taxonomy":"post_tag","embeddable":true,"href":"https:\/\/www.europesays.com\/sk\/wp-json\/wp\/v2\/tags?post=171953"}],"curies":[{"name":"wp","href":"https:\/\/api.w.org\/{rel}","templated":true}]}}