{"id":171977,"date":"2026-09-06T12:52:12","date_gmt":"2026-09-06T12:52:12","guid":{"rendered":"https:\/\/www.europesays.com\/sk\/171977\/"},"modified":"2026-09-06T12:52:12","modified_gmt":"2026-09-06T12:52:12","slug":"tieto-slovenske-obce-dopadli-v-hodnoteni-najhorsie-pozri-si-ktore-sa-ocitli-na-konci-rebricka-2","status":"publish","type":"post","link":"https:\/\/www.europesays.com\/sk\/171977\/","title":{"rendered":"Tieto slovensk\u00e9 obce dopadli v hodnoten\u00ed najhor\u0161ie. Pozri si, ktor\u00e9 sa ocitli na konci rebr\u00ed\u010dka"},"content":{"rendered":"<p>\n                Na posledn\u00fdch prie\u010dkach sa umiestnili najm\u00e4 men\u0161ie obce, ktor\u00e9 zaost\u00e1vaj\u00fa v dostupnosti slu\u017eieb, infra\u0161trukt\u00fary \u010di ob\u010dianskej vybavenosti. Pozri si, ktor\u00e9 obce skon\u010dili na chvoste hodnotenia.\n            <\/p>\n<p><a href=\"https:\/\/mumap.nku.gov.sk\/\" target=\"_blank\" rel=\"noopener nofollow\">Najvy\u0161\u0161\u00ed kontroln\u00fd \u00farad <\/a>(NK\u00da) SR aktualizoval \u00fadaje vo svojej aplik\u00e1cii MuMAP, ktor\u00e1 prostredn\u00edctvom z\u00e1lo\u017eky Kvalita \u017eivota hodnot\u00ed \u00farove\u0148 slu\u017eieb a infra\u0161trukt\u00fary vo v\u0161etk\u00fdch slovensk\u00fdch samospr\u00e1vach. Obce s\u00fa hodnoten\u00e9 pod\u013ea desiatich oblast\u00ed, vr\u00e1tane zdravotn\u00edctva, \u0161kolstva, dopravy, bezpe\u010dnosti, \u017eivotn\u00e9ho prostredia \u010di soci\u00e1lnych slu\u017eieb.<\/p>\n<p>        <a class=\"article__read-also-link\" href=\"https:\/\/news.refresher.sk\/209379-Obyvatelia-najhorsej-obce-Male-Borove-posielaju-Slovakom-odkaz-Nesedte-len-na-internete-pridte-sa-k-nam-pozriet\" onclick=\"gaTrack(&#039;read-also-box&#039;, &#039;manual&#039;, &#039;1&#039;)\" rel=\"nofollow noopener\" target=\"_blank\"><\/p>\n<p>                    25. augusta 2026 o 13:37<\/p>\n<p>                        \u010cas \u010d\u00edtania<br \/>\n                                                3:11<\/p>\n<p>                    Obyvatelia \u201enajhor\u0161ej obce\u201c Mal\u00e9 Borov\u00e9 posielaj\u00fa Slov\u00e1kom odkaz: \u201eNese\u010fte len na internete, pr\u00ed\u010fte sa k n\u00e1m pozrie\u0165\u201c<\/p>\n<p>            <img decoding=\"async\" class=\"article__read-also-image\" src=\"https:\/\/www.europesays.com\/sk\/wp-content\/uploads\/2026\/09\/1788699132_112_Obyvatelia-najhorsej-obce-Male-Borove-posielaju-Slovakom-odkaz-Nesedte-len-na-internete-pridte-sa-k-.jpeg\" alt=\"Obyvatelia \u201enajhor\u0161ej obce\u201c Mal\u00e9 Borov\u00e9 posielaj\u00fa Slov\u00e1kom odkaz: \u201eNese\u010fte len na internete, pr\u00ed\u010fte sa k n\u00e1m pozrie\u0165\u201c\" width=\"256\" height=\"159\" loading=\"lazy\" data-ga-event=\"article_read_also_box_single\" data-ga-interaction-type=\"click\" data-ga-interaction-placement=\"1\" data-ga-interaction-option=\"manual\"\/><br \/>\n        <\/a><\/p>\n<p style=\"text-align: center;\">Zoznam 10 najhor\u0161ie hodnoten\u00fdch samospr\u00e1v:<\/p>\n","protected":false},"excerpt":{"rendered":"Na posledn\u00fdch prie\u010dkach sa umiestnili najm\u00e4 men\u0161ie obce, ktor\u00e9 zaost\u00e1vaj\u00fa v dostupnosti slu\u017eieb, infra\u0161trukt\u00fary \u010di ob\u010dianskej vybavenosti. Pozri&hellip;\n","protected":false},"author":2,"featured_media":171978,"comment_status":"","ping_status":"","sticky":false,"template":"","format":"standard","meta":{"footnotes":"","_share_on_mastodon":"0"},"categories":[32],"tags":[34,37,33,43,40,39,42,41,36,38,35],"class_list":["post-171977","post","type-post","status-publish","format-standard","has-post-thumbnail","category-spravy","tag-headlines","tag-hlavne-spravy","tag-news","tag-sk","tag-slovak","tag-slovakia","tag-slovencina","tag-slovensko","tag-spravy","tag-titulky","tag-top-stories"],"share_on_mastodon":{"url":"https:\/\/pubeurope.com\/@sk\/117224193862929231","error":""},"_links":{"self":[{"href":"https:\/\/www.europesays.com\/sk\/wp-json\/wp\/v2\/posts\/171977","targetHints":{"allow":["GET"]}}],"collection":[{"href":"https:\/\/www.europesays.com\/sk\/wp-json\/wp\/v2\/posts"}],"about":[{"href":"https:\/\/www.europesays.com\/sk\/wp-json\/wp\/v2\/types\/post"}],"author":[{"embeddable":true,"href":"https:\/\/www.europesays.com\/sk\/wp-json\/wp\/v2\/users\/2"}],"replies":[{"embeddable":true,"href":"https:\/\/www.europesays.com\/sk\/wp-json\/wp\/v2\/comments?post=171977"}],"version-history":[{"count":0,"href":"https:\/\/www.europesays.com\/sk\/wp-json\/wp\/v2\/posts\/171977\/revisions"}],"wp:featuredmedia":[{"embeddable":true,"href":"https:\/\/www.europesays.com\/sk\/wp-json\/wp\/v2\/media\/171978"}],"wp:attachment":[{"href":"https:\/\/www.europesays.com\/sk\/wp-json\/wp\/v2\/media?parent=171977"}],"wp:term":[{"taxonomy":"category","embeddable":true,"href":"https:\/\/www.europesays.com\/sk\/wp-json\/wp\/v2\/categories?post=171977"},{"taxonomy":"post_tag","embeddable":true,"href":"https:\/\/www.europesays.com\/sk\/wp-json\/wp\/v2\/tags?post=171977"}],"curies":[{"name":"wp","href":"https:\/\/api.w.org\/{rel}","templated":true}]}}