{"id":172013,"date":"2026-09-06T13:34:07","date_gmt":"2026-09-06T13:34:07","guid":{"rendered":"https:\/\/www.europesays.com\/sk\/172013\/"},"modified":"2026-09-06T13:34:07","modified_gmt":"2026-09-06T13:34:07","slug":"pocasie-ako-na-hojdacke-o-par-hodin-tu-mame-prve-prizemne-mrazy","status":"publish","type":"post","link":"https:\/\/www.europesays.com\/sk\/172013\/","title":{"rendered":"PO\u010cASIE ako na hojda\u010dke, o p\u00e1r hod\u00edn tu m\u00e1me prv\u00e9 pr\u00edzemn\u00e9 MRAZY"},"content":{"rendered":"<p>BRATISLAVA &#8211; E\u0161te ned\u00e1vno sme sa ut\u00e1pali v \u00famorn\u00fdch hor\u00fa\u010dav\u00e1ch, ke\u010f teploty atakovali 40 stup\u0148ov Celzia a u\u017e tu m\u00e1me prv\u00e9 pr\u00edzemn\u00e9 mrazy. <\/p>\n<p>U\u017e nasleduj\u00faca noc by mala prinies\u0165 na na\u0161e \u00fazemie prv\u00e9 pr\u00edzemn\u00e9 mrazy, ktor\u00e9 m\u00f4\u017eu zasiahnu\u0165 hne\u010f nieko\u013eko okresov. Ako upozornil web <a href=\"https:\/\/www.imeteo.sk\/spravy\/v-tychto-okresoch-pozor-uz-nasledujuca-noc-prinesie-mraziky\" target=\"_blank\" rel=\"nofollow noopener\">imeteo.sk<\/a>, tieto prv\u00e9 pr\u00edzemn\u00e9 mraz\u00edky m\u00f4\u017eu ohrozi\u0165 prv\u00e9 po\u013enohospod\u00e1rske plodiny.<\/p>\n<p>U\u017e po\u010das nasleduj\u00facej noci sa pri vyjasnen\u00ed za\u010dne v\u00fdraznej\u0161ie ochladzova\u0165 a \u010dak\u00e1 n\u00e1s najchladnej\u0161ia noc za uplynul\u00e9 t\u00fd\u017edne.\u00a0Do r\u00e1na sa o\u010dak\u00e1vaj\u00fa minim\u00e1lne teploty od +12 do +5 \u00b0C, av\u0161ak v dolin\u00e1ch a kotlin\u00e1ch m\u00f4\u017ee by\u0165 len +4 a\u017e +2 \u00b0C.<\/p>\n<p>E\u0161te chladnej\u0161ie v\u0161ak bude v pr\u00edzemnej vrstve, kde m\u00f4\u017eu teploty klesn\u00fa\u0165 aj pod bod mrazu. Riziko pr\u00edzemn\u00e9ho mrazu je najvy\u0161\u0161ie predov\u0161etk\u00fdm v dolin\u00e1ch a kotlin\u00e1ch stredn\u00e9ho a severn\u00e9ho Slovenska. Teplota pri zemi m\u00f4\u017ee v t\u00fdchto oblastiach klesn\u00fa\u0165 a\u017e k -3 \u00b0C.<\/p>\n<p>Teploty \u010doskoro vyst\u00fapia znova vysoko nad 30 stup\u0148ov<\/p>\n<p>U\u017e v pondelok v\u0161ak za\u010dne do na\u0161ej oblasti op\u00e4\u0165 pr\u00fadi\u0165 teplej\u0161\u00ed vzduch a teploty dosiahnu\u00a028 stup\u0148ov, v utorok sa u\u017e m\u00f4\u017eu vy\u0161plha\u0165 a\u017e k 34 stup\u0148om Celzia. Tepl\u00e9 po\u010dasie by malo vyvrcholi\u0165 v stredu pred pr\u00edchodom studen\u00e9ho frontu. Teploty sa m\u00f4\u017eu dosta\u0165 a\u017e k hranici 35 stup\u0148om. N\u00e1sledne d\u00f4jde k v\u00fdrazn\u00e9mu zvratu po\u010dasia a nast\u00fapi sychravej\u0161ie a chladnej\u0161ie obdobie.<\/p>\n","protected":false},"excerpt":{"rendered":"BRATISLAVA &#8211; E\u0161te ned\u00e1vno sme sa ut\u00e1pali v \u00famorn\u00fdch hor\u00fa\u010dav\u00e1ch, ke\u010f teploty atakovali 40 stup\u0148ov Celzia a u\u017e&hellip;\n","protected":false},"author":2,"featured_media":172014,"comment_status":"","ping_status":"","sticky":false,"template":"","format":"standard","meta":{"footnotes":"","_share_on_mastodon":"0"},"categories":[32],"tags":[34,37,11094,48485,33,264,27981,43,40,39,42,41,36,38,35],"class_list":["post-172013","post","type-post","status-publish","format-standard","has-post-thumbnail","category-spravy","tag-headlines","tag-hlavne-spravy","tag-jesen","tag-koniec-leta","tag-news","tag-pocasie","tag-prizemny-mraz","tag-sk","tag-slovak","tag-slovakia","tag-slovencina","tag-slovensko","tag-spravy","tag-titulky","tag-top-stories"],"share_on_mastodon":{"url":"https:\/\/pubeurope.com\/@sk\/117224358808900779","error":""},"_links":{"self":[{"href":"https:\/\/www.europesays.com\/sk\/wp-json\/wp\/v2\/posts\/172013","targetHints":{"allow":["GET"]}}],"collection":[{"href":"https:\/\/www.europesays.com\/sk\/wp-json\/wp\/v2\/posts"}],"about":[{"href":"https:\/\/www.europesays.com\/sk\/wp-json\/wp\/v2\/types\/post"}],"author":[{"embeddable":true,"href":"https:\/\/www.europesays.com\/sk\/wp-json\/wp\/v2\/users\/2"}],"replies":[{"embeddable":true,"href":"https:\/\/www.europesays.com\/sk\/wp-json\/wp\/v2\/comments?post=172013"}],"version-history":[{"count":0,"href":"https:\/\/www.europesays.com\/sk\/wp-json\/wp\/v2\/posts\/172013\/revisions"}],"wp:featuredmedia":[{"embeddable":true,"href":"https:\/\/www.europesays.com\/sk\/wp-json\/wp\/v2\/media\/172014"}],"wp:attachment":[{"href":"https:\/\/www.europesays.com\/sk\/wp-json\/wp\/v2\/media?parent=172013"}],"wp:term":[{"taxonomy":"category","embeddable":true,"href":"https:\/\/www.europesays.com\/sk\/wp-json\/wp\/v2\/categories?post=172013"},{"taxonomy":"post_tag","embeddable":true,"href":"https:\/\/www.europesays.com\/sk\/wp-json\/wp\/v2\/tags?post=172013"}],"curies":[{"name":"wp","href":"https:\/\/api.w.org\/{rel}","templated":true}]}}