{"id":172037,"date":"2026-09-06T14:01:09","date_gmt":"2026-09-06T14:01:09","guid":{"rendered":"https:\/\/www.europesays.com\/sk\/172037\/"},"modified":"2026-09-06T14:01:09","modified_gmt":"2026-09-06T14:01:09","slug":"pekelna-spust-na-ceste-zlyhanie-brzd-viedlo-k-obrovskej-explozii-hlasia-11-obeti","status":"publish","type":"post","link":"https:\/\/www.europesays.com\/sk\/172037\/","title":{"rendered":"Pekeln\u00e1 sp\u00fa\u0161\u0165 na ceste: Zlyhanie b\u0155zd viedlo k obrovskej expl\u00f3zii! Hl\u00e1sia 11 obet\u00ed"},"content":{"rendered":"\n<p article=\"[object Object]\" class=\"md:text-article-content leading-relaxed md:leading-normal mt-5 lg:mt-10 false\">Na z\u00e1pade Ir\u00e1nu v sobotu explodovala cisterna s palivom. Tento incident si vy\u017eiadal 11 obet\u00ed na \u017eivotoch a \u010fal\u0161\u00edch sedem \u013eud\u00ed utrpelo zranenia. S odvolan\u00edm sa na ir\u00e1nske m\u00e9di\u00e1 o tom informovala agent\u00fara AP, p\u00ed\u0161e TASR.<\/p>\n<p article=\"[object Object]\" class=\"md:text-article-content leading-relaxed md:leading-normal mt-5 lg:mt-10 false\">Ir\u00e1nska tla\u010dov\u00e1 agent\u00fara IRNA objasnila, \u017ee cisternov\u00e9 vozidlo narazilo do \u010fal\u0161\u00edch \u00e1ut a n\u00e1sledne za\u010dalo horie\u0165. K tomuto incidentu do\u0161lo ne\u010faleko stanice dopravnej pol\u00edcie v bl\u00edzkosti mesta Sanandad\u017e. Pod\u013ea tla\u010dovej agent\u00fary bola pr\u00ed\u010dinou nehody porucha brzdov\u00e9ho syst\u00e9mu.<\/p>\n<p article=\"[object Object]\" class=\"md:text-article-content leading-relaxed md:leading-normal mt-5 lg:mt-10 false\">Z\u00e1chran\u00e1ri previezli zranen\u00fdch do nemocn\u00edc. Miestni predstavitelia pod\u013ea stanice al-D\u017eaz\u00edra uviedli, \u017ee po\u017eiar sa podarilo okam\u017eite dosta\u0165 pod kontrolu. K podobn\u00e9mu incidentu do\u0161lo aj v roku 2018, ke\u010f cisterna s palivom vrazila do autobusu ne\u010faleko Sanandad\u017eu, pri\u010dom zahynulo 15 \u013eud\u00ed a \u010fal\u0161ie \u0161tyri osoby utrpeli zranenia.<\/p>\n<p article=\"[object Object]\" class=\"md:text-article-content leading-relaxed md:leading-normal mt-5 lg:mt-10 false\">AP informuje, \u017ee ro\u010dne pri dopravn\u00fdch nehod\u00e1ch v Ir\u00e1ne zahynie viac ako 17.000 \u013eud\u00ed. Pod\u013ea odborn\u00edkov s\u00fa pr\u00ed\u010dinami tohto vysok\u00e9ho po\u010dtu obet\u00ed na \u017eivotoch nebezpe\u010dn\u00e9 vozidl\u00e1, nedodr\u017eiavanie dopravn\u00fdch predpisov a nedostato\u010dn\u00e9 z\u00e1chrann\u00e9 slu\u017eby.<\/p>\n","protected":false},"excerpt":{"rendered":"Na z\u00e1pade Ir\u00e1nu v sobotu explodovala cisterna s palivom. Tento incident si vy\u017eiadal 11 obet\u00ed na \u017eivotoch a&hellip;\n","protected":false},"author":2,"featured_media":172038,"comment_status":"","ping_status":"","sticky":false,"template":"","format":"standard","meta":{"footnotes":"","_share_on_mastodon":"0"},"categories":[8],"tags":[33,43,40,42,36,50,49,48],"class_list":["post-172037","post","type-post","status-publish","format-standard","has-post-thumbnail","category-svet","tag-news","tag-sk","tag-slovak","tag-slovencina","tag-spravy","tag-svet","tag-world","tag-world-news"],"share_on_mastodon":{"url":"https:\/\/pubeurope.com\/@sk\/117224465243139026","error":""},"_links":{"self":[{"href":"https:\/\/www.europesays.com\/sk\/wp-json\/wp\/v2\/posts\/172037","targetHints":{"allow":["GET"]}}],"collection":[{"href":"https:\/\/www.europesays.com\/sk\/wp-json\/wp\/v2\/posts"}],"about":[{"href":"https:\/\/www.europesays.com\/sk\/wp-json\/wp\/v2\/types\/post"}],"author":[{"embeddable":true,"href":"https:\/\/www.europesays.com\/sk\/wp-json\/wp\/v2\/users\/2"}],"replies":[{"embeddable":true,"href":"https:\/\/www.europesays.com\/sk\/wp-json\/wp\/v2\/comments?post=172037"}],"version-history":[{"count":0,"href":"https:\/\/www.europesays.com\/sk\/wp-json\/wp\/v2\/posts\/172037\/revisions"}],"wp:featuredmedia":[{"embeddable":true,"href":"https:\/\/www.europesays.com\/sk\/wp-json\/wp\/v2\/media\/172038"}],"wp:attachment":[{"href":"https:\/\/www.europesays.com\/sk\/wp-json\/wp\/v2\/media?parent=172037"}],"wp:term":[{"taxonomy":"category","embeddable":true,"href":"https:\/\/www.europesays.com\/sk\/wp-json\/wp\/v2\/categories?post=172037"},{"taxonomy":"post_tag","embeddable":true,"href":"https:\/\/www.europesays.com\/sk\/wp-json\/wp\/v2\/tags?post=172037"}],"curies":[{"name":"wp","href":"https:\/\/api.w.org\/{rel}","templated":true}]}}