{"id":172041,"date":"2026-09-06T14:03:13","date_gmt":"2026-09-06T14:03:13","guid":{"rendered":"https:\/\/www.europesays.com\/sk\/172041\/"},"modified":"2026-09-06T14:03:13","modified_gmt":"2026-09-06T14:03:13","slug":"dovolenka-na-sekeru-rucil-som-mojou-funkciou-uviedol-sutaj-estok-bolo-by-smiesne-keby-som-na-to-nemal-domace-spravy","status":"publish","type":"post","link":"https:\/\/www.europesays.com\/sk\/172041\/","title":{"rendered":"Dovolenka na sekeru? Ru\u010dil som mojou funkciou, uviedol \u0160utaj E\u0161tok. Bolo by smie\u0161ne, keby som na to nemal &#8211; Dom\u00e1ce &#8211; Spr\u00e1vy"},"content":{"rendered":"<p>S\u00fa\u010das\u0165ou pod\u013ea neho bude aj bezpe\u010dnostn\u00fd projekt, ktor\u00fd nebol vypracovan\u00fd v pr\u00edpade testovacej prev\u00e1dzky dvoch kamier, v ktor\u00fdch boli zisten\u00e9 rusk\u00e9 s\u00fa\u010diastky.<\/p>\n<p>\u201eMy sme v pr\u00edpade t\u00fdchto dvoch rusk\u00fdch kamier i\u0161li v sk\u00fa\u0161obnej prev\u00e1dzke,\u201c zd\u00f4raznil minister s t\u00fdm, \u017ee jedna kamera bola umiestnen\u00e1 v are\u00e1li dod\u00e1vate\u013ea a druh\u00e1 na jednej z ciest. \u201eV tomto pr\u00edpade tie \u0161tandardy nebolo potrebn\u00e9 vykon\u00e1va\u0165, preto\u017ee i\u0161lo o testovaciu prev\u00e1dzku a tie kamery nikdy nevysielali ani inform\u00e1cie, ani d\u00e1ta, ani \u017eiadne veci, ktor\u00e1 by mohli by\u0165 n\u00e1sledne zneu\u017eit\u00e9,\u201c uviedol \u0160utaj E\u0161tok.<\/p>\n<p>Video<br \/>\n\u0160utaj E\u0161tok o &#8222;rusk\u00fdch&#8220; kamer\u00e1ch<\/p>\n<p>\nZdroj:<br \/>\nFB MV SR\n<\/p>\n<p>Osobn\u00fa zodpovednos\u0165 za cel\u00fd \u0161kand\u00e1l odmietol. Z\u00e1rove\u0148 v\u0161ak potvrdil, \u017ee riadite\u013e odboru aplik\u00e1cii rezortu vn\u00fatra a projektov\u00fd mana\u017e\u00e9r, ktor\u00fd mal na starosti projekt kamier, u\u017e nepracuj\u00fa na svojich poz\u00edci\u00e1ch, a to napriek tomu, \u017ee procesne nezlyhali. Minister v\u0161ak nepovedal, \u010di obaja na\u010falej pracuj\u00fa na rezorte vn\u00fatra, ale na in\u00fdch poz\u00edci\u00e1ch.<\/p>\n<p>\u201eAle ja vy\u017eadujem od svojich kolegov, aby vykon\u00e1vali svoju pr\u00e1cu nad r\u00e1mec svojich povinnost\u00ed, ktor\u00e9 maj\u00fa a v tomto pr\u00edpade to tak nebolo,\u201c vysvetlil \u0160utaj E\u0161tok. Doplnil, \u017ee rezort bol v tejto s\u00favislosti podveden\u00fd zo strany dod\u00e1vate\u013ea. \u201eKamery boli vr\u00e1ten\u00e9, boli n\u00e1m vr\u00e1ten\u00e9 aj finan\u010dn\u00e9 prostriedky,\u201c dodal minister vn\u00fatra.<\/p>\n<p>Minister vn\u00fatra z\u00e1rove\u0148 informoval, \u017ee vy\u0161etrovanie okolnost\u00ed zmaren\u00e9ho podpa\u013ea\u010dsk\u00e9ho \u00fatoku na z\u00e1vod na v\u00fdchodnom Slovensku e\u0161te trv\u00e1. \u201eV\u0161etky varianty s\u00fa preverovan\u00e9, k\u00fdm to nem\u00e1me jasne zdokumentovan\u00e9 a vy\u0161etren\u00e9, je zbyto\u010dne akoko\u013evek v r\u00e1mci tejto poz\u00edcie \u0161pekulova\u0165. Po\u010dkajme si na na z\u00e1very vy\u0161etrovania. Bol by som r\u00e1d, keby to bolo \u010do najsk\u00f4r, ale trv\u00e1 to nejak\u00fd \u010das,\u201c informoval. V s\u00favislosti s potrebou zvolania Bezpe\u010dnostnej rady SR minister povedal, \u017ee v uplynul\u00fdch d\u0148och sa konalo cvi\u010denie civilnej ochrany a kr\u00edzov\u00e9ho riadenia Tiene v oblakoch. \u201eJa ako minister vn\u00fatra nie som ten, ktor\u00fd by iba sedel na zadku a niekde na bezpe\u010dnostnej rade a po\u010d\u00faval odpor\u00fa\u010dania. Ja tie odpor\u00fa\u010dania m\u00e1m a pr\u00e1ve na z\u00e1klade nich sme urobili cvi\u010denie Tiene v oblakoch, ktor\u00e9 jasne odmodelovalo pripravenos\u0165 krajiny,\u201c skon\u0161tatoval.<\/p>\n<p>O ceste na F1<\/p>\n<p>Minister trv\u00e1 na tom, \u017ee jeho medializovan\u00e1 cesta do Spojen\u00fdch arabsk\u00fdch emir\u00e1tov na preteky Formule 1 z roku 2024 bola dovolenkou, a nie slu\u017eobnou cestou. Ako dnes vyhl\u00e1sil v rel\u00e1cii, toto tvrdil od za\u010diatku.<\/p>\n<p>\u201eTo bola moja s\u00fakromn\u00e1 dovolenka, v r\u00e1mci ktorej som mal aj pracovn\u00e9 pozvanie. V r\u00e1mci toho som mal mo\u017enos\u0165, ako politik, absolvova\u0165 aj z\u00e1kulisie pretekov. Dovolenka bol hraden\u00e1 zo s\u00fakromn\u00fdch zdrojov,\u201c povedal minister.<\/p>\n<p>Z\u00e1rove\u0148 \u0160utaj E\u0161tok skon\u0161tatoval, \u017ee garanciou dodato\u010dn\u00e9ho vyplatenia n\u00e1kladov na dovolenku bola jeho poz\u00edcia. \u201eMysl\u00edm si, \u017ee dnes ka\u017ed\u00fd dnes vie, \u017ee minister vn\u00fatra ko\u013eko zar\u00e1ba &#8211; je to verejn\u00e9 a transparentn\u00e9 &#8211; \u017ee disponuje nejak\u00fdmi finan\u010dn\u00fdmi prostriedkami. Asi by bolo komick\u00e9, keby minister vn\u00fatra nebol schopn\u00fd zaplati\u0165 za dovolenku,\u201c dodal \u0160utaj E\u0161tok.<\/p>\n<p>V pr\u00edpade sporu SNS a ministra \u017eivotn\u00e9ho prostredia Tom\u00e1\u0161a Tarabu (nominant SNS) nie je pod\u013ea \u0161\u00e9fa Hlasu inej mo\u017enosti, ako re\u0161pektova\u0165 koali\u010dn\u00fa zmluvu. \u201eA t\u00e1 hovor\u00ed jasne o tom, \u017ee ak predseda politickej strany po\u017eiada predsedu vl\u00e1dy o odvolanie ministra, m\u00e1 sa to udia\u0165. Samozrejme, potom tu je ot\u00e1zka, \u010di t\u00e1 politick\u00e1 strana dok\u00e1\u017ee na\u010falej garantova\u0165 po\u010det poslancov, ktor\u00ed stoja za touto vl\u00e1dnou koal\u00edciou,\u201c povedal s t\u00fdm, \u017ee to si u\u017e mus\u00ed vyrie\u0161i\u0165 predseda SNS Andrej Danko s premi\u00e9rom Robertom Ficom (Smer). \u0160utaj E\u0161tok z\u00e1rove\u0148 odmieta, \u017ee by Taraba dostal ponuku miesta na kandid\u00e1tke Hlasu vo vo\u013eb\u00e1ch. \u201eTak\u00e9to \u00favahy nikdy neboli aktu\u00e1lne a ani aktu\u00e1lne nie s\u00fa,\u201c odpovedal.<\/p>\n<p>\u0160utaj E\u0161tok z\u00e1rove\u0148 vyhl\u00e1sil, \u017ee si nevie predstavi\u0165 spolupr\u00e1cu s PS ani s mimoparlamentnou Republikou. V Pre\u0161ovskom kraji dostane zrejme podporu Hlasu kandid\u00e1tka Smeru za \u0161\u00e9fku kraja Judita La\u0161\u0161\u00e1kov\u00e1, ktor\u00e1 je v s\u00fa\u010dasnosti europoslanky\u0148ou.<\/p>\n<p><a href=\"https:\/\/debata.pravda.sk\/debata\/2036497-sutaj-estok-ide-po-skandale-znovu-obstaravat-bezpecnostne-kamery-pridava-aj-novy-projekt-dvaja-ludia-skoncili\/\" class=\"detail_text_socials_item debata debata-count-decorator\" data-count=\"42\" rel=\"nofollow noopener\" target=\"_blank\"><\/p>\n<p>debata<\/p>\n<p><\/a><\/p>\n<p><a href=\"https:\/\/www.pravda.sk\/mreporter\" class=\"detail_text_socials_item hide\" id=\"mreporter-button\" rel=\"nofollow noopener\" target=\"_blank\"><\/p>\n<p>mReport\u00e9r<\/p>\n<p><\/a><\/p>\n<p><img decoding=\"async\" src=\"https:\/\/ipravda.sk\/res\/www\/sorry.svg\" alt=\"\u013dutujeme\" height=\"75\"\/><\/p>\n<p>V\u00e1\u017een\u00ed \u010ditatelia, pod t\u00fdmto \u010dl\u00e1nkom sme diskusiu zastavili<\/p>\n<p>\nPrevl\u00e1dali v nej pr\u00edspevky, ktor\u00e9 boli v rozpore s pravidlami debaty aj dobr\u00fdmi mravmi. Cel\u00fa debatu sme<br \/>\nvymazali, autorom v\u0161etk\u00fdch slu\u0161n\u00fdch pr\u00edspevkov sa ospravedl\u0148ujeme.\n<\/p>\n<p>\n\u010eakujeme za pochopenie a te\u0161\u00edme sa na slu\u0161n\u00e9 debaty pod in\u00fdmi \u010dl\u00e1nkami.\n<\/p>\n<p>Rozumiem<\/p>\n","protected":false},"excerpt":{"rendered":"S\u00fa\u010das\u0165ou pod\u013ea neho bude aj bezpe\u010dnostn\u00fd projekt, ktor\u00fd nebol vypracovan\u00fd v pr\u00edpade testovacej prev\u00e1dzky dvoch kamier, v ktor\u00fdch&hellip;\n","protected":false},"author":2,"featured_media":172042,"comment_status":"","ping_status":"","sticky":false,"template":"","format":"standard","meta":{"footnotes":"","_share_on_mastodon":"0"},"categories":[32],"tags":[34,37,33,43,40,39,42,41,36,38,35],"class_list":["post-172041","post","type-post","status-publish","format-standard","has-post-thumbnail","category-spravy","tag-headlines","tag-hlavne-spravy","tag-news","tag-sk","tag-slovak","tag-slovakia","tag-slovencina","tag-slovensko","tag-spravy","tag-titulky","tag-top-stories"],"share_on_mastodon":{"url":"https:\/\/pubeurope.com\/@sk\/117224473326994145","error":""},"_links":{"self":[{"href":"https:\/\/www.europesays.com\/sk\/wp-json\/wp\/v2\/posts\/172041","targetHints":{"allow":["GET"]}}],"collection":[{"href":"https:\/\/www.europesays.com\/sk\/wp-json\/wp\/v2\/posts"}],"about":[{"href":"https:\/\/www.europesays.com\/sk\/wp-json\/wp\/v2\/types\/post"}],"author":[{"embeddable":true,"href":"https:\/\/www.europesays.com\/sk\/wp-json\/wp\/v2\/users\/2"}],"replies":[{"embeddable":true,"href":"https:\/\/www.europesays.com\/sk\/wp-json\/wp\/v2\/comments?post=172041"}],"version-history":[{"count":0,"href":"https:\/\/www.europesays.com\/sk\/wp-json\/wp\/v2\/posts\/172041\/revisions"}],"wp:featuredmedia":[{"embeddable":true,"href":"https:\/\/www.europesays.com\/sk\/wp-json\/wp\/v2\/media\/172042"}],"wp:attachment":[{"href":"https:\/\/www.europesays.com\/sk\/wp-json\/wp\/v2\/media?parent=172041"}],"wp:term":[{"taxonomy":"category","embeddable":true,"href":"https:\/\/www.europesays.com\/sk\/wp-json\/wp\/v2\/categories?post=172041"},{"taxonomy":"post_tag","embeddable":true,"href":"https:\/\/www.europesays.com\/sk\/wp-json\/wp\/v2\/tags?post=172041"}],"curies":[{"name":"wp","href":"https:\/\/api.w.org\/{rel}","templated":true}]}}