{"id":17206,"date":"2026-03-13T03:54:10","date_gmt":"2026-03-13T03:54:10","guid":{"rendered":"https:\/\/www.europesays.com\/sk\/17206\/"},"modified":"2026-03-13T03:54:10","modified_gmt":"2026-03-13T03:54:10","slug":"policia-zasahuje-pri-akcii-hlavicka-zameranej-na-drogovu-trestnu-cinnost","status":"publish","type":"post","link":"https:\/\/www.europesays.com\/sk\/17206\/","title":{"rendered":"Pol\u00edcia zasahuje pri akcii Hlavi\u010dka zameranej na drogov\u00fa trestn\u00fa \u010dinnos\u0165"},"content":{"rendered":"<p>            BRATISLAVA  \/<br \/>\n         Od skor\u00fdch rann\u00fdch hod\u00edn zasahuje N\u00e1rodn\u00e1 protidrogov\u00e1 jednotka Prez\u00eddia Policajn\u00e9ho zboru &#8211; oddelenie Z\u00e1pad v r\u00e1mci akcie Hlavi\u010dka zameranej na drogov\u00fa trestn\u00fa \u010dinnos\u0165.\n    <\/p>\n<p class=\"text\">Pol\u00edcia zasahuje pri akcii Hlavi\u010dka<\/p>\n<p>Pol\u00edcia SR o protidrogovej razii informovala na soci\u00e1lnej sieti. \u201eAktu\u00e1lne prebiehaj\u00fa rozsiahle procesn\u00e9 \u00fakony, o priebehu realiz\u00e1cie budeme priebe\u017ene informova\u0165,\u201c nap\u00edsali policajti.<\/p>\n<p>Pod\u013ea inform\u00e1ci\u00ed TV JOJ pol\u00edcia od 5. hodiny r\u00e1no zasahuje v Trnave, v oblasti bytov\u00fdch domov v mestskej \u010dasti Modranka. Na mieste s\u00fa ozbrojen\u00ed kukl\u00e1\u010di aj so psovodmi s pribli\u017ene dvadsiatimi policajn\u00fdmi autami.<\/p>\n<p>Zaistili mno\u017estvo dr\u00f4g aj peniaze v hotovosti<\/p>\n<p>Akcia je \u00fadajne zameran\u00e1 na obchod s metamfetam\u00ednom. Pod\u013ea susedov sa na mieste poslednou dobou pohybovali &#8222;zvl\u00e1\u0161tni&#8220; \u013eudia.<\/p>\n<p>Policajti doteraz zadr\u017eali \u0161es\u0165 Slov\u00e1kov podozriv\u00fdch z obchodovania s drogami po celom Slovensku. N\u00e1rodn\u00e1 protidrogov\u00e1 jednotka pri domov\u00fdch prehliadk\u00e1ch zaistila mno\u017estvo pervit\u00ednu, kokainu \u010di marihuany a viac ako 100-tis\u00edc eur v hotovosti. Okrem toho zaistili aj luxusn\u00e9 biele auto zna\u010dky Porsche.<\/p>\n<p>Na mieste je n\u00e1\u0161 redaktor Andrej Zav\u0159el, ktor\u00fd zis\u0165uje viac inform\u00e1ci\u00ed do dne\u0161n\u00e9ho vysielania KRIMI o 19:00.<\/p>\n<p>\u200b<\/p>\n","protected":false},"excerpt":{"rendered":"BRATISLAVA \/ Od skor\u00fdch rann\u00fdch hod\u00edn zasahuje N\u00e1rodn\u00e1 protidrogov\u00e1 jednotka Prez\u00eddia Policajn\u00e9ho zboru &#8211; oddelenie Z\u00e1pad v r\u00e1mci&hellip;\n","protected":false},"author":2,"featured_media":17207,"comment_status":"","ping_status":"","sticky":false,"template":"","format":"standard","meta":{"footnotes":"","_share_on_mastodon":"0"},"categories":[32],"tags":[1232,34,37,33,5712,525,43,40,39,42,41,36,38,35],"class_list":["post-17206","post","type-post","status-publish","format-standard","has-post-thumbnail","category-spravy","tag-akcia","tag-headlines","tag-hlavne-spravy","tag-news","tag-policajna-akcia","tag-policia","tag-sk","tag-slovak","tag-slovakia","tag-slovencina","tag-slovensko","tag-spravy","tag-titulky","tag-top-stories"],"share_on_mastodon":{"url":"https:\/\/pubeurope.com\/@sk\/116219849125166916","error":""},"_links":{"self":[{"href":"https:\/\/www.europesays.com\/sk\/wp-json\/wp\/v2\/posts\/17206","targetHints":{"allow":["GET"]}}],"collection":[{"href":"https:\/\/www.europesays.com\/sk\/wp-json\/wp\/v2\/posts"}],"about":[{"href":"https:\/\/www.europesays.com\/sk\/wp-json\/wp\/v2\/types\/post"}],"author":[{"embeddable":true,"href":"https:\/\/www.europesays.com\/sk\/wp-json\/wp\/v2\/users\/2"}],"replies":[{"embeddable":true,"href":"https:\/\/www.europesays.com\/sk\/wp-json\/wp\/v2\/comments?post=17206"}],"version-history":[{"count":0,"href":"https:\/\/www.europesays.com\/sk\/wp-json\/wp\/v2\/posts\/17206\/revisions"}],"wp:featuredmedia":[{"embeddable":true,"href":"https:\/\/www.europesays.com\/sk\/wp-json\/wp\/v2\/media\/17207"}],"wp:attachment":[{"href":"https:\/\/www.europesays.com\/sk\/wp-json\/wp\/v2\/media?parent=17206"}],"wp:term":[{"taxonomy":"category","embeddable":true,"href":"https:\/\/www.europesays.com\/sk\/wp-json\/wp\/v2\/categories?post=17206"},{"taxonomy":"post_tag","embeddable":true,"href":"https:\/\/www.europesays.com\/sk\/wp-json\/wp\/v2\/tags?post=17206"}],"curies":[{"name":"wp","href":"https:\/\/api.w.org\/{rel}","templated":true}]}}