{"id":172065,"date":"2026-09-06T14:29:11","date_gmt":"2026-09-06T14:29:11","guid":{"rendered":"https:\/\/www.europesays.com\/sk\/172065\/"},"modified":"2026-09-06T14:29:11","modified_gmt":"2026-09-06T14:29:11","slug":"lavrov-oznacil-nemecke-obvinenie-ruska-za-zaciatok-skutocnej-vojny","status":"publish","type":"post","link":"https:\/\/www.europesays.com\/sk\/172065\/","title":{"rendered":"Lavrov ozna\u010dil nemeck\u00e9 obvinenie Ruska za \u201eza\u010diatok skuto\u010dnej vojny\u201c"},"content":{"rendered":"<p>Nemecko tvrd\u00ed, \u017ee za pl\u00e1novan\u00fdm \u00fatokom dronom na letisku Lipsko\/Halle st\u00e1lo Rusko. Moskva obvinenia odmieta a Lavrov hovor\u00ed o eskal\u00e1cii so Z\u00e1padom.<\/p>\n<p class=\"article-content-paragraph mb-4\">Rusk\u00fd minister zahrani\u010dn\u00fdch vec\u00ed Sergej Lavrov v nede\u013eu uviedol, \u017ee obvinenia Z\u00e1padu, pod\u013ea ktor\u00fdch Moskva st\u00e1la za incidentom s dronom na letisku v nemeckom Lipsku, s\u00fa \u201ev podstate za\u010diatkom skuto\u010dnej vojny\u201c. Informovala o tom v nede\u013eu rusk\u00e1 agent\u00fara TASS, ktor\u00fa citovali agent\u00fary Reuters a AFP a britsk\u00e1 stanica SkyNews, p\u00ed\u0161e TASR.<\/p>\n<p class=\"article-content-paragraph mb-4\">Nemecko 1. septembra ozn\u00e1milo, \u017ee za zmaren\u00fd \u00fatok dronom na letisku Lipsko\/Halle je pod\u013ea zisten\u00ed nemeckej vl\u00e1dy zodpovedn\u00e9 Rusko. Z\u00e1ver vych\u00e1dza z v\u00fdsledkov vy\u0161etrovania a poznatkov spravodajsk\u00fdch slu\u017eieb. Berl\u00edn v reakcii ozn\u00e1mil zatvorenie rusk\u00e9ho konzul\u00e1tu v Bonne a rusk\u00e9ho kult\u00farneho centra v Berl\u00edne.<\/p>\n<p>Hybridn\u00e9 oper\u00e1cie v Eur\u00f3pe<\/p>\n<p class=\"article-content-paragraph mb-4\">Uviedol, \u017ee tento komplot bol s\u00fa\u010das\u0165ou \u201e\u0161ir\u0161ieho vzorca rusk\u00fdch hybridn\u00fdch oper\u00e1ci\u00ed v Eur\u00f3pe\u201c.<\/p>\n<p class=\"article-content-paragraph mb-4\">Rusko odmietlo nemeck\u00e9 obvinenia ako nepodlo\u017een\u00e9 a obvinilo Berl\u00edn z fal\u0161ovania d\u00f4kazov s cie\u013eom zvali\u0165 vinu za \u00fatok na Rusko.<\/p>\n<p class=\"article-content-paragraph mb-4\">\u201eV\u0161etky tieto vyhl\u00e1senia (nemeck\u00e9ho kancel\u00e1ra Friedricha) Merza o tom, \u017ee Nemecko sa m\u00e1 op\u00e4\u0165 sta\u0165 ved\u00facou vojenskou mocnos\u0165ou v Eur\u00f3pe, sa teraz pretavuj\u00fa do praxe,\u201c povedal Lavrov.<\/p>\n<p>Obvinenie z nacizmu<\/p>\n<p class=\"article-content-paragraph mb-4\">\u201eV podstate ide o za\u010diatok skuto\u010dnej vojny. Vyhostili gener\u00e1lneho konzula z Bonnu. Zatv\u00e1raj\u00fa Rusk\u00fd dom (kult\u00farne centrum) v Berl\u00edne. Spom\u00ednam si, \u017ee pred za\u010diatkom druhej svetovej vojny&#8230; Znovu chc\u00fa vojnu,\u201c povedal Lavrov report\u00e9rovi \u0161t\u00e1tnej telev\u00edzie.<\/p>\n<p class=\"article-content-paragraph mb-4\">Obvinil Nemecko z nacizmu a dodal, \u017ee \u201erusk\u00e9 vedenie z toho vyvod\u00ed pr\u00edslu\u0161n\u00e9 z\u00e1very\u201c.<\/p>\n","protected":false},"excerpt":{"rendered":"Nemecko tvrd\u00ed, \u017ee za pl\u00e1novan\u00fdm \u00fatokom dronom na letisku Lipsko\/Halle st\u00e1lo Rusko. Moskva obvinenia odmieta a Lavrov hovor\u00ed&hellip;\n","protected":false},"author":2,"featured_media":172066,"comment_status":"","ping_status":"","sticky":false,"template":"","format":"standard","meta":{"footnotes":"","_share_on_mastodon":"0"},"categories":[8],"tags":[33,43,40,42,36,50,49,48],"class_list":["post-172065","post","type-post","status-publish","format-standard","has-post-thumbnail","category-svet","tag-news","tag-sk","tag-slovak","tag-slovencina","tag-spravy","tag-svet","tag-world","tag-world-news"],"share_on_mastodon":{"url":"https:\/\/pubeurope.com\/@sk\/117224575535701631","error":""},"_links":{"self":[{"href":"https:\/\/www.europesays.com\/sk\/wp-json\/wp\/v2\/posts\/172065","targetHints":{"allow":["GET"]}}],"collection":[{"href":"https:\/\/www.europesays.com\/sk\/wp-json\/wp\/v2\/posts"}],"about":[{"href":"https:\/\/www.europesays.com\/sk\/wp-json\/wp\/v2\/types\/post"}],"author":[{"embeddable":true,"href":"https:\/\/www.europesays.com\/sk\/wp-json\/wp\/v2\/users\/2"}],"replies":[{"embeddable":true,"href":"https:\/\/www.europesays.com\/sk\/wp-json\/wp\/v2\/comments?post=172065"}],"version-history":[{"count":0,"href":"https:\/\/www.europesays.com\/sk\/wp-json\/wp\/v2\/posts\/172065\/revisions"}],"wp:featuredmedia":[{"embeddable":true,"href":"https:\/\/www.europesays.com\/sk\/wp-json\/wp\/v2\/media\/172066"}],"wp:attachment":[{"href":"https:\/\/www.europesays.com\/sk\/wp-json\/wp\/v2\/media?parent=172065"}],"wp:term":[{"taxonomy":"category","embeddable":true,"href":"https:\/\/www.europesays.com\/sk\/wp-json\/wp\/v2\/categories?post=172065"},{"taxonomy":"post_tag","embeddable":true,"href":"https:\/\/www.europesays.com\/sk\/wp-json\/wp\/v2\/tags?post=172065"}],"curies":[{"name":"wp","href":"https:\/\/api.w.org\/{rel}","templated":true}]}}