{"id":172069,"date":"2026-09-06T14:31:11","date_gmt":"2026-09-06T14:31:11","guid":{"rendered":"https:\/\/www.europesays.com\/sk\/172069\/"},"modified":"2026-09-06T14:31:11","modified_gmt":"2026-09-06T14:31:11","slug":"pri-nehode-v-kovacovciach-zomrel-clovek-dalsi-je-tazko-zraneny","status":"publish","type":"post","link":"https:\/\/www.europesays.com\/sk\/172069\/","title":{"rendered":"Pri nehode v Kov\u00e1\u010dovciach zomrel \u010dlovek, \u010fal\u0161\u00ed je \u0165a\u017eko zranen\u00fd"},"content":{"rendered":"<p>VE\u013dK\u00dd KRT\u00cd\u0160 &#8211; Pri dopravnej nehode v Kov\u00e1\u010dovciach vo Ve\u013ekokrt\u00ed\u0161skom okrese zomrel v nede\u013eu motocyklista, jedna osoba je \u0165a\u017eko zranen\u00e1. Informovalo opera\u010dn\u00e9 stredisko Krajsk\u00e9ho riadite\u013estva Hasi\u010dsk\u00e9ho a z\u00e1chrann\u00e9ho zboru (HaZZ) v Banskej Bystrici.<\/p>\n<p>Uviedlo, \u017ee i\u0161lo o dopravn\u00fa nehodu osobn\u00e9ho auta a motocykla, na ktorom sedeli dvaja \u013eudia. Na mieste zasahuj\u00fa \u0161tyria pr\u00edslu\u0161n\u00edci HaZZ s technikou, dorazili aj policajti a z\u00e1chran\u00e1ri, privolan\u00fd bol i vrtu\u013en\u00edk.<\/p>\n","protected":false},"excerpt":{"rendered":"VE\u013dK\u00dd KRT\u00cd\u0160 &#8211; Pri dopravnej nehode v Kov\u00e1\u010dovciach vo Ve\u013ekokrt\u00ed\u0161skom okrese zomrel v nede\u013eu motocyklista, jedna osoba je&hellip;\n","protected":false},"author":2,"featured_media":172070,"comment_status":"","ping_status":"","sticky":false,"template":"","format":"standard","meta":{"footnotes":"","_share_on_mastodon":"0"},"categories":[32],"tags":[150,34,37,7948,535,33,43,40,39,42,41,36,38,35],"class_list":["post-172069","post","type-post","status-publish","format-standard","has-post-thumbnail","category-spravy","tag-hasici","tag-headlines","tag-hlavne-spravy","tag-motorkar","tag-nehoda","tag-news","tag-sk","tag-slovak","tag-slovakia","tag-slovencina","tag-slovensko","tag-spravy","tag-titulky","tag-top-stories"],"share_on_mastodon":{"url":"https:\/\/pubeurope.com\/@sk\/117224583015954954","error":""},"_links":{"self":[{"href":"https:\/\/www.europesays.com\/sk\/wp-json\/wp\/v2\/posts\/172069","targetHints":{"allow":["GET"]}}],"collection":[{"href":"https:\/\/www.europesays.com\/sk\/wp-json\/wp\/v2\/posts"}],"about":[{"href":"https:\/\/www.europesays.com\/sk\/wp-json\/wp\/v2\/types\/post"}],"author":[{"embeddable":true,"href":"https:\/\/www.europesays.com\/sk\/wp-json\/wp\/v2\/users\/2"}],"replies":[{"embeddable":true,"href":"https:\/\/www.europesays.com\/sk\/wp-json\/wp\/v2\/comments?post=172069"}],"version-history":[{"count":0,"href":"https:\/\/www.europesays.com\/sk\/wp-json\/wp\/v2\/posts\/172069\/revisions"}],"wp:featuredmedia":[{"embeddable":true,"href":"https:\/\/www.europesays.com\/sk\/wp-json\/wp\/v2\/media\/172070"}],"wp:attachment":[{"href":"https:\/\/www.europesays.com\/sk\/wp-json\/wp\/v2\/media?parent=172069"}],"wp:term":[{"taxonomy":"category","embeddable":true,"href":"https:\/\/www.europesays.com\/sk\/wp-json\/wp\/v2\/categories?post=172069"},{"taxonomy":"post_tag","embeddable":true,"href":"https:\/\/www.europesays.com\/sk\/wp-json\/wp\/v2\/tags?post=172069"}],"curies":[{"name":"wp","href":"https:\/\/api.w.org\/{rel}","templated":true}]}}