{"id":172081,"date":"2026-09-06T14:43:10","date_gmt":"2026-09-06T14:43:10","guid":{"rendered":"https:\/\/www.europesays.com\/sk\/172081\/"},"modified":"2026-09-06T14:43:10","modified_gmt":"2026-09-06T14:43:10","slug":"tak-toto-tu-este-nebolo-agresivny-pasazier-vyvadzal-v-lietadle-a-hryzol-prilepili-ho-k-sedacke-lepiacou-paskou","status":"publish","type":"post","link":"https:\/\/www.europesays.com\/sk\/172081\/","title":{"rendered":"Tak TOTO tu e\u0161te nebolo! Agres\u00edvny pasa\u017eier vyv\u00e1dzal v lietadle a hr\u00fdzol: Prilepili ho k seda\u010dke lepiacou p\u00e1skou"},"content":{"rendered":"<p>DALLAS &#8211; Nepr\u00edjemn\u00fa situ\u00e1ciu vyrie\u0161ili skuto\u010dne origin\u00e1lne. Cestuj\u00faci sa po\u010das letu z Dallasu do Newarku v New Jersey choval tak agres\u00edvne, \u017ee ho pos\u00e1dka musela k sedadlu dolosva prilepi\u0165 &#8211; lepiacou p\u00e1skou. <\/p>\n<p>Pod\u013ea o\u010dit\u00fdch svedkov sa situ\u00e1cia vyhrotila zhruba za polovicu letu, ke\u010f sa mu\u017e za\u010dal spr\u00e1va\u0165 agres\u00edvne a pou\u017e\u00edval rasistick\u00e9 a homof\u00f3bne nad\u00e1vky. Letu\u0161ka sa sna\u017eila situ\u00e1ciu najsk\u00f4r upokoji\u0165 \u0161tandardn\u00fdm sp\u00f4sobom, av\u0161ak ne\u00faspe\u0161ne. Mu\u017e sa \u010doraz viac roz\u010du\u013eoval a dokoca za\u010dal bi\u0165 cestuj\u00faceho sediaceho ved\u013ea seba. Po tom udrel aj\u00a0 \u017eenu, ktor\u00e1 sa pok\u00fasila zasiahnu\u0165, pi\u0161e <a href=\"https:\/\/edition.cnn.com\/2026\/09\/04\/us\/disruptive-passenger-duct-tape\" target=\"_blank\" rel=\"nofollow noopener\">CNN<\/a>.<\/p>\n<p>Mu\u017e dokonca za\u010dal hr\u00fdz\u0165, \u010do nakoniec prin\u00fatilo troch mu\u017eov, aby ho znehybnili lepiacou p\u00e1skou od letu\u0161ky. &#8222;Bezpe\u010dnos\u0165 a ochrana na\u0161ich z\u00e1kazn\u00edkov a \u010dlenov t\u00edmu je na\u0161ou najvy\u0161\u0161ou prioritou a netolerujeme n\u00e1silie,&#8220; uviedla vo svojom vyhl\u00e1sen\u00ed spolo\u010dnos\u0165 American Airlines.\u00a0V mnoh\u00fdch komer\u010dn\u00fdch lietadl\u00e1ch sa nach\u00e1dzaj\u00fa lepiace p\u00e1sky a flexibiln\u00e9 put\u00e1, ktor\u00e9 sa pou\u017e\u00edvaj\u00fa na obmedzenie n\u00e1siln\u00fdch alebo ru\u0161iv\u00fdch cestuj\u00facich.<\/p>\n<p>Lietadlo n\u00e1sledne n\u00fadzovo prist\u00e1lo v Baltimore, kde mu\u017ea vyviedli a zadr\u017eali.\u00a0<\/p>\n","protected":false},"excerpt":{"rendered":"DALLAS &#8211; Nepr\u00edjemn\u00fa situ\u00e1ciu vyrie\u0161ili skuto\u010dne origin\u00e1lne. Cestuj\u00faci sa po\u010das letu z Dallasu do Newarku v New Jersey&hellip;\n","protected":false},"author":2,"featured_media":172082,"comment_status":"","ping_status":"","sticky":false,"template":"","format":"standard","meta":{"footnotes":"","_share_on_mastodon":"0"},"categories":[8],"tags":[39518,6287,33,29025,43,40,42,36,50,49,48],"class_list":["post-172081","post","type-post","status-publish","format-standard","has-post-thumbnail","category-svet","tag-lepiaca-paska","tag-lietadlo","tag-news","tag-pasazier","tag-sk","tag-slovak","tag-slovencina","tag-spravy","tag-svet","tag-world","tag-world-news"],"share_on_mastodon":{"url":"https:\/\/pubeurope.com\/@sk\/117224630357983412","error":""},"_links":{"self":[{"href":"https:\/\/www.europesays.com\/sk\/wp-json\/wp\/v2\/posts\/172081","targetHints":{"allow":["GET"]}}],"collection":[{"href":"https:\/\/www.europesays.com\/sk\/wp-json\/wp\/v2\/posts"}],"about":[{"href":"https:\/\/www.europesays.com\/sk\/wp-json\/wp\/v2\/types\/post"}],"author":[{"embeddable":true,"href":"https:\/\/www.europesays.com\/sk\/wp-json\/wp\/v2\/users\/2"}],"replies":[{"embeddable":true,"href":"https:\/\/www.europesays.com\/sk\/wp-json\/wp\/v2\/comments?post=172081"}],"version-history":[{"count":0,"href":"https:\/\/www.europesays.com\/sk\/wp-json\/wp\/v2\/posts\/172081\/revisions"}],"wp:featuredmedia":[{"embeddable":true,"href":"https:\/\/www.europesays.com\/sk\/wp-json\/wp\/v2\/media\/172082"}],"wp:attachment":[{"href":"https:\/\/www.europesays.com\/sk\/wp-json\/wp\/v2\/media?parent=172081"}],"wp:term":[{"taxonomy":"category","embeddable":true,"href":"https:\/\/www.europesays.com\/sk\/wp-json\/wp\/v2\/categories?post=172081"},{"taxonomy":"post_tag","embeddable":true,"href":"https:\/\/www.europesays.com\/sk\/wp-json\/wp\/v2\/tags?post=172081"}],"curies":[{"name":"wp","href":"https:\/\/api.w.org\/{rel}","templated":true}]}}