{"id":172097,"date":"2026-09-06T14:59:17","date_gmt":"2026-09-06T14:59:17","guid":{"rendered":"https:\/\/www.europesays.com\/sk\/172097\/"},"modified":"2026-09-06T14:59:17","modified_gmt":"2026-09-06T14:59:17","slug":"video-hroza-na-leteckej-sou-stihacka-explodovala-len-kusok-od-tisicok-divakov","status":"publish","type":"post","link":"https:\/\/www.europesays.com\/sk\/172097\/","title":{"rendered":"VIDEO Hr\u00f4za na leteckej \u0161ou: St\u00edha\u010dka explodovala len k\u00fasok od tis\u00edcok div\u00e1kov"},"content":{"rendered":"<p>   Dvojmiestna st\u00edha\u010dka F-4 Phantom sa zr\u00fatila po\u010das leteckej prehliadky.Po hav\u00e1rii vznikol rozsiahly po\u017eiar a st\u00fapali ve\u013ek\u00e9 oblaky \u010dierneho dymu.Piloti sa pod\u013ea miestnych m\u00e9di\u00ed nekatapultovali.   <\/p>\n<p article=\"[object Object]\" class=\"md:text-article-content leading-relaxed md:leading-normal mt-5 lg:mt-10 false\">St\u00edha\u010dka gr\u00e9ckych vzdu\u0161n\u00fdch s\u00edl sa v sobotu z\u00farila po\u010das leteckej prehliadky severne od At\u00e9n, dvaja jej piloti pri\u0161li o \u017eivot. Pri hav\u00e1rii vznikol po\u017eiar a ve\u013ek\u00e9 oblaky \u010dierneho dymu st\u00fapali do vzduchu nieko\u013eko sto metrov od div\u00e1kov. Pr\u00ed\u010dina zr\u00fatenia nie je zatia\u013e zn\u00e1ma, informuje TASR pod\u013ea agent\u00far AP a AFP.<\/p>\n<p article=\"[object Object]\" class=\"md:text-article-content leading-relaxed md:leading-normal mt-5 lg:mt-10 false\">Dvojmiestny stroj F-4 Phantom havaroval kr\u00e1tko po \u0161tarte pri man\u00e9vri v n\u00edzkej v\u00fd\u0161ke, uviedol novin\u00e1r verejnopr\u00e1vnej telev\u00edzie ERT, ktor\u00fd bol na z\u00e1kladni Tanagra. Bli\u017e\u0161ie okolnosti hav\u00e1rie nie s\u00fa jasn\u00e9, no piloti sa pod\u013ea miestnych m\u00e9di\u00ed nekatapultovali.<\/p>\n<p article=\"[object Object]\" class=\"md:text-article-content leading-relaxed md:leading-normal mt-5 lg:mt-10 false\">Tis\u00edce div\u00e1kov ka\u017edoro\u010dnej leteckej \u0161ou Athens Flying Week sledovali, ako lietadlo n\u00e1hle spadlo a nastal v\u00fdbuch. Z\u00e1chrann\u00fdm t\u00edmom pod\u013ea arm\u00e1dy br\u00e1nil v pr\u00edstupe k miestu po\u017eiar. Do boja proti nemu nasadili 85 hasi\u010dov, ktor\u00fdm pom\u00e1halo 11 lietadiel a vrtu\u013en\u00edkov na zhadzovanie vody. Gr\u00e9cky minister obrany Nikos Dendias zru\u0161il cestu na medzin\u00e1rodn\u00fd ve\u013etrh v Sol\u00fane, aby nav\u0161t\u00edvil miesto nehody.<\/p>\n","protected":false},"excerpt":{"rendered":"Dvojmiestna st\u00edha\u010dka F-4 Phantom sa zr\u00fatila po\u010das leteckej prehliadky.Po hav\u00e1rii vznikol rozsiahly po\u017eiar a st\u00fapali ve\u013ek\u00e9 oblaky \u010dierneho&hellip;\n","protected":false},"author":2,"featured_media":172098,"comment_status":"","ping_status":"","sticky":false,"template":"","format":"standard","meta":{"footnotes":"","_share_on_mastodon":"0"},"categories":[32],"tags":[34,37,33,43,40,39,42,41,36,38,35],"class_list":["post-172097","post","type-post","status-publish","format-standard","has-post-thumbnail","category-spravy","tag-headlines","tag-hlavne-spravy","tag-news","tag-sk","tag-slovak","tag-slovakia","tag-slovencina","tag-slovensko","tag-spravy","tag-titulky","tag-top-stories"],"share_on_mastodon":{"url":"https:\/\/pubeurope.com\/@sk\/117224693200281285","error":""},"_links":{"self":[{"href":"https:\/\/www.europesays.com\/sk\/wp-json\/wp\/v2\/posts\/172097","targetHints":{"allow":["GET"]}}],"collection":[{"href":"https:\/\/www.europesays.com\/sk\/wp-json\/wp\/v2\/posts"}],"about":[{"href":"https:\/\/www.europesays.com\/sk\/wp-json\/wp\/v2\/types\/post"}],"author":[{"embeddable":true,"href":"https:\/\/www.europesays.com\/sk\/wp-json\/wp\/v2\/users\/2"}],"replies":[{"embeddable":true,"href":"https:\/\/www.europesays.com\/sk\/wp-json\/wp\/v2\/comments?post=172097"}],"version-history":[{"count":0,"href":"https:\/\/www.europesays.com\/sk\/wp-json\/wp\/v2\/posts\/172097\/revisions"}],"wp:featuredmedia":[{"embeddable":true,"href":"https:\/\/www.europesays.com\/sk\/wp-json\/wp\/v2\/media\/172098"}],"wp:attachment":[{"href":"https:\/\/www.europesays.com\/sk\/wp-json\/wp\/v2\/media?parent=172097"}],"wp:term":[{"taxonomy":"category","embeddable":true,"href":"https:\/\/www.europesays.com\/sk\/wp-json\/wp\/v2\/categories?post=172097"},{"taxonomy":"post_tag","embeddable":true,"href":"https:\/\/www.europesays.com\/sk\/wp-json\/wp\/v2\/tags?post=172097"}],"curies":[{"name":"wp","href":"https:\/\/api.w.org\/{rel}","templated":true}]}}