{"id":172113,"date":"2026-09-06T15:13:14","date_gmt":"2026-09-06T15:13:14","guid":{"rendered":"https:\/\/www.europesays.com\/sk\/172113\/"},"modified":"2026-09-06T15:13:14","modified_gmt":"2026-09-06T15:13:14","slug":"slovensko-si-predvola-ruskeho-velvyslanca","status":"publish","type":"post","link":"https:\/\/www.europesays.com\/sk\/172113\/","title":{"rendered":"Slovensko si predvol\u00e1 rusk\u00e9ho ve\u013evyslanca"},"content":{"rendered":"<p>BRATISLAVA &#8211; Slovensk\u00e9 ministerstvo zahrani\u010dn\u00fdch vec\u00ed si predvol\u00e1 rusk\u00e9ho ve\u013evyslanca na Slovensku, uviedol dnes vo vyhl\u00e1sen\u00ed minister zahrani\u010dia Juraj Blan\u00e1r. Moskvu kritizoval za dne\u0161n\u00fd dronov\u00fd \u00fatok na budovu ukrajinskej tajnej slu\u017eby SBU, ktor\u00e1 sa pod\u013ea neho nach\u00e1dza ne\u010faleko konzul\u00e1rneho pracoviska slovensk\u00e9ho ve\u013evyslanectva v Kyjeve. Blan\u00e1r povedal, \u017ee pracovisko je z bezpe\u010dnostn\u00fdch d\u00f4vodov vyu\u017e\u00edvan\u00e9 v obmedzenej miere a nikto v \u0148om nebol.<\/p>\n<p>&#8222;Vyz\u00fdvame Rusko, aby sa zdr\u017ealo krokov, ktor\u00e9 m\u00f4\u017eu ohrozi\u0165 \u017eivoty a bezpe\u010dnos\u0165 nevinn\u00fdch civilistov. Z\u00e1rove\u0148 apelujeme na obe strany, aby sa vyvarovali \u010fal\u0161ej eskal\u00e1cie, ktor\u00e1 zvy\u0161uje nap\u00e4tie a neprispieva k mierov\u00e9mu rie\u0161eniu konfliktu,&#8220;\u00a0uviedol Blan\u00e1r.<\/p>\n<p>Zasiahnutie s\u00eddla SBU dnes potvrdil ukrajinsk\u00fd prezident Volodymyr Zelenskyj s t\u00fdm, \u017ee ulo\u017eil \u0161\u00e9fovi tajnej slu\u017eby na rusk\u00fd \u00fatok odpoveda\u0165.<\/p>\n<p>Predstavitelia s\u00fa\u010dasnej slovenskej vl\u00e1dy premi\u00e9ra Roberta Fica verejne sk\u00f4r ojedinele kritizuj\u00fa Rusko za jeho pokra\u010duj\u00facu vojensk\u00fa agresiu vo\u010di Ukrajine. Ficov kabinet po svojom n\u00e1stupe do \u00faradu na jese\u0148 roku 2023 zastavil vojensk\u00fa pomoc Kyjevu zo \u0161t\u00e1tnych z\u00e1sob a s\u00e1m Fico opakovane kritizoval pr\u00edstup Eur\u00f3pskej \u00fanie k vojne na Ukrajine. Pod\u013ea serveru Politico sa ve\u013evyslanci \u010dlensk\u00fdch kraj\u00edn E\u00da tento t\u00fd\u017ede\u0148 pr\u00e1ve pre nes\u00fahlas Slovenska nezhodli na n\u00e1vrhu pred\u013a\u017ei\u0165 o 12 mesiacov sankcie uvalen\u00e9 na rusk\u00fdch ob\u010danov.<\/p>\n","protected":false},"excerpt":{"rendered":"BRATISLAVA &#8211; Slovensk\u00e9 ministerstvo zahrani\u010dn\u00fdch vec\u00ed si predvol\u00e1 rusk\u00e9ho ve\u013evyslanca na Slovensku, uviedol dnes vo vyhl\u00e1sen\u00ed minister zahrani\u010dia&hellip;\n","protected":false},"author":2,"featured_media":172114,"comment_status":"","ping_status":"","sticky":false,"template":"","format":"standard","meta":{"footnotes":"","_share_on_mastodon":"0"},"categories":[32],"tags":[34,37,6733,36521,33,21000,43,40,39,42,41,36,38,35,303,710],"class_list":["post-172113","post","type-post","status-publish","format-standard","has-post-thumbnail","category-spravy","tag-headlines","tag-hlavne-spravy","tag-juraj-blanar","tag-konzulat","tag-news","tag-predvolanie","tag-sk","tag-slovak","tag-slovakia","tag-slovencina","tag-slovensko","tag-spravy","tag-titulky","tag-top-stories","tag-ukrajina","tag-utok"],"share_on_mastodon":{"url":"https:\/\/pubeurope.com\/@sk\/117224748236138711","error":""},"_links":{"self":[{"href":"https:\/\/www.europesays.com\/sk\/wp-json\/wp\/v2\/posts\/172113","targetHints":{"allow":["GET"]}}],"collection":[{"href":"https:\/\/www.europesays.com\/sk\/wp-json\/wp\/v2\/posts"}],"about":[{"href":"https:\/\/www.europesays.com\/sk\/wp-json\/wp\/v2\/types\/post"}],"author":[{"embeddable":true,"href":"https:\/\/www.europesays.com\/sk\/wp-json\/wp\/v2\/users\/2"}],"replies":[{"embeddable":true,"href":"https:\/\/www.europesays.com\/sk\/wp-json\/wp\/v2\/comments?post=172113"}],"version-history":[{"count":0,"href":"https:\/\/www.europesays.com\/sk\/wp-json\/wp\/v2\/posts\/172113\/revisions"}],"wp:featuredmedia":[{"embeddable":true,"href":"https:\/\/www.europesays.com\/sk\/wp-json\/wp\/v2\/media\/172114"}],"wp:attachment":[{"href":"https:\/\/www.europesays.com\/sk\/wp-json\/wp\/v2\/media?parent=172113"}],"wp:term":[{"taxonomy":"category","embeddable":true,"href":"https:\/\/www.europesays.com\/sk\/wp-json\/wp\/v2\/categories?post=172113"},{"taxonomy":"post_tag","embeddable":true,"href":"https:\/\/www.europesays.com\/sk\/wp-json\/wp\/v2\/tags?post=172113"}],"curies":[{"name":"wp","href":"https:\/\/api.w.org\/{rel}","templated":true}]}}