{"id":172133,"date":"2026-09-06T15:39:07","date_gmt":"2026-09-06T15:39:07","guid":{"rendered":"https:\/\/www.europesays.com\/sk\/172133\/"},"modified":"2026-09-06T15:39:07","modified_gmt":"2026-09-06T15:39:07","slug":"cez-zahradu-sa-prehnal-vzdusny-vir-v-bazene-bol-najsilnejsi","status":"publish","type":"post","link":"https:\/\/www.europesays.com\/sk\/172133\/","title":{"rendered":"Cez z\u00e1hradu sa prehnal vzdu\u0161n\u00fd v\u00edr, v baz\u00e9ne bol najsilnej\u0161\u00ed"},"content":{"rendered":"<p>v americkom Kentucky prekvapil jedn\u00e9ho z miestnych vzdu\u0161n\u00fd v\u00edr. Preletel cez jeho baz\u00e9n \t\t\t\t\t\t(Zdroj: X\/Maria Mel)\t\t\t\t\t<\/p>\n<p>KENTUCKY \u2013 V Spojen\u00fdch \u0161t\u00e1toch nie je neobvykl\u00e9, ke\u010f sa raz za \u010das zjav\u00ed na chv\u00ed\u013eu mal\u00fd vzdu\u0161n\u00fd v\u00edr. I ke\u010f sa objavuje sk\u00f4r vo ve\u013emi such\u00fdch lokalit\u00e1ch, glob\u00e1lne otep\u013eovanie sp\u00f4sobilo, \u017ee sa u\u017e vyskytuje aj na t\u00fdch najviac nepravdepodobn\u00fdch miestach. Svoje o tom vie  majite\u013e domu, ktor\u00fd to za\u017eil na vlastn\u00e9 o\u010di. <\/p>\n<p>Bola nede\u013ea 30. augusta. Vo Fosteri v americkom \u0161t\u00e1te Kentucky panoval jasn\u00fd slne\u0161n\u00fd de\u0148. Jeden z miestnych obyvate\u013eov, Jeremy Honnert, sa rozhodlo vyu\u017ei\u0165 posledn\u00e9 slne\u010dn\u00e9 l\u00fa\u010de a \u013eahol si k baz\u00e9nu do z\u00e1hrady. Ako p\u00ed\u0161e <a href=\"https:\/\/uk.news.yahoo.com\/sunbather-unfazed-dust-devil-sends-232826605.html\" target=\"_blank\" rel=\"nofollow noopener\">Storyful,<\/a> pri\u0161lo ale nie\u010do ne\u010dakan\u00e9.<\/p>\n<p>Jeremy si najprv v\u0161imol, ako sa k ne\u010falek\u00e9mu stromu prir\u00fatil vzdu\u0161n\u00fd v\u00edr. Kme\u0148 sa na p\u00e1r sek\u00fand za\u010dal preh\u00fdna\u0165 do str\u00e1n, ale vietor napokon ustal.\u00a0<\/p>\n<p>Nafukova\u010dku odf\u00faklo do oblakov<\/p>\n<p>V okamihu sa ale v\u00edr premiestnil priamo do Jeremyho baz\u00e9na. Nasledovali chv\u00edle hr\u00f4zy. V\u0161etky nafukova\u010dky, ktor\u00e9 pl\u00e1vali na hladine baz\u00e9na, boli v okamihu pre\u010d. V\u00edr doslova preletel aj nad le\u017eadlo, kde sa Jeremy opa\u013eoval. Siln\u00fd vietor strhol karimatku, na ktorej le\u017eal a odf\u00fakol aj nieko\u013eko vank\u00fa\u0161ov.\u00a0<\/p>\n<p>Po chv\u00edle hr\u00f4zy trvalo Jeremimu nieko\u013eko sek\u00fand, k\u00fdm si uvedomil, \u010do sa vlastne stalo. N\u00e1sledne sa postavil a na video za\u010dal to\u010di\u0165 jednu z nafukova\u010diek, ktor\u00fa v\u00edr odvial vysoko do oblakov. \u00a0<\/p>\n<p>I\u0161lo o pr\u00edrodn\u00fd \u00fakaz tzv. <a href=\"https:\/\/glossary.ametsoc.org\/wiki\/dust-devil\/\" target=\"_blank\" rel=\"nofollow noopener\">&#8222;Dust Devil&#8220;.<\/a> Je to kr\u00e1tkodob\u00fd, rotuj\u00faci st\u013ap vzduchu, ktor\u00fd vznik\u00e1 za jasn\u00e9ho a slne\u010dn\u00e9ho po\u010dasia pri silnom prehriat\u00ed zemsk\u00e9ho povrchu. Silnej\u0161ie prachov\u00e9 v\u00edry m\u00f4\u017eu pri rot\u00e1ci\u00ed vyd\u00e1va\u0165 tich\u00fd zvuk podobn\u00fd \u0161umu.\u00a0<\/p>\n","protected":false},"excerpt":{"rendered":"v americkom Kentucky prekvapil jedn\u00e9ho z miestnych vzdu\u0161n\u00fd v\u00edr. Preletel cez jeho baz\u00e9n (Zdroj: X\/Maria Mel) KENTUCKY \u2013&hellip;\n","protected":false},"author":2,"featured_media":172134,"comment_status":"","ping_status":"","sticky":false,"template":"","format":"standard","meta":{"footnotes":"","_share_on_mastodon":"0"},"categories":[8],"tags":[5725,48506,48504,48507,48505,33,43,40,42,36,50,304,46689,49,48,1220],"class_list":["post-172133","post","type-post","status-publish","format-standard","has-post-thumbnail","category-svet","tag-bazen","tag-dust-devil","tag-foster","tag-jeremy-honnert","tag-kentucky","tag-news","tag-sk","tag-slovak","tag-slovencina","tag-spravy","tag-svet","tag-usa","tag-vzdusny-vir","tag-world","tag-world-news","tag-zahrada"],"share_on_mastodon":{"url":"https:\/\/pubeurope.com\/@sk\/117224850391996254","error":""},"_links":{"self":[{"href":"https:\/\/www.europesays.com\/sk\/wp-json\/wp\/v2\/posts\/172133","targetHints":{"allow":["GET"]}}],"collection":[{"href":"https:\/\/www.europesays.com\/sk\/wp-json\/wp\/v2\/posts"}],"about":[{"href":"https:\/\/www.europesays.com\/sk\/wp-json\/wp\/v2\/types\/post"}],"author":[{"embeddable":true,"href":"https:\/\/www.europesays.com\/sk\/wp-json\/wp\/v2\/users\/2"}],"replies":[{"embeddable":true,"href":"https:\/\/www.europesays.com\/sk\/wp-json\/wp\/v2\/comments?post=172133"}],"version-history":[{"count":0,"href":"https:\/\/www.europesays.com\/sk\/wp-json\/wp\/v2\/posts\/172133\/revisions"}],"wp:featuredmedia":[{"embeddable":true,"href":"https:\/\/www.europesays.com\/sk\/wp-json\/wp\/v2\/media\/172134"}],"wp:attachment":[{"href":"https:\/\/www.europesays.com\/sk\/wp-json\/wp\/v2\/media?parent=172133"}],"wp:term":[{"taxonomy":"category","embeddable":true,"href":"https:\/\/www.europesays.com\/sk\/wp-json\/wp\/v2\/categories?post=172133"},{"taxonomy":"post_tag","embeddable":true,"href":"https:\/\/www.europesays.com\/sk\/wp-json\/wp\/v2\/tags?post=172133"}],"curies":[{"name":"wp","href":"https:\/\/api.w.org\/{rel}","templated":true}]}}