{"id":172135,"date":"2026-09-06T15:41:17","date_gmt":"2026-09-06T15:41:17","guid":{"rendered":"https:\/\/www.europesays.com\/sk\/172135\/"},"modified":"2026-09-06T15:41:17","modified_gmt":"2026-09-06T15:41:17","slug":"blanar-protestuje-proti-ruskym-utokom-v-blizkosti-diplomatickej-pody-do-moskvy-poslal-odkaz-domace-spravy","status":"publish","type":"post","link":"https:\/\/www.europesays.com\/sk\/172135\/","title":{"rendered":"Blan\u00e1r protestuje proti rusk\u00fdm \u00fatokom v bl\u00edzkosti diplomatickej p\u00f4dy, do Moskvy poslal odkaz &#8211; Dom\u00e1ce &#8211; Spr\u00e1vy"},"content":{"rendered":"<p>Vyhl\u00e1sil to minister zahrani\u010dn\u00fdch vec\u00ed Juraj Blan\u00e1r (Smer). Ministerstvo si v s\u00favislosti s piatkov\u00fdm (4. 9.) \u00fatokom Ruska na Ukrajine v <a target=\"_blank\" href=\"https:\/\/www.pravda.sk\/spravy\/domace\/clanok\/2036067-blanar-rusky-velvyslanec-slovensko-predvolanie-moskva-sabotaz-podpalacsky-utok\" rel=\"nofollow noopener\">bl\u00edzkosti budovy slovenskej diplomacie predvolalo rusk\u00e9ho ve\u013evyslanca<\/a>.<\/p>\n<p>\u201eMinisterstvo ods\u00fadilo rusk\u00fd \u00fatok pr\u00fadov\u00fdm dronom na budovu ukrajinskej bezpe\u010dnostnej slu\u017eby nach\u00e1dzaj\u00facu sa ne\u010faleko konzul\u00e1rneho \u00faseku Ve\u013evyslanectva Slovenskej republiky v Kyjeve. Slovensk\u00e1 diplomacia vyu\u017e\u00edva tieto priestory z bezpe\u010dnostn\u00fdch d\u00f4vodov v obmedzenej miere, a preto sa v nich nikto nenach\u00e1dzal,\u201c podotkol rezort diplomacie.<\/p>\n<p>Video<br \/>\n\u00datok rusk\u00e9ho dronu na sklad v Kyjeve<\/p>\n<p>\nZdroj:<br \/>\nReuters\n<\/p>\n<p>Blan\u00e1r pod\u013ea neho apeluje na obe strany vojny, aby sa vyvarovali \u010fal\u0161ej eskal\u00e1cii \u201ea t\u00fdm podkop\u00e1vaniu akejko\u013evek snahy o mierov\u00e9 rie\u0161enie\u201c.<\/p>\n<p>Blan\u00e1r ods\u00fadil rusk\u00fd \u00fatok pr\u00fadov\u00fdm dronom na budovu Ukrajinskej bezpe\u010dnostnej slu\u017eby (SBU) na Volodymyrskej ulici v Kyjeve, ktor\u00e1 sa nach\u00e1dza ne\u010faleko konzul\u00e1rneho \u00faseku slovensk\u00e9ho ve\u013evyslanectva, u\u017e v piatok. V s\u00favislosti s \u00fatokom uviedol, \u017ee dal pokyn na predvolanie rusk\u00e9ho ve\u013evyslanca v Bratislave.<\/p>\n<p><a href=\"https:\/\/debata.pravda.sk\/debata\/2036299-blanar-protestuje-proti-ruskym-utokom-v-blizkosti-diplomatickej-pody-do-moskvy-poslal-odkaz\/\" class=\"detail_text_socials_item debata debata-count-decorator\" data-count=\"19\" rel=\"nofollow noopener\" target=\"_blank\"><\/p>\n<p>debata<\/p>\n<p><\/a><\/p>\n<p><a href=\"https:\/\/www.pravda.sk\/mreporter\" class=\"detail_text_socials_item hide\" id=\"mreporter-button\" rel=\"nofollow noopener\" target=\"_blank\"><\/p>\n<p>mReport\u00e9r<\/p>\n<p><\/a><\/p>\n<p><img decoding=\"async\" src=\"https:\/\/ipravda.sk\/res\/www\/sorry.svg\" alt=\"\u013dutujeme\" height=\"75\"\/><\/p>\n<p>V\u00e1\u017een\u00ed \u010ditatelia, pod t\u00fdmto \u010dl\u00e1nkom sme diskusiu zastavili<\/p>\n<p>\nPrevl\u00e1dali v nej pr\u00edspevky, ktor\u00e9 boli v rozpore s pravidlami debaty aj dobr\u00fdmi mravmi. Cel\u00fa debatu sme<br \/>\nvymazali, autorom v\u0161etk\u00fdch slu\u0161n\u00fdch pr\u00edspevkov sa ospravedl\u0148ujeme.\n<\/p>\n<p>\n\u010eakujeme za pochopenie a te\u0161\u00edme sa na slu\u0161n\u00e9 debaty pod in\u00fdmi \u010dl\u00e1nkami.\n<\/p>\n<p>Rozumiem<\/p>\n","protected":false},"excerpt":{"rendered":"Vyhl\u00e1sil to minister zahrani\u010dn\u00fdch vec\u00ed Juraj Blan\u00e1r (Smer). Ministerstvo si v s\u00favislosti s piatkov\u00fdm (4. 9.) \u00fatokom Ruska&hellip;\n","protected":false},"author":2,"featured_media":172136,"comment_status":"","ping_status":"","sticky":false,"template":"","format":"standard","meta":{"footnotes":"","_share_on_mastodon":"0"},"categories":[32],"tags":[34,37,33,43,40,39,42,41,36,38,35],"class_list":["post-172135","post","type-post","status-publish","format-standard","has-post-thumbnail","category-spravy","tag-headlines","tag-hlavne-spravy","tag-news","tag-sk","tag-slovak","tag-slovakia","tag-slovencina","tag-slovensko","tag-spravy","tag-titulky","tag-top-stories"],"share_on_mastodon":{"url":"https:\/\/pubeurope.com\/@sk\/117224858622281953","error":""},"_links":{"self":[{"href":"https:\/\/www.europesays.com\/sk\/wp-json\/wp\/v2\/posts\/172135","targetHints":{"allow":["GET"]}}],"collection":[{"href":"https:\/\/www.europesays.com\/sk\/wp-json\/wp\/v2\/posts"}],"about":[{"href":"https:\/\/www.europesays.com\/sk\/wp-json\/wp\/v2\/types\/post"}],"author":[{"embeddable":true,"href":"https:\/\/www.europesays.com\/sk\/wp-json\/wp\/v2\/users\/2"}],"replies":[{"embeddable":true,"href":"https:\/\/www.europesays.com\/sk\/wp-json\/wp\/v2\/comments?post=172135"}],"version-history":[{"count":0,"href":"https:\/\/www.europesays.com\/sk\/wp-json\/wp\/v2\/posts\/172135\/revisions"}],"wp:featuredmedia":[{"embeddable":true,"href":"https:\/\/www.europesays.com\/sk\/wp-json\/wp\/v2\/media\/172136"}],"wp:attachment":[{"href":"https:\/\/www.europesays.com\/sk\/wp-json\/wp\/v2\/media?parent=172135"}],"wp:term":[{"taxonomy":"category","embeddable":true,"href":"https:\/\/www.europesays.com\/sk\/wp-json\/wp\/v2\/categories?post=172135"},{"taxonomy":"post_tag","embeddable":true,"href":"https:\/\/www.europesays.com\/sk\/wp-json\/wp\/v2\/tags?post=172135"}],"curies":[{"name":"wp","href":"https:\/\/api.w.org\/{rel}","templated":true}]}}