{"id":172149,"date":"2026-09-06T16:07:22","date_gmt":"2026-09-06T16:07:22","guid":{"rendered":"https:\/\/www.europesays.com\/sk\/172149\/"},"modified":"2026-09-06T16:07:22","modified_gmt":"2026-09-06T16:07:22","slug":"americki-marinaci-opustili-pattayu-problemom-sa-vyhli-a-primator-prezradil-co-najviac-nakupovali-a-kolko-minuli-svet-spravy","status":"publish","type":"post","link":"https:\/\/www.europesays.com\/sk\/172149\/","title":{"rendered":"Americk\u00ed mari\u0148\u00e1ci opustili Pattayu. Probl\u00e9mom sa vyhli a prim\u00e1tor prezradil, \u010do najviac nakupovali a ko\u013eko minuli &#8211; Svet &#8211; Spr\u00e1vy"},"content":{"rendered":"<p>Pos\u00e1dka lode zakotvila severne od Pattaya, ne\u010faleko Bangkoku, kde si u\u017e\u00edvala oddych a rekre\u00e1ciu. Napriek obav\u00e1m z mo\u017en\u00fdch probl\u00e9mov pol\u00edcia uviedla, \u017ee n\u00e1v\u0161teva prebehla v\u00e4\u010d\u0161inou bez incidentov.<\/p>\n<p>Pod\u013ea agent\u00fary AFP pr\u00edchod americk\u00fdch n\u00e1morn\u00edkov v obdob\u00ed mimo sez\u00f3ny cestovn\u00e9ho ruchu vzbudil n\u00e1deje u podnikate\u013eov v Pattayi &#8211; meste zn\u00e1mom svojimi pl\u00e1\u017eami a no\u010dn\u00fdm \u017eivotom, ale aj pochybnou poves\u0165ou centra sexu\u00e1lnej turistiky.<\/p>\n<p>\u201eV\u0161etko prebehlo v poriadku,\u201c povedal \u0161\u00e9f pol\u00edcie v Pattayi Anek Srathongyoo pre AFP. \u201eNeboli \u017eiadne zatknutia ani h\u00e1dky, okrem prvej noci, ke\u010f medzi Ameri\u010danmi do\u0161lo k h\u00e1dke.\u201c<\/p>\n<p>Video<br \/>\nPo viac ako 200 d\u0148och je pos\u00e1dka lode Abraham Lincoln op\u00e4\u0165 v pr\u00edstave<\/p>\n<p>\nZdroj:<br \/>\nReuters\n<\/p>\n<p>Pol\u00edcia uviedla, \u017ee dvaja n\u00e1morn\u00edci boli vr\u00e1ten\u00ed na lo\u010f po men\u0161om opitom konflikte v skor\u00fdch rann\u00fdch hodin\u00e1ch vo \u0161tvrtok v oblasti ru\u0161nej no\u010dnej ulice Walking Street. Prim\u00e1tor Pattayi Poramase Ngampiches uviedol, \u017ee po\u010das n\u00e1v\u0161tevy utratili Ameri\u010dania pribli\u017ene 3 mili\u00f3ny dol\u00e1rov. Mesto tie\u017e profitovalo z predaja \u010fal\u0161\u00edch tovarov, ako je zubn\u00e1 pasta, v hodnote mili\u00f3nov bahtov.<\/p>\n<p>\u201eChceme sa po\u010fakova\u0165 obyvate\u013eom Thajska za ich skvel\u00fa pohostinnos\u0165,\u201c uviedol vo vyhl\u00e1sen\u00ed kapit\u00e1n americk\u00e9ho n\u00e1morn\u00edctva Dan Keeler.<\/p>\n<p>M\u00e9di\u00e1 informovali, \u017ee n\u00e1morn\u00edci na lodi po\u010das nasadenia niekedy nemali z\u00e1kladn\u00e9 hygienick\u00e9 potreby, vr\u00e1tane zubnej pasty, deodorantu a mydla. Mnoh\u00ed n\u00e1morn\u00edci a mari\u0148\u00e1ci tr\u00e1vili \u010das nakupovan\u00edm a n\u00e1v\u0161tevou turistick\u00fdch atrakci\u00ed na thajskom pobre\u017e\u00ed.<\/p>\n<p>\u201eUkazuje to, \u017ee im ch\u00fdbaj\u00fa ich rodiny a chc\u00fa im k\u00fapi\u0165 suven\u00edry,\u201c povedal prim\u00e1tor.<\/p>\n<p>Lietadlov\u00e1 lo\u010f USS Abraham Lincoln v sprievode \u010fal\u0161\u00edch americk\u00fdch lod\u00ed v stredu r\u00e1no vpl\u00e1vala do thajsk\u00e9ho pr\u00edstavu Laem Chabang po rekordn\u00fdch viac ako 250 d\u0148och na mori vr\u00e1tane nasadenia na Bl\u00edzkom v\u00fdchode. Lo\u010f bola zapojen\u00e1 do americkej n\u00e1mornej blok\u00e1dy a bojov\u00fdch oper\u00e1ci\u00ed vo vojne s Ir\u00e1nom.<\/p>\n<p>Pod\u013ea demokratick\u00fdch z\u00e1konodarcov vytvorila rekord v po\u010dte po sebe nasleduj\u00facich dn\u00ed str\u00e1ven\u00fdch na mori. Be\u017en\u00e9 nasadenie vojensk\u00fdch lod\u00ed trv\u00e1 \u0161es\u0165 a\u017e dev\u00e4\u0165 mesiacov, v \u010dase konfliktov sa v\u0161ak m\u00f4\u017ee pred\u013a\u017ei\u0165.<\/p>\n<p>Obavy spojen\u00e9 s dlh\u00fdm nasaden\u00edm lietadlovej lode zosilneli po spr\u00e1vach o zhor\u0161uj\u00facom sa du\u0161evnom zdrav\u00ed pos\u00e1dky a nedostatku z\u00e1sob, vr\u00e1tane potrav\u00edn a hygienick\u00fdch potrieb. M\u00e9di\u00e1 informovali o pokusoch nieko\u013ek\u00fdch \u010dlenov pos\u00e1dky sko\u010di\u0165 cez palubu.<\/p>\n<p>USS Abraham Lincoln pri Ir\u00e1ne vystriedala lietadlov\u00e1 lo\u010f USS George Washington, ktor\u00e1 v druhej polovici augusta spolu so sprievodnou skupinou dopl\u00e1vala do Arabsk\u00e9ho mora.<\/p>\n<p><a href=\"https:\/\/debata.pravda.sk\/debata\/2036491-americki-marinaci-opustili-pattayu-problemom-sa-vyhli-a-primator-prezradil-co-najviac-nakupovali-a-kolko-minuli\/\" class=\"detail_text_socials_item debata debata-count-decorator\" data-count=\"13\" rel=\"nofollow noopener\" target=\"_blank\"><\/p>\n<p>debata<\/p>\n<p><\/a><\/p>\n<p><a href=\"https:\/\/www.pravda.sk\/mreporter\" class=\"detail_text_socials_item hide\" id=\"mreporter-button\" rel=\"nofollow noopener\" target=\"_blank\"><\/p>\n<p>mReport\u00e9r<\/p>\n<p><\/a><\/p>\n<p><img decoding=\"async\" src=\"https:\/\/ipravda.sk\/res\/www\/sorry.svg\" alt=\"\u013dutujeme\" height=\"75\"\/><\/p>\n<p>V\u00e1\u017een\u00ed \u010ditatelia, pod t\u00fdmto \u010dl\u00e1nkom sme diskusiu zastavili<\/p>\n<p>\nPrevl\u00e1dali v nej pr\u00edspevky, ktor\u00e9 boli v rozpore s pravidlami debaty aj dobr\u00fdmi mravmi. Cel\u00fa debatu sme<br \/>\nvymazali, autorom v\u0161etk\u00fdch slu\u0161n\u00fdch pr\u00edspevkov sa ospravedl\u0148ujeme.\n<\/p>\n<p>\n\u010eakujeme za pochopenie a te\u0161\u00edme sa na slu\u0161n\u00e9 debaty pod in\u00fdmi \u010dl\u00e1nkami.\n<\/p>\n<p>Rozumiem<\/p>\n","protected":false},"excerpt":{"rendered":"Pos\u00e1dka lode zakotvila severne od Pattaya, ne\u010faleko Bangkoku, kde si u\u017e\u00edvala oddych a rekre\u00e1ciu. Napriek obav\u00e1m z mo\u017en\u00fdch&hellip;\n","protected":false},"author":2,"featured_media":172150,"comment_status":"","ping_status":"","sticky":false,"template":"","format":"standard","meta":{"footnotes":"","_share_on_mastodon":"0"},"categories":[8],"tags":[33,43,40,42,36,50,49,48],"class_list":["post-172149","post","type-post","status-publish","format-standard","has-post-thumbnail","category-svet","tag-news","tag-sk","tag-slovak","tag-slovencina","tag-spravy","tag-svet","tag-world","tag-world-news"],"share_on_mastodon":{"url":"https:\/\/pubeurope.com\/@sk\/117224960727104418","error":""},"_links":{"self":[{"href":"https:\/\/www.europesays.com\/sk\/wp-json\/wp\/v2\/posts\/172149","targetHints":{"allow":["GET"]}}],"collection":[{"href":"https:\/\/www.europesays.com\/sk\/wp-json\/wp\/v2\/posts"}],"about":[{"href":"https:\/\/www.europesays.com\/sk\/wp-json\/wp\/v2\/types\/post"}],"author":[{"embeddable":true,"href":"https:\/\/www.europesays.com\/sk\/wp-json\/wp\/v2\/users\/2"}],"replies":[{"embeddable":true,"href":"https:\/\/www.europesays.com\/sk\/wp-json\/wp\/v2\/comments?post=172149"}],"version-history":[{"count":0,"href":"https:\/\/www.europesays.com\/sk\/wp-json\/wp\/v2\/posts\/172149\/revisions"}],"wp:featuredmedia":[{"embeddable":true,"href":"https:\/\/www.europesays.com\/sk\/wp-json\/wp\/v2\/media\/172150"}],"wp:attachment":[{"href":"https:\/\/www.europesays.com\/sk\/wp-json\/wp\/v2\/media?parent=172149"}],"wp:term":[{"taxonomy":"category","embeddable":true,"href":"https:\/\/www.europesays.com\/sk\/wp-json\/wp\/v2\/categories?post=172149"},{"taxonomy":"post_tag","embeddable":true,"href":"https:\/\/www.europesays.com\/sk\/wp-json\/wp\/v2\/tags?post=172149"}],"curies":[{"name":"wp","href":"https:\/\/api.w.org\/{rel}","templated":true}]}}