{"id":172199,"date":"2026-09-06T17:19:15","date_gmt":"2026-09-06T17:19:15","guid":{"rendered":"https:\/\/www.europesays.com\/sk\/172199\/"},"modified":"2026-09-06T17:19:15","modified_gmt":"2026-09-06T17:19:15","slug":"diskusia-nemecki-extremisti-budu-mozno-prvykrat-vladnut-chcu-vyhostit-nenemcov-fandia-im-najma-mladi-aktuality","status":"publish","type":"post","link":"https:\/\/www.europesays.com\/sk\/172199\/","title":{"rendered":"Diskusia: Nemeck\u00ed extr\u00e9misti bud\u00fa mo\u017eno prv\u00fdkr\u00e1t vl\u00e1dnu\u0165. Chc\u00fa vyhosti\u0165 \u201eNenemcov&quot;, fandia im najm\u00e4 mlad\u00ed &#8211; Aktuality"},"content":{"rendered":"<p><a href=\"https:\/\/news.google.com\/rss\/articles\/CBMizwFBVV95cUxOQTduSTk3dVpweHFlZkJxNWVIRUM1Q0Y5Q3E4RmRkQUlxZUlaZXpoZU1BNTU4ZWhEdXlOdDlSZjcxTUpaWU9Yc0Y1elJSem4wNWlvUWVxYUhESkRhc1VjNnY4eUZUaFIzeXBYc0VWRVBFNzZJSGN3c1R6N2lPaXpCZnJ5NWh0bEFYWl9KQ09FTTN5ZVJNM1dmUnVqcXluMm9KR0ZVeUoxVk8yTXFCN0xWQkw5bS1qd0hzOHc4WlJpV2FaYmJYdWkzbWdoYjlCRVE?oc=5\" target=\"_blank\" rel=\"nofollow noopener\">Diskusia: Nemeck\u00ed extr\u00e9misti bud\u00fa mo\u017eno prv\u00fdkr\u00e1t vl\u00e1dnu\u0165. Chc\u00fa vyhosti\u0165 \u201eNenemcov&#8220;, fandia im najm\u00e4 mlad\u00ed<\/a>&nbsp;&nbsp;Aktuality<a href=\"https:\/\/news.google.com\/rss\/articles\/CBMiakFVX3lxTFBOdG12c2ExTmx4VjlNUmJRQkwtQXFfYWJMU1hBSVFVUlphOWVta0dTdjJhWFd3SGlsT0hNTjhqWFR1eW0zZXVEd0tyaHJieUVTUzBvS1hRUnlIODFKbjRVcjMxTWlDek5UOXc?oc=5\" target=\"_blank\" rel=\"nofollow noopener\">Vo\u013eby v Sasku-Anhaltsku vyhrala pod\u013ea progn\u00f3z favorizovan\u00e1 AfD<\/a>&nbsp;&nbsp;SME.sk<a href=\"https:\/\/news.google.com\/rss\/articles\/CBMizAFBVV95cUxOU2lRS0p3bS1UcE9WRW9kZTdFVGo4RF81WHBZNjZCT3RUbHJGNHgxaWs0amFaMjNSLWpWems0UG96TjVEeFQwUlNLMmNfZkU1dy1Zcm5tSjJFSGdiSkJ1NTBFM2dQemZPQUFhR1pXN1o0QlY5YWc3U01mZ1I3UWpDN0JhYzA0dXhKSTNjVmNtbTQydGxrakhNbDFjNVVJbTYzMUR3YVRNNFJZdXlrc2hWd3g4dmRBWnczcmpiZmMxNjczR3U3Nndfc3FUcWE?oc=5\" target=\"_blank\" rel=\"nofollow noopener\">Nemeck\u00ed extr\u00e9misti bud\u00fa mo\u017eno prv\u00fdkr\u00e1t vl\u00e1dnu\u0165. Chc\u00fa vyhosti\u0165 \u201eNenemcov&#8220;, fandia im najm\u00e4 mlad\u00ed<\/a>&nbsp;&nbsp;Aktuality<a href=\"https:\/\/news.google.com\/rss\/articles\/CBMixwFBVV95cUxNM2RQNjhVNnd4Zkh3c1FEZmp1aVE4NV8xSmF0QjRuQkllc1A2TmZ5TkdQbzFHSmRVZEVaUUExdHMxeGNVNUJJcGlrUDU5eXlRWnI2VjJjS044X1poeFJVYzRTQVVOVFFOaUdBbDRVRzkzdFJ3b2NVUnVhbHlWY2RyQlYteUtYckNyS2p4cjhRZWV0NkxHS01tem9ZdThkSG40ekRvN0U4NHNCdmtFTEhnUGFFc3k2QXJmWWFIcXJzb0lsZ1RfRlNn?oc=5\" target=\"_blank\" rel=\"nofollow noopener\">Najnebezpe\u010dnej\u0161\u00ed mu\u017e Nemecka aj najlep\u0161\u00ed n\u00e1pad extr\u00e9mnej pravice. Kto je Ulrich Siegmund z AfD (profil)<\/a>&nbsp;&nbsp;Denn\u00edk N<a href=\"https:\/\/news.google.com\/rss\/articles\/CBMikgFBVV95cUxPNG5fYXd0SC0ySUZndFVPRHE2RlJFc3ZpOFNTZzV5ZG1nNk1ScGFOV3BpbWw0Njh2QmJIclNIODlJZ3VHSlRnX25Wdldwd1h1bmdvVHBWT084WFYyNFE2Z3FrcTN1ZktJU1d5YU1yU00yLWFUTG1DbXdJR3VzSmxOREpMWF8zc1hacjhOUUhNTldsdw?oc=5\" target=\"_blank\" rel=\"nofollow noopener\">Padne nemeck\u00fd firewall proti AfD?<\/a>&nbsp;&nbsp;HNonline<\/p>\n","protected":false},"excerpt":{"rendered":"Diskusia: Nemeck\u00ed extr\u00e9misti bud\u00fa mo\u017eno prv\u00fdkr\u00e1t vl\u00e1dnu\u0165. Chc\u00fa vyhosti\u0165 \u201eNenemcov&#8220;, fandia im najm\u00e4 mlad\u00ed&nbsp;&nbsp;AktualityVo\u013eby v Sasku-Anhaltsku vyhrala pod\u013ea&hellip;\n","protected":false},"author":2,"featured_media":172200,"comment_status":"","ping_status":"","sticky":false,"template":"","format":"standard","meta":{"footnotes":"","_share_on_mastodon":"0"},"categories":[32],"tags":[4368,29694,34,37,236,33,43,40,39,42,41,36,38,35],"class_list":["post-172199","post","type-post","status-publish","format-standard","has-post-thumbnail","category-spravy","tag-afd","tag-extremizmus","tag-headlines","tag-hlavne-spravy","tag-nemecko","tag-news","tag-sk","tag-slovak","tag-slovakia","tag-slovencina","tag-slovensko","tag-spravy","tag-titulky","tag-top-stories"],"share_on_mastodon":{"url":"https:\/\/pubeurope.com\/@sk\/117225243636738072","error":""},"_links":{"self":[{"href":"https:\/\/www.europesays.com\/sk\/wp-json\/wp\/v2\/posts\/172199","targetHints":{"allow":["GET"]}}],"collection":[{"href":"https:\/\/www.europesays.com\/sk\/wp-json\/wp\/v2\/posts"}],"about":[{"href":"https:\/\/www.europesays.com\/sk\/wp-json\/wp\/v2\/types\/post"}],"author":[{"embeddable":true,"href":"https:\/\/www.europesays.com\/sk\/wp-json\/wp\/v2\/users\/2"}],"replies":[{"embeddable":true,"href":"https:\/\/www.europesays.com\/sk\/wp-json\/wp\/v2\/comments?post=172199"}],"version-history":[{"count":0,"href":"https:\/\/www.europesays.com\/sk\/wp-json\/wp\/v2\/posts\/172199\/revisions"}],"wp:featuredmedia":[{"embeddable":true,"href":"https:\/\/www.europesays.com\/sk\/wp-json\/wp\/v2\/media\/172200"}],"wp:attachment":[{"href":"https:\/\/www.europesays.com\/sk\/wp-json\/wp\/v2\/media?parent=172199"}],"wp:term":[{"taxonomy":"category","embeddable":true,"href":"https:\/\/www.europesays.com\/sk\/wp-json\/wp\/v2\/categories?post=172199"},{"taxonomy":"post_tag","embeddable":true,"href":"https:\/\/www.europesays.com\/sk\/wp-json\/wp\/v2\/tags?post=172199"}],"curies":[{"name":"wp","href":"https:\/\/api.w.org\/{rel}","templated":true}]}}