{"id":172279,"date":"2026-09-06T18:57:14","date_gmt":"2026-09-06T18:57:14","guid":{"rendered":"https:\/\/www.europesays.com\/sk\/172279\/"},"modified":"2026-09-06T18:57:14","modified_gmt":"2026-09-06T18:57:14","slug":"tragicka-nehoda-pri-madarskych-hraniciach-motocyklista-zomrel-spolujazdkyna-je-vazne-zranena","status":"publish","type":"post","link":"https:\/\/www.europesays.com\/sk\/172279\/","title":{"rendered":"Tragick\u00e1 nehoda pri ma\u010farsk\u00fdch hraniciach: Motocyklista zomrel, spolujazdky\u0148a je v\u00e1\u017ene zranen\u00e1"},"content":{"rendered":"<p data-start=\"360\" data-end=\"530\">K nehode do\u0161lo v obci Pe\u0165ov, len nieko\u013eko stoviek metrov od ma\u010farsk\u00fdch hran\u00edc. Motocykel sa z doposia\u013e bli\u017e\u0161ie neobjasnen\u00fdch pr\u00ed\u010din zrazil s osobn\u00fdm automobilom Hyundai Tucson. Pod\u013ea inform\u00e1ci\u00ed TV JOJ 54-ro\u010dn\u00fd vodi\u010d motocykla po zr\u00e1\u017eke zraneniam na mieste pod\u013eahol. Jeho 59-ro\u010dn\u00fa spolujazdky\u0148u so z\u00e1va\u017en\u00fdmi zraneniami previezli na \u010fal\u0161ie o\u0161etrenie. &#8222;Po neodkladnom o\u0161etren\u00ed bola pacientka vzh\u013eadom na v\u00e1\u017enos\u0165 zdravotn\u00e9ho stavu napojen\u00e1 na umel\u00fa p\u013e\u00facnu ventil\u00e1ciu a prelo\u017een\u00e1 na palubu vrtu\u013en\u00edka. Po\u010das leteck\u00e9ho transportu v\u0161ak do\u0161lo k zhor\u0161eniu jej zdravotn\u00e9ho stavu a lek\u00e1rka musela prist\u00fapi\u0165 k opakovanej kardiopulmon\u00e1lnej resuscit\u00e1cii. Po prist\u00e1t\u00ed vo Fakultnej nemocnici v Banskej Bystrici bola pacientka v kritickom stave odovzdan\u00e1 do starostlivosti nemocni\u010dn\u00fdch lek\u00e1rov,&#8220; uviedla hovorky\u0148a Air-Transport Europe, Zuzana Hopkajov\u00e1.<\/p>\n<p>    <a href=\"https:\/\/www.noviny.sk\/krimi\/1255302-tragicka-nehoda-pri-humennom-motocyklista-24-neprezil-zrazku-s-autom\" class=\"img\" rel=\"nofollow noopener\" target=\"_blank\"><br \/>\n        <img decoding=\"async\" class=\"lazyload \" src=\"https:\/\/www.europesays.com\/sk\/wp-content\/uploads\/2026\/09\/a72eb857-1a6f-4d37-a673-1867cd883c43.jpeg\" alt=\"Tragick\u00e1 nehoda pri Humennom: Motocyklista (\u202024) nepre\u017eil zr\u00e1\u017eku s autom\" title=\"Tragick\u00e1 nehoda pri Humennom: Motocyklista (\u202024) nepre\u017eil zr\u00e1\u017eku s autom\"\/><br \/>\n    <\/a><\/p>\n<p>Pre\u010d\u00edtajte si tie\u017e<\/p>\n<p>            <a href=\"https:\/\/www.noviny.sk\/krimi\/1255302-tragicka-nehoda-pri-humennom-motocyklista-24-neprezil-zrazku-s-autom\" rel=\"nofollow noopener\" target=\"_blank\"><br \/>\n                Tragick\u00e1 nehoda pri Humennom: Motocyklista (\u202024) nepre\u017eil zr\u00e1\u017eku s autom<br \/>\n            <\/a><\/p>\n<p>Obaja motork\u00e1ri boli z Ma\u010farska<\/p>\n<p data-start=\"360\" data-end=\"530\">Pod\u013ea dostupn\u00fdch inform\u00e1ci\u00ed boli vodi\u010d motocykla aj jeho spolujazdky\u0148a ma\u010farskej n\u00e1rodnosti. Na mieste je z\u00e1rove\u0148 zn\u00ed\u017een\u00e1 maxim\u00e1lna povolen\u00e1 r\u00fdchlos\u0165. Okolnosti a presn\u00e1 pr\u00ed\u010dina tragickej nehody zatia\u013e nie s\u00fa zn\u00e1me. Bli\u017e\u0161ie inform\u00e1cie m\u00f4\u017eu prinies\u0165 a\u017e v\u00fdsledky vy\u0161etrovania.<\/p>\n<p class=\"text\">Tragick\u00e1 nehoda v katastri obce Kov\u00e1\u010dovce<\/p>\n<p>Pol\u00edcia vyz\u00fdva na opatrnos\u0165<\/p>\n<p>Pol\u00edcia na soci\u00e1lnej sieti uv\u00e1dza, \u017ee ne\u0161lo o jedin\u00fa nehodu motocykla v kraji. &#8222;Motocyklista havaroval tie\u017e v okrese Brezno, kde bol paradoxne p\u00e1r min\u00fat pred nehodou kontrolovan\u00fd hliadkou krajskej dopravnej pol\u00edcie, pri\u010dom bol po kontrole upozornen\u00fd na dodr\u017eiavanie pravidiel cestnej prem\u00e1vky a hlavne, aby d\u00e1val na ceste na seba pozor. Po p\u00e1r min\u00fatach v\u0161ak s motocyklom havaroval,&#8220; uviedla pol\u00edcia.<\/p>\n<p>Pol\u00edcia je v nede\u013eu na cest\u00e1ch Banskobystrick\u00e9ho kraja vo zv\u00fd\u0161enom po\u010dte a zameriava sa najm\u00e4 na bezpe\u010dn\u00fa a zodpovedn\u00fa jazdu motocyklistov. Z\u00e1rove\u0148 vyz\u00fdva v\u0161etk\u00fdch \u00fa\u010dastn\u00edkov cestnej prem\u00e1vky k maxim\u00e1lnej opatrnosti. Pripom\u00edna, \u017ee motocyklisti patria medzi zranite\u013enej\u0161\u00edch \u00fa\u010dastn\u00edkov prem\u00e1vky a pri nehode nemaj\u00fa na rozdiel od vodi\u010dov osobn\u00fdch \u00e1ut takmer \u017eiadnu ochranu. <\/p>\n<p>Od za\u010diatku roka eviduje pol\u00edcia v Banskobystrickom kraji celkovo 753 dopravn\u00fdch neh\u00f4d. Zahynulo pri nich 14 \u013eud\u00ed, 88 os\u00f4b utrpelo \u0165a\u017ek\u00e9 zranenia a \u010fal\u0161\u00edch 343 sa zranilo \u013eahko.<\/p>\n","protected":false},"excerpt":{"rendered":"K nehode do\u0161lo v obci Pe\u0165ov, len nieko\u013eko stoviek metrov od ma\u010farsk\u00fdch hran\u00edc. Motocykel sa z doposia\u013e bli\u017e\u0161ie&hellip;\n","protected":false},"author":2,"featured_media":172280,"comment_status":"","ping_status":"","sticky":false,"template":"","format":"standard","meta":{"footnotes":"","_share_on_mastodon":"0"},"categories":[32],"tags":[34,37,7183,535,33,43,40,39,42,41,36,38,35,729],"class_list":["post-172279","post","type-post","status-publish","format-standard","has-post-thumbnail","category-spravy","tag-headlines","tag-hlavne-spravy","tag-motocykel","tag-nehoda","tag-news","tag-sk","tag-slovak","tag-slovakia","tag-slovencina","tag-slovensko","tag-spravy","tag-titulky","tag-top-stories","tag-tragedia"],"share_on_mastodon":{"url":"https:\/\/pubeurope.com\/@sk\/117225629371200264","error":""},"_links":{"self":[{"href":"https:\/\/www.europesays.com\/sk\/wp-json\/wp\/v2\/posts\/172279","targetHints":{"allow":["GET"]}}],"collection":[{"href":"https:\/\/www.europesays.com\/sk\/wp-json\/wp\/v2\/posts"}],"about":[{"href":"https:\/\/www.europesays.com\/sk\/wp-json\/wp\/v2\/types\/post"}],"author":[{"embeddable":true,"href":"https:\/\/www.europesays.com\/sk\/wp-json\/wp\/v2\/users\/2"}],"replies":[{"embeddable":true,"href":"https:\/\/www.europesays.com\/sk\/wp-json\/wp\/v2\/comments?post=172279"}],"version-history":[{"count":0,"href":"https:\/\/www.europesays.com\/sk\/wp-json\/wp\/v2\/posts\/172279\/revisions"}],"wp:featuredmedia":[{"embeddable":true,"href":"https:\/\/www.europesays.com\/sk\/wp-json\/wp\/v2\/media\/172280"}],"wp:attachment":[{"href":"https:\/\/www.europesays.com\/sk\/wp-json\/wp\/v2\/media?parent=172279"}],"wp:term":[{"taxonomy":"category","embeddable":true,"href":"https:\/\/www.europesays.com\/sk\/wp-json\/wp\/v2\/categories?post=172279"},{"taxonomy":"post_tag","embeddable":true,"href":"https:\/\/www.europesays.com\/sk\/wp-json\/wp\/v2\/tags?post=172279"}],"curies":[{"name":"wp","href":"https:\/\/api.w.org\/{rel}","templated":true}]}}