{"id":20044,"date":"2026-03-16T14:41:09","date_gmt":"2026-03-16T14:41:09","guid":{"rendered":"https:\/\/www.europesays.com\/sk\/20044\/"},"modified":"2026-03-16T14:41:09","modified_gmt":"2026-03-16T14:41:09","slug":"prieskum-ukazal-najcastejsie-priciny-smrti-europanov-a-takto-sme-na-tom-my","status":"publish","type":"post","link":"https:\/\/www.europesays.com\/sk\/20044\/","title":{"rendered":"Prieskum uk\u00e1zal naj\u010dastej\u0161ie pr\u00ed\u010diny smrti Eur\u00f3panov a takto sme na tom my"},"content":{"rendered":"<p>BRATISLAVA &#8211; Aj ke\u010f \u013eudstvo za\u017e\u00edva technologick\u00fd pokrok a veda ide st\u00e1le dopredu, d\u013a\u017eka \u013eudsk\u00e9ho \u017eivota sa v Eur\u00f3pe u\u017e z\u00e1sadne nepredl\u017euje tak r\u00e1zne, ako tomu bolo po\u010das konca minul\u00e9ho storo\u010dia. Pr\u00ed\u010diny smrti Eur\u00f3panov b\u00fdvaj\u00fa r\u00f4zne, no ved\u00fa hlavne dve. Slov\u00e1ci sa v\u0161ak v prieskume \u0161plhaj\u00fa k nelichotiv\u00e9mu \u010delu rebr\u00ed\u010dka.<\/p>\n<p>Prieskum za rok 2023 v oblasti pr\u00ed\u010din \u00famrt\u00ed Eur\u00f3panov zmapoval port\u00e1l <a href=\"https:\/\/ec.europa.eu\/eurostat\/web\/products-eurostat-news\/w\/ddn-20260313-1\" target=\"_blank\" rel=\"nofollow noopener\">Eurostat<\/a>. Ten mapoval hlavne pri\u010diny \u00famrtia v Eur\u00f3pskej \u00fanii (E\u00da). S preh\u013eadom ved\u00fa \u00famrtia na poruchy obehov\u00e9ho syst\u00e9mu, ak\u00fdmi s\u00fa napr\u00edkald infarkt \u010di vysok\u00fd krvn\u00fd tlak. V tesnom z\u00e1vese je rakovina.<\/p>\n<p>\t<a href=\"https:\/\/www.topky.sk\/gl\/9553151\/6435837\/Na-TIETO-priciny-najcastejsie-umieraju-Europania--Slovensko-sa-nema-cim-chvalit--splhame-sa-do-cela-\" rel=\"nofollow noopener\" target=\"_blank\"><br \/>\n\t\t<img decoding=\"async\" alt=\"Na TIETO pr\u00ed\u010diny naj\u010dastej\u0161ie\" aria-describedby=\"img-res-6435837\" class=\"\" id=\"6435837\" loading=\"lazy\" onerror=\"imgArticleLoadErr(this)\" src=\"https:\/\/www.europesays.com\/sk\/wp-content\/uploads\/2026\/03\/graf-statistika-umrtia-Eurostat.jpg\" style=\"aspect-ratio:1.735\" title=\"Na TIETO pr\u00ed\u010diny naj\u010dastej\u0161ie\"\/>\t\t\t<\/p>\n<p>\n\t\t\t\tZobrazi\u0165 gal\u00e9riu (3)\t\t\t<\/p>\n<p>\t<\/a><\/p>\n<p>\t\u00a0(Zdroj: ec.europa.eu)<\/p>\n<p>Nasleduje ve\u013ek\u00fd odstup a rebr\u00ed\u010dek pokra\u010duje respira\u010dn\u00fdmi ochoreniami, extern\u00fdmi faktormi, ochoreniami za\u017e\u00edvacieho syst\u00e9mu, psychick\u00fdmi poruchami a poruchami nervov\u00e9ho syst\u00e9mu. Deviate miesto obsadilo ochorenie covid-19.<\/p>\n<p>Na infarkt a pridru\u017een\u00e9 ochorenia obehov\u00e9ho syst\u00e9mu zomrelo takmer to\u013eko \u013eud\u00ed, ko\u013eko m\u00e1 cel\u00e9 Slovensko<\/p>\n<p>&#8222;V roku 2023 zomrelo v E\u00da 4,84 mili\u00f3na obyvate\u013eov, pri\u010dom najv\u00e4\u010d\u0161iu pr\u00ed\u010dinu tvorili choroby obehov\u00e9ho syst\u00e9mu (1,59 mili\u00f3na; 32,8 percenta v\u0161etk\u00fdch \u00famrt\u00ed), rakovina (1,16 mili\u00f3na; 23,9 percent) a respira\u010dn\u00e9 choroby (0,38 mili\u00f3na; 7,8 percent),&#8220; nap\u00edsal Eurostat.\u00a0<\/p>\n<p>\t<a href=\"https:\/\/www.topky.sk\/gl\/9553151\/6435875\/Na-TIETO-priciny-najcastejsie-umieraju-Europania--Slovensko-sa-nema-cim-chvalit--splhame-sa-do-cela-\" rel=\"nofollow noopener\" target=\"_blank\"><br \/>\n\t\t<img decoding=\"async\" alt=\"Na TIETO pr\u00ed\u010diny naj\u010dastej\u0161ie\" aria-describedby=\"img-res-6435875\" class=\"\" id=\"6435875\" loading=\"lazy\" onerror=\"imgArticleLoadErr(this)\" src=\"https:\/\/www.europesays.com\/sk\/wp-content\/uploads\/2026\/03\/statistika-umrtia-Slovensko-EU.jpg\" style=\"aspect-ratio:1.667\" title=\"Na TIETO pr\u00ed\u010diny naj\u010dastej\u0161ie\"\/>\t\t\t<\/p>\n<p>\n\t\t\t\tZobrazi\u0165 gal\u00e9riu (3)\t\t\t<\/p>\n<p>\t<\/a><\/p>\n<p>\t\u00a0(Zdroj: ec.europa.eu)<\/p>\n<p>Sme \u0161iesti v rebr\u00ed\u010dku a pred nami s\u00fa Bulhari, Ma\u010fari \u010di Rumunsko<\/p>\n<p>Najvy\u0161\u0161ia \u00famrtnos\u0165 na choroby obehov\u00e9ho syst\u00e9mu bola zaznamenan\u00e1 v Bulharsku (923 \u00famrt\u00ed na 100 000 obyvate\u013eov), Rumunsku (787) a Loty\u0161sku (726). Slovensko je pribli\u017ene na \u00farovni 600 \u00famrt\u00ed\u00a0a sme tak \u0161iesti v rebr\u00ed\u010dku.<\/p>\n<p>Naopak, Franc\u00fazsko (163), \u0160panielsko (200) a D\u00e1nsko (208) zaznamenali najni\u017e\u0161iu \u00famrtnos\u0165 na choroby obehov\u00e9ho syst\u00e9mu. Na\u0161i \u010desk\u00ed susedia obsadili deviatu pri\u010deku s viac ako 450 \u00famrtiami.<\/p>\n","protected":false},"excerpt":{"rendered":"BRATISLAVA &#8211; Aj ke\u010f \u013eudstvo za\u017e\u00edva technologick\u00fd pokrok a veda ide st\u00e1le dopredu, d\u013a\u017eka \u013eudsk\u00e9ho \u017eivota sa v&hellip;\n","protected":false},"author":2,"featured_media":20045,"comment_status":"","ping_status":"","sticky":false,"template":"","format":"standard","meta":{"footnotes":"","_share_on_mastodon":"0"},"categories":[8],"tags":[8763,167,6213,33,9732,7915,1629,43,40,42,41,36,50,9731,49,48],"class_list":["post-20044","post","type-post","status-publish","format-standard","has-post-thumbnail","category-svet","tag-covid-19","tag-europska-unia","tag-krajiny","tag-news","tag-obehovy-system","tag-porovnanie","tag-rakovina","tag-sk","tag-slovak","tag-slovencina","tag-slovensko","tag-spravy","tag-svet","tag-umrtnost","tag-world","tag-world-news"],"share_on_mastodon":{"url":"https:\/\/pubeurope.com\/@sk\/116239380545113660","error":""},"_links":{"self":[{"href":"https:\/\/www.europesays.com\/sk\/wp-json\/wp\/v2\/posts\/20044","targetHints":{"allow":["GET"]}}],"collection":[{"href":"https:\/\/www.europesays.com\/sk\/wp-json\/wp\/v2\/posts"}],"about":[{"href":"https:\/\/www.europesays.com\/sk\/wp-json\/wp\/v2\/types\/post"}],"author":[{"embeddable":true,"href":"https:\/\/www.europesays.com\/sk\/wp-json\/wp\/v2\/users\/2"}],"replies":[{"embeddable":true,"href":"https:\/\/www.europesays.com\/sk\/wp-json\/wp\/v2\/comments?post=20044"}],"version-history":[{"count":0,"href":"https:\/\/www.europesays.com\/sk\/wp-json\/wp\/v2\/posts\/20044\/revisions"}],"wp:featuredmedia":[{"embeddable":true,"href":"https:\/\/www.europesays.com\/sk\/wp-json\/wp\/v2\/media\/20045"}],"wp:attachment":[{"href":"https:\/\/www.europesays.com\/sk\/wp-json\/wp\/v2\/media?parent=20044"}],"wp:term":[{"taxonomy":"category","embeddable":true,"href":"https:\/\/www.europesays.com\/sk\/wp-json\/wp\/v2\/categories?post=20044"},{"taxonomy":"post_tag","embeddable":true,"href":"https:\/\/www.europesays.com\/sk\/wp-json\/wp\/v2\/tags?post=20044"}],"curies":[{"name":"wp","href":"https:\/\/api.w.org\/{rel}","templated":true}]}}