{"id":21506,"date":"2026-03-18T06:14:14","date_gmt":"2026-03-18T06:14:14","guid":{"rendered":"https:\/\/www.europesays.com\/sk\/21506\/"},"modified":"2026-03-18T06:14:14","modified_gmt":"2026-03-18T06:14:14","slug":"ohniva-rieka-pretala-cestu-soferi-si-na-mobil-tocili-ako-sa-lava-leje-priamo-cez-vozovku-exotika-cestovanie","status":"publish","type":"post","link":"https:\/\/www.europesays.com\/sk\/21506\/","title":{"rendered":"Ohniv\u00e1 rieka pre\u0165ala cestu. \u0160of\u00e9ri si na mobil to\u010dili, ako sa l\u00e1va leje priamo cez vozovku &#8211; Exotika &#8211; Cestovanie"},"content":{"rendered":"<p itemprop=\"description\">Hor\u00faca magma si nevyber\u00e1 a jej ni\u010div\u00e1 sila nepozn\u00e1 hranice civiliz\u00e1cie. Z\u00e1bery z vt\u00e1\u010dej perspekt\u00edvy aj priamo k mobilov \u0161of\u00e9rov odhalili moment, ke\u010f sa roz\u017eeraven\u00fd pr\u00fad l\u00e1vy prevalil cez hust\u00fd les a pre\u0165al d\u00f4le\u017eit\u00fa dopravn\u00fa tepnu na dve \u010dasti. K\u00fdm pr\u00edroda v okol\u00ed hor\u00ed a asfalt sa men\u00ed na dymiace trosky, svet s \u00fa\u017easom sleduje prebudenie jedn\u00e9ho z najakt\u00edvnej\u0161\u00edch zemsk\u00fdch obrov, ktor\u00fd op\u00e4\u0165 pripomenul, kto je na na\u0161ej plan\u00e9te skuto\u010dn\u00fdm p\u00e1nom.<\/p>\n<p>Franc\u00fazsky z\u00e1morsk\u00fd ostrov R\u00e9union v\u00a0Indickom oce\u00e1ne sa op\u00e4\u0165 ocitol pod nadvl\u00e1dou \u017eivlov. Jeden z\u00a0najakt\u00edvnej\u0161\u00edch vulk\u00e1nov na svete, Piton de la Fournaise, predviedol svoju ni\u010div\u00fa silu. Hor\u00faca l\u00e1va nielen\u017ee sp\u00e1lila hekt\u00e1re lesn\u00e9ho porastu, ale doslova roz\u0165ala hlavn\u00fa tepnu ostrova, \u0161t\u00e1tnu cestu RN2, na dve \u010dasti, opisuje <a target=\"_blank\" href=\"https:\/\/www.mirror.co.uk\/news\/world-news\/breaking-lava-splits-reunion-road-36861577\" rel=\"nofollow noopener\">Mirror<\/a>.<\/p>\n<p>Z\u00e1bery ako z\u00a0katastrofick\u00e9ho filmu<\/p>\n<p>Neuverite\u013en\u00e9 fotografie a z\u00e1bery zachyt\u00e1vaj\u00fa dva pr\u00fady l\u00e1vy, ktor\u00e9 sa valia cez hust\u00fd les a zastavuj\u00fa sa a\u017e po pretnut\u00ed asfaltu d\u00f4le\u017eitej komunik\u00e1cie sp\u00e1jaj\u00facej obce Saint-Philippe a Sainte-Rose. Cesta RN2 je v\u00a0tejto oblasti zn\u00e1ma ako \u201etrasa l\u00e1vy\u201c, preto\u017ee vulk\u00e1n ju svojou aktivitou ohrozuje pravidelne.<\/p>\n<p>S\u00fa\u010dasn\u00e1 erupcia sa za\u010dala 13.\u00a0febru\u00e1ra 2026.\u00a0Ide u\u017e o\u00a0druh\u00fa aktivitu tohto vulk\u00e1nu v\u00a0aktu\u00e1lnom roku\u00a0\u2013 prv\u00e1 nakr\u00e1tko vystra\u0161ila ostrov u\u017e 18.\u00a0janu\u00e1ra. Akt\u00edvne l\u00e1vov\u00e9 font\u00e1ny a te\u010d\u00face pr\u00fady pokra\u010duj\u00fa aj po\u010das marca, pri\u010dom magmatick\u00e9 divadlo pri\u0165ahuje pozornos\u0165 svetov\u00fdch m\u00e9di\u00ed aj vedcov.<\/p>\n<p>Piton de la Fournaise: \u201eVrchol pece\u201c<\/p>\n<p>Vulk\u00e1n, ktor\u00e9ho n\u00e1zov v\u00a0preklade znamen\u00e1 \u201eVrchol pece\u201c, je \u0161t\u00edtov\u00e1 sopka star\u00e1 pribli\u017ene 500\u00a0000\u00a0rokov. Svojou rozlohou pokr\u00fdva takmer tretinu ostrova a t\u00fd\u010di sa do v\u00fd\u0161ky 2\u00a0632\u00a0metrov nad morom. Podobne ako sopky na Havaji, aj Piton de la Fournaise produkuje tekut\u00fa \u010dadi\u010dov\u00fa l\u00e1vu, ktor\u00e1 vytv\u00e1ra \u0161irok\u00e9, mierne\u00a0svahy.<\/p>\n<p>Hoci sopka <a target=\"_blank\" href=\"https:\/\/www.euronews.com\/video\/2026\/03\/17\/lava-flows-reach-ocean-on-reunion-island-for-first-time-in-nearly-two-decades\" rel=\"nofollow noopener\">vybuchuje<\/a> v\u00a0priemere ka\u017ed\u00fdch dev\u00e4\u0165 mesiacov, pre 860\u00a0000\u00a0obyvate\u013eov ostrova zvy\u010dajne nepredstavuje priame nebezpe\u010denstvo. Erupcie s\u00fa v\u00e4\u010d\u0161inou obmedzen\u00e9 na neob\u00fdvan\u00fa kalderu zn\u00e1mu ako Enclos Fouqu\u00e9. Skuto\u010dn\u00fdm probl\u00e9mom je v\u0161ak infra\u0161trukt\u00fara\u00a0\u2013 zaka\u017ed\u00fdm, ke\u010f l\u00e1va prete\u010die cez cestu RN2, doprava na juhov\u00fdchode ostrova zamrzne na dlh\u00e9 mesiace, k\u00fdm l\u00e1va nestuhne a cest\u00e1ri nepostavia nov\u00fd \u00fasek na \u010derstvom \u010dadi\u010di.<\/p>\n<p>Pr\u00edrodn\u00e9 dedi\u010dstvo UNESCO pod doh\u013eadom<\/p>\n<p>Oblas\u0165 sopky je zap\u00edsan\u00e1 na zozname svetov\u00e9ho dedi\u010dstva UNESCO a patr\u00ed k\u00a0najsledovanej\u0161\u00edm geologick\u00fdm lokalit\u00e1m. Miestne observat\u00f3rium (OVPF) neust\u00e1le monitoruje otrasy a deform\u00e1cie p\u00f4dy, aby dok\u00e1zalo v\u010das evakuova\u0165 turistov a zvedavcov z\u00a0ohrozenej\u00a0z\u00f3ny.<\/p>\n<p>Aj ke\u010f s\u00fa \u0161kody na lese a cest\u00e1ch zna\u010dn\u00e9, pre R\u00e9union je vulk\u00e1n paradoxne aj po\u017eehnan\u00edm. Pr\u00fady l\u00e1vy neust\u00e1le zv\u00e4\u010d\u0161uj\u00fa rozlohu ostrova smerom do mora a vytv\u00e1raj\u00fa fascinuj\u00facu mesa\u010dn\u00fa krajinu, ktor\u00e1 je jedn\u00fdm z\u00a0hlavn\u00fdch l\u00e1kadiel miestneho turistick\u00e9ho\u00a0ruchu.<\/p>\n","protected":false},"excerpt":{"rendered":"Hor\u00faca magma si nevyber\u00e1 a jej ni\u010div\u00e1 sila nepozn\u00e1 hranice civiliz\u00e1cie. Z\u00e1bery z vt\u00e1\u010dej perspekt\u00edvy aj priamo k&hellip;\n","protected":false},"author":2,"featured_media":21507,"comment_status":"","ping_status":"","sticky":false,"template":"","format":"standard","meta":{"footnotes":"","_share_on_mastodon":"0"},"categories":[8],"tags":[855,10451,33,10452,300,43,40,42,10146,36,50,49,48],"class_list":["post-21506","post","type-post","status-publish","format-standard","has-post-thumbnail","category-svet","tag-cestovanie","tag-lava","tag-news","tag-ostrovy","tag-porovnaj-cestovne-poistenie","tag-sk","tag-slovak","tag-slovencina","tag-sopka","tag-spravy","tag-svet","tag-world","tag-world-news"],"share_on_mastodon":{"url":"https:\/\/pubeurope.com\/@sk\/116248711344280344","error":""},"_links":{"self":[{"href":"https:\/\/www.europesays.com\/sk\/wp-json\/wp\/v2\/posts\/21506","targetHints":{"allow":["GET"]}}],"collection":[{"href":"https:\/\/www.europesays.com\/sk\/wp-json\/wp\/v2\/posts"}],"about":[{"href":"https:\/\/www.europesays.com\/sk\/wp-json\/wp\/v2\/types\/post"}],"author":[{"embeddable":true,"href":"https:\/\/www.europesays.com\/sk\/wp-json\/wp\/v2\/users\/2"}],"replies":[{"embeddable":true,"href":"https:\/\/www.europesays.com\/sk\/wp-json\/wp\/v2\/comments?post=21506"}],"version-history":[{"count":0,"href":"https:\/\/www.europesays.com\/sk\/wp-json\/wp\/v2\/posts\/21506\/revisions"}],"wp:featuredmedia":[{"embeddable":true,"href":"https:\/\/www.europesays.com\/sk\/wp-json\/wp\/v2\/media\/21507"}],"wp:attachment":[{"href":"https:\/\/www.europesays.com\/sk\/wp-json\/wp\/v2\/media?parent=21506"}],"wp:term":[{"taxonomy":"category","embeddable":true,"href":"https:\/\/www.europesays.com\/sk\/wp-json\/wp\/v2\/categories?post=21506"},{"taxonomy":"post_tag","embeddable":true,"href":"https:\/\/www.europesays.com\/sk\/wp-json\/wp\/v2\/tags?post=21506"}],"curies":[{"name":"wp","href":"https:\/\/api.w.org\/{rel}","templated":true}]}}