{"id":22094,"date":"2026-03-18T18:24:09","date_gmt":"2026-03-18T18:24:09","guid":{"rendered":"https:\/\/www.europesays.com\/sk\/22094\/"},"modified":"2026-03-18T18:24:09","modified_gmt":"2026-03-18T18:24:09","slug":"kabina-lanovky-sa-odtrhla-a-rutila-po-svahu-zasahuju-vsetky-zlozky-privolali-aj-vrtulnik","status":"publish","type":"post","link":"https:\/\/www.europesays.com\/sk\/22094\/","title":{"rendered":"Kab\u00edna lanovky sa odtrhla a r\u00fatila po svahu: Zasahuj\u00fa v\u0161etky zlo\u017eky, privolali aj vrtu\u013en\u00edk"},"content":{"rendered":"<p>Vo \u0161vaj\u010diarskom ly\u017eiarskom stredisku Engelberg prebieha z\u00e1chrann\u00e1 oper\u00e1cia po tom, ako sa po\u010das siln\u00e9ho vetra odtrhla a zr\u00fatila po svahu kab\u00edna lanovky. Nie je jasn\u00e9, \u010di sa v nej nach\u00e1dzali \u013eudia.<\/p>\n<p>TASR o tom informuje pod\u013ea agent\u00far Reuters a DPA a webu denn\u00edka Blick. Nehodu potvrdila aj pol\u00edcia kant\u00f3nu Nidwalden v strednom \u0160vaj\u010diarsku. Podrobnosti neuviedla s t\u00fdm, \u017ee ide o od\u013eahl\u00fa oblas\u0165 a \u017ee si mus\u00ed najsk\u00f4r urobi\u0165 preh\u013ead o situ\u00e1cii. Hovorca leteckej z\u00e1chrannej slu\u017eby Rega uviedol, \u017ee do oper\u00e1cie bol zapojen\u00fd jeden vrtu\u013en\u00edk.<\/p>\n<p>Najmenej jeden \u010dlovek utrpel zranenia<\/p>\n<p>\u0160vaj\u010diarske noviny 20 Minuten informovali, \u017ee najmenej jeden \u010dlovek utrpel zranenia. Denn\u00edk Blick zverejnil video svojho \u010ditate\u013ea, na ktorom sa kab\u00edna lanovky r\u00fati dolu zasne\u017een\u00fdm kopcom. Video nebolo mo\u017en\u00e9 bezprostredne overi\u0165.<\/p>\n<p>Pozri aj:<\/p>\n<p>                                                                <a href=\"https:\/\/www.interez.sk\/budu-na-velku-noc-otvorene-obchody-pozrite-sa-ako-to-bude-po-novom-retazce-hlasia-zmeny\/\" onclick=\"ga(&#039;interez_Tracker.send&#039;, &#039;event&#039;, &#039;Pozri aj&#039;, &#039;Pozri aj - obr\u00e1zok&#039;, &#039;Bud\u00fa na Ve\u013ek\u00fa noc otvoren\u00e9 obchody? Pozrite sa, ako to bude po novom, re\u0165azce hl\u00e1sia\u2026&#039;)\" rel=\"nofollow noopener\" target=\"_blank\"><br \/>\n                                                                    <img loading=\"lazy\" decoding=\"async\" class=\"img-responsive pozri-aj-img\" src=\"data:image\/svg+xml,%3Csvg%20xmlns=\" http:=\"\" width=\"133\" height=\"70\" alt=\"Pozri aj tento \u010dl\u00e1nok\" data-lazy-src=\"https:\/\/www.europesays.com\/sk\/wp-content\/uploads\/2026\/03\/tesco-kaufland-obchod-1-425x222.jpg\"\/><img loading=\"lazy\" decoding=\"async\" class=\"img-responsive pozri-aj-img\" src=\"https:\/\/www.europesays.com\/sk\/wp-content\/uploads\/2026\/03\/tesco-kaufland-obchod-1-425x222.jpg\" width=\"133\" height=\"70\" alt=\"Pozri aj tento \u010dl\u00e1nok\"\/><br \/>\n                                                                <\/a><\/p>\n","protected":false},"excerpt":{"rendered":"Vo \u0161vaj\u010diarskom ly\u017eiarskom stredisku Engelberg prebieha z\u00e1chrann\u00e1 oper\u00e1cia po tom, ako sa po\u010das siln\u00e9ho vetra odtrhla a zr\u00fatila&hellip;\n","protected":false},"author":2,"featured_media":676,"comment_status":"","ping_status":"","sticky":false,"template":"","format":"standard","meta":{"footnotes":"","_share_on_mastodon":"0"},"categories":[32],"tags":[34,37,10755,33,43,40,39,42,41,36,4949,38,35],"class_list":["post-22094","post","type-post","status-publish","format-standard","has-post-thumbnail","category-spravy","tag-headlines","tag-hlavne-spravy","tag-lanovka","tag-news","tag-sk","tag-slovak","tag-slovakia","tag-slovencina","tag-slovensko","tag-spravy","tag-svajciarsko","tag-titulky","tag-top-stories"],"share_on_mastodon":{"url":"https:\/\/pubeurope.com\/@sk\/116251581635810538","error":""},"_links":{"self":[{"href":"https:\/\/www.europesays.com\/sk\/wp-json\/wp\/v2\/posts\/22094","targetHints":{"allow":["GET"]}}],"collection":[{"href":"https:\/\/www.europesays.com\/sk\/wp-json\/wp\/v2\/posts"}],"about":[{"href":"https:\/\/www.europesays.com\/sk\/wp-json\/wp\/v2\/types\/post"}],"author":[{"embeddable":true,"href":"https:\/\/www.europesays.com\/sk\/wp-json\/wp\/v2\/users\/2"}],"replies":[{"embeddable":true,"href":"https:\/\/www.europesays.com\/sk\/wp-json\/wp\/v2\/comments?post=22094"}],"version-history":[{"count":0,"href":"https:\/\/www.europesays.com\/sk\/wp-json\/wp\/v2\/posts\/22094\/revisions"}],"wp:featuredmedia":[{"embeddable":true,"href":"https:\/\/www.europesays.com\/sk\/wp-json\/wp\/v2\/media\/676"}],"wp:attachment":[{"href":"https:\/\/www.europesays.com\/sk\/wp-json\/wp\/v2\/media?parent=22094"}],"wp:term":[{"taxonomy":"category","embeddable":true,"href":"https:\/\/www.europesays.com\/sk\/wp-json\/wp\/v2\/categories?post=22094"},{"taxonomy":"post_tag","embeddable":true,"href":"https:\/\/www.europesays.com\/sk\/wp-json\/wp\/v2\/tags?post=22094"}],"curies":[{"name":"wp","href":"https:\/\/api.w.org\/{rel}","templated":true}]}}