{"id":22209,"date":"2026-03-18T21:24:11","date_gmt":"2026-03-18T21:24:11","guid":{"rendered":"https:\/\/www.europesays.com\/sk\/22209\/"},"modified":"2026-03-18T21:24:11","modified_gmt":"2026-03-18T21:24:11","slug":"pri-pade-kabiny-lanovky-zahynul-jeden-clovek","status":"publish","type":"post","link":"https:\/\/www.europesays.com\/sk\/22209\/","title":{"rendered":"Pri p\u00e1de kab\u00edny lanovky zahynul jeden \u010dlovek"},"content":{"rendered":"<p>Engelberg 18. marca (TASR) \u2014 Jednu obe\u0165 si v stredu vy\u017eiadalo zr\u00fatenie kab\u00edny lanovky vo \u0161vaj\u010diarskom ly\u017eiarskom stredisku Engelberg. Kab\u00ednka sa zrejme v silnom vetre uvo\u013enila z lana, spadla na zasne\u017een\u00fd svah, po ktorom padala nieko\u013eko desiatok metrov. TASR o tom informuje s odvolan\u00edm sa na spravodajsk\u00fd port\u00e1l blick.ch.<\/p>\n<p>V kab\u00edne, do ktorej sa zmestilo osem os\u00f4b, sa v \u010dase ne\u0161\u0165astia nach\u00e1dzala iba jedna osoba, ktorou bola 61-ro\u010dn\u00e1 miestna obyvate\u013eka.<\/p>\n<p>K nehode do\u0161lo kr\u00e1tko po 11.00 h za medzistanicou Tr\u00fcbsee v nadmorskej v\u00fd\u0161ke pribli\u017ene 2000 metrov, \u010do s\u0165a\u017eovalo pr\u00e1cu z\u00e1chrann\u00fdm a policajn\u00fdm zlo\u017ek\u00e1m. Evakuovan\u00ed boli aj ly\u017eiari a snoubordisti nach\u00e1dzaj\u00faci sa v in\u00fdch kab\u00ednach, ako aj na ly\u017eiarskych svahoch.<\/p>\n<p>Kab\u00ednkov\u00e1 lanovka v ly\u017eiarskom stredisku Engelberg je dlh\u00e1 takmer 1900 metrov a host\u00ed vyvezie na zjazdovky v nadmorskej v\u00fd\u0161ke pribli\u017ene 2400 metrov.<\/p>\n<p>Meteorologick\u00e1 slu\u017eba MeteoSchweiz vydala pre oblas\u0165 na stredu varovanie pred siln\u00fdm vetrom, ktor\u00e9ho n\u00e1razy mohli na exponovan\u00fdch miestach v nadmorskej v\u00fd\u0161ke nad 1800 metrov dosiahnu\u0165 r\u00fdchlos\u0165 a\u017e 130 kilometrov za hodinu.<\/p>\n<p>Engelberg sa nach\u00e1dza v kant\u00f3ne Obwalden. K nehode v\u0161ak do\u0161lo na \u00fazem\u00ed kant\u00f3nu Nidwalden, preto ju vy\u0161etruje aj tamoj\u0161ia pol\u00edcia.<\/p>\n","protected":false},"excerpt":{"rendered":"Engelberg 18. marca (TASR) \u2014 Jednu obe\u0165 si v stredu vy\u017eiadalo zr\u00fatenie kab\u00edny lanovky vo \u0161vaj\u010diarskom ly\u017eiarskom stredisku&hellip;\n","protected":false},"author":2,"featured_media":22210,"comment_status":"","ping_status":"","sticky":false,"template":"","format":"standard","meta":{"footnotes":"","_share_on_mastodon":"0"},"categories":[8],"tags":[10805,10755,33,2403,43,40,42,36,4949,50,49,48,6114],"class_list":["post-22209","post","type-post","status-publish","format-standard","has-post-thumbnail","category-svet","tag-kabina","tag-lanovka","tag-news","tag-operacia","tag-sk","tag-slovak","tag-slovencina","tag-spravy","tag-svajciarsko","tag-svet","tag-world","tag-world-news","tag-zrutenie"],"share_on_mastodon":{"url":"https:\/\/pubeurope.com\/@sk\/116252289511107785","error":""},"_links":{"self":[{"href":"https:\/\/www.europesays.com\/sk\/wp-json\/wp\/v2\/posts\/22209","targetHints":{"allow":["GET"]}}],"collection":[{"href":"https:\/\/www.europesays.com\/sk\/wp-json\/wp\/v2\/posts"}],"about":[{"href":"https:\/\/www.europesays.com\/sk\/wp-json\/wp\/v2\/types\/post"}],"author":[{"embeddable":true,"href":"https:\/\/www.europesays.com\/sk\/wp-json\/wp\/v2\/users\/2"}],"replies":[{"embeddable":true,"href":"https:\/\/www.europesays.com\/sk\/wp-json\/wp\/v2\/comments?post=22209"}],"version-history":[{"count":0,"href":"https:\/\/www.europesays.com\/sk\/wp-json\/wp\/v2\/posts\/22209\/revisions"}],"wp:featuredmedia":[{"embeddable":true,"href":"https:\/\/www.europesays.com\/sk\/wp-json\/wp\/v2\/media\/22210"}],"wp:attachment":[{"href":"https:\/\/www.europesays.com\/sk\/wp-json\/wp\/v2\/media?parent=22209"}],"wp:term":[{"taxonomy":"category","embeddable":true,"href":"https:\/\/www.europesays.com\/sk\/wp-json\/wp\/v2\/categories?post=22209"},{"taxonomy":"post_tag","embeddable":true,"href":"https:\/\/www.europesays.com\/sk\/wp-json\/wp\/v2\/tags?post=22209"}],"curies":[{"name":"wp","href":"https:\/\/api.w.org\/{rel}","templated":true}]}}