{"id":22682,"date":"2026-03-19T11:30:07","date_gmt":"2026-03-19T11:30:07","guid":{"rendered":"https:\/\/www.europesays.com\/sk\/22682\/"},"modified":"2026-03-19T11:30:07","modified_gmt":"2026-03-19T11:30:07","slug":"nhl-jasne-naznacila-ci-rusi-pojdu-na-svetovy-pohar","status":"publish","type":"post","link":"https:\/\/www.europesays.com\/sk\/22682\/","title":{"rendered":"NHL jasne nazna\u010dila, \u010di Rusi p\u00f4jdu na Svetov\u00fd poh\u00e1r"},"content":{"rendered":"<p>\t<a href=\"https:\/\/sportky.zoznam.sk\/g\/474499\/existuje-iba-jeden-smer-na-riesenie-nhl-jasne-naznacila-ci-rusi-pojdu-na-svetovy-pohar?image=1131405\" title=\"Alex Ove\u010dkin a Sergej Bobrovsky\" rel=\"nofollow noopener\" target=\"_blank\">\t\t\t<img decoding=\"async\" loading=\"lazy\" src=\"https:\/\/www.europesays.com\/sk\/wp-content\/uploads\/2026\/03\/rusko-sergej-bobrovsky-svetovy-1131405.jpg\"  alt=\"Alex Ove\u010dkin a Sergej Bobrovsky\"\/><\/a>Alex Ove\u010dkin a Sergej Bobrovsky\t\t\t Zdroj: SITA\t\t\t\t<\/p>\n<p>\t\t\t<a class=\"box-article-author-image\"><br \/>\n\t\t\t\t<img decoding=\"async\" src=\"https:\/\/sportky.zoznam.sk\/static\/2019_default\/img\/author.svg\"\/><br \/>\n\t\t\t<\/a><\/p>\n<p class=\"perex\">MANALAPAN &#8211; Vedenie NHL a v\u0161etk\u00fdch 32 gener\u00e1lnych mana\u017e\u00e9rov sa v t\u00fdchto d\u0148och stretlo na Floride, kde preberali t\u00e9my r\u00f4zneho druhu.\t<\/p>\n<p>Posun NHL k lep\u0161iemu, o\u010dak\u00e1van\u00fd rekordn\u00fd zisk ligy, kritizovan\u00fd play-off form\u00e1t, d\u013a\u017eka di\u0161tancov \u010di \u00fa\u010das\u0165 Ruska na Svetovom poh\u00e1ri 2028, ktor\u00fd sa uskuto\u010dn\u00ed v Prahe, Edmontone a Calgary. K\u00fdm z\u00e1morsk\u00fd kontinent s USA a Kanadou nevn\u00edma vojnov\u00fd konflikt na Ukrajine tak citlivo ako Eur\u00f3pa, mnoh\u00e9 hokejov\u00e9 krajiny na starom kontinente maj\u00fa jasn\u00e9 stanovisko.<\/p>\n<p>&#13;<br \/>\n&#13;<\/p>\n<p>\u010cesk\u00e9, f\u00ednske \u010di \u0161v\u00e9dske kluby nemaj\u00fa v t\u00edme hr\u00e1\u010dov, ktor\u00ed hrali v KHL aj po za\u010diatku konfliktu, reprezent\u00e1cie spom\u00ednan\u00fdch kraj\u00edn, ale aj Loty\u0161sko, nenominuj\u00fa do n\u00e1rodn\u00e9ho mu\u017estva hokejistov, ktor\u00ed maj\u00fa KHL minulos\u0165 aj od febru\u00e1ra 2022.<\/p>\n<p>&#13;<br \/>\n&#13;<\/p>\n<p>Hoci zo strany eur\u00f3pskych kraj\u00edn nepadlo ofici\u00e1lne stanovisko, na 99,9 % sa o\u010dak\u00e1va, \u017ee ak by Rusi boli n\u00e1hodou pripusten\u00ed na Svetov\u00fd poh\u00e1r, znamenalo by to bojkot viacer\u00fdch kraj\u00edn.<\/p>\n<p>&#13;<br \/>\n&#13;<\/p>\n<p>&#8222;Z Eur\u00f3py pri\u0161la spr\u00e1va, \u017ee niektor\u00e9 krajiny &#8211; \u010cesko, \u0160v\u00e9dsko, F\u00ednsko, povedali, \u017ee ak sa Rusko z\u00fa\u010dastn\u00ed Svetov\u00e9ho poh\u00e1ra, tak oni nie. NHL od nich neobdr\u017eala \u017eiadne ofici\u00e1lne stanovisko, ale pam\u00e4t\u00e1m si, ke\u010f sme naposledy rie\u0161ili t\u00fato vec a d\u00e1vali dohromady turnaj, NHL n\u00e1m povedala, \u017ee ako obyvatelia Severnej Ameriky si ob\u010das neuvedomujeme h\u013abku pocitov vo\u010di Rusku v ur\u010dit\u00fdch \u010dastiach Eur\u00f3py. <\/p>\n<p>&#13;<br \/>\n&#13;<\/p>\n<p>Rozhodne to zistili a re\u0161pektuj\u00fa to. S\u00fa presved\u010den\u00ed, \u017ee tieto pocity sa nezmenili a vedia, ako sa tieto krajiny c\u00edtia. Mysl\u00edm si, \u017ee sa na to mus\u00edte pozera\u0165 iba jedn\u00fdm smerom &#8211; pokia\u013e bude pokra\u010dova\u0165 vojna na Ukrajine, Rusko nebude s\u00fa\u010das\u0165ou Svetov\u00e9ho poh\u00e1ra,&#8220;\u00a0povedal z\u00e1morsk\u00fd novin\u00e1r Elliotte Friedman\u00a0po stretnut\u00ed gener\u00e1lnych mana\u017e\u00e9rov na Floride.<\/p>\n<p>&#13;<br \/>\n&#13;<\/p>\n<p>Bill Daly, vrchn\u00fd predstavite\u013e Hr\u00e1\u010dskej asoci\u00e1cie NHL, povedal, \u017ee ani vedenie najlep\u0161ej ligy sveta zatia\u013e neuroilo kone\u010dn\u00fd verdikt. <\/p>\n<p>&#13;<br \/>\n&#13;<\/p>\n<p>&#8222;Vieme, ak\u00fd maj\u00fa postoj eur\u00f3pske krajiny, a je ve\u013emi jasn\u00fd. \u00daprimne, je to ten ist\u00fd n\u00e1zor, ak\u00fd dlhodobo prezentujeme aj my a cel\u00e1 hokejov\u00e1 komunita,\u00a0Nevid\u00edm tam ni\u010d nov\u00e9.\u00a0Nie sme v rozpore s t\u00fdm, \u010do hovoria F\u00ednsko, \u0160v\u00e9dsko \u010di \u010cesko oh\u013eadom \u00fa\u010dasti Ruska. V\u0161etko bude z\u00e1visie\u0165 od v\u00fdvoja situ\u00e1cie \u2013 ak sa veci pohn\u00fa spr\u00e1vnym smerom, \u00fa\u010das\u0165 je mo\u017en\u00e1. Ak nie, Rusko si pravdepodobne nezahr\u00e1.&#8220;<\/p>\n<p>&#13;<br \/>\n&#13;<\/p>\n<p>NHL potvrdila, \u017ee participantmi bud\u00fa Kanada, USA, \u0160v\u00e9dsko, \u010cesko a F\u00ednsko, a pravdepodobne aj Nemecko a \u0160vaj\u010diarsko, \u00f4smim celkom by malo by\u0165 Slovensko.<\/p>\n<p>&#13;<\/p>\n<p>\t\t\tAutor: \u00a9 Zoznam\/\t\t\tZdroj: \u0160portky\t<\/p>\n","protected":false},"excerpt":{"rendered":"Alex Ove\u010dkin a Sergej Bobrovsky Zdroj: SITA MANALAPAN &#8211; Vedenie NHL a v\u0161etk\u00fdch 32 gener\u00e1lnych mana\u017e\u00e9rov sa v&hellip;\n","protected":false},"author":2,"featured_media":22683,"comment_status":"","ping_status":"","sticky":false,"template":"","format":"standard","meta":{"footnotes":"","_share_on_mastodon":"0"},"categories":[32],"tags":[10999,11000,34,37,33,1464,10192,43,40,39,42,41,36,11001,38,35],"class_list":["post-22682","post","type-post","status-publish","format-standard","has-post-thumbnail","category-spravy","tag-bill-daly","tag-elliotte-friedman","tag-headlines","tag-hlavne-spravy","tag-news","tag-nhl","tag-ruska-hokejova-reprezentacia","tag-sk","tag-slovak","tag-slovakia","tag-slovencina","tag-slovensko","tag-spravy","tag-svetovy-pohar-2028","tag-titulky","tag-top-stories"],"share_on_mastodon":{"url":"https:\/\/pubeurope.com\/@sk\/116255616072316333","error":""},"_links":{"self":[{"href":"https:\/\/www.europesays.com\/sk\/wp-json\/wp\/v2\/posts\/22682","targetHints":{"allow":["GET"]}}],"collection":[{"href":"https:\/\/www.europesays.com\/sk\/wp-json\/wp\/v2\/posts"}],"about":[{"href":"https:\/\/www.europesays.com\/sk\/wp-json\/wp\/v2\/types\/post"}],"author":[{"embeddable":true,"href":"https:\/\/www.europesays.com\/sk\/wp-json\/wp\/v2\/users\/2"}],"replies":[{"embeddable":true,"href":"https:\/\/www.europesays.com\/sk\/wp-json\/wp\/v2\/comments?post=22682"}],"version-history":[{"count":0,"href":"https:\/\/www.europesays.com\/sk\/wp-json\/wp\/v2\/posts\/22682\/revisions"}],"wp:featuredmedia":[{"embeddable":true,"href":"https:\/\/www.europesays.com\/sk\/wp-json\/wp\/v2\/media\/22683"}],"wp:attachment":[{"href":"https:\/\/www.europesays.com\/sk\/wp-json\/wp\/v2\/media?parent=22682"}],"wp:term":[{"taxonomy":"category","embeddable":true,"href":"https:\/\/www.europesays.com\/sk\/wp-json\/wp\/v2\/categories?post=22682"},{"taxonomy":"post_tag","embeddable":true,"href":"https:\/\/www.europesays.com\/sk\/wp-json\/wp\/v2\/tags?post=22682"}],"curies":[{"name":"wp","href":"https:\/\/api.w.org\/{rel}","templated":true}]}}