{"id":22794,"date":"2026-03-19T13:52:12","date_gmt":"2026-03-19T13:52:12","guid":{"rendered":"https:\/\/www.europesays.com\/sk\/22794\/"},"modified":"2026-03-19T13:52:12","modified_gmt":"2026-03-19T13:52:12","slug":"cudzinecka-policia-sa-stahuje-blizsie-k-centru-miestni-sa-obavaju-problemov-s-parkovanim-a-maju-strach-z-inakosti-domace-spravy","status":"publish","type":"post","link":"https:\/\/www.europesays.com\/sk\/22794\/","title":{"rendered":"Cudzineck\u00e1 pol\u00edcia sa s\u0165ahuje bli\u017e\u0161ie k centru, miestni sa ob\u00e1vaj\u00fa probl\u00e9mov s parkovan\u00edm a maj\u00fa strach z inakosti &#8211; Dom\u00e1ce &#8211; Spr\u00e1vy"},"content":{"rendered":"<p itemprop=\"description\">Nov\u00e1 adresa cudzineckej pol\u00edcie v Bratislave je zn\u00e1ma. Z Vajn\u00f4r, odkia\u013e ju vytla\u010dila v\u00fdstavba N\u00e1rodnej nemocnice gener\u00e1la M. R. \u0160tef\u00e1nika, sa presunie viac do centra hlavn\u00e9ho mesta. Po novom bude s\u00eddli\u0165 v b\u00fdvalej budove pois\u0165ovne, ktor\u00fa si ministerstvo vn\u00fatra pod veden\u00edm Mat\u00fa\u0161a \u0160utaja E\u0161toka (Hlas) prenajalo na desa\u0165 rokov. So s\u0165ahovan\u00edm by sa malo za\u010da\u0165 u\u017e nasleduj\u00faci mesiac. Ko\u013eko \u0161t\u00e1t zaplat\u00ed za nov\u00e9 priestory?<\/p>\n<p>\t\t\t\t\t \t\t\t\tCudzineck\u00e1 pol\u00edcia sa pres\u0165ahuje z Vajn\u00f4r na Ra\u010diansku ulicu \t\t\t<\/p>\n<p>\t \t\t\t Video \t<\/p>\n<p>\t\t\t\t \t\t\t\t\t\t\t\t\t\t\t\t\tZdroj: Pravda \t\t\t\t\t\t<\/p>\n<p>Z\u00e1kladn\u00fd kame\u0148 nov\u00e9ho \u0161pit\u00e1lu <a target=\"_blank\" href=\"https:\/\/spravy.pravda.sk\/domace\/clanok\/779084-vo-vajnoroch-spustili-vystavbu-novej-nemocnice\/\" rel=\"nofollow noopener\">poklepali<\/a> v\u00a0polovici decembra ministri obrany a zdravotn\u00edctva Robert Kali\u0148\u00e1k (Smer) a Kamil \u0160a\u0161ko (Hlas). Ke\u010f\u017ee pl\u00e1ny okolo nemocnice s\u00fa ve\u013ek\u00e9, a \u010dasom maj\u00fa do jej are\u00e1lu pribudn\u00fa\u0165 aj intern\u00e1ty \u010di vzdel\u00e1vacie in\u0161tit\u00facie, bolo jasn\u00e9, \u017ee s\u00fa\u010dasn\u00e9 slu\u017eby s\u00eddliace na pozemkoch vo Vajnoroch bud\u00fa musie\u0165 ust\u00fapi\u0165. A\u00a0to aj vr\u00e1tane s\u00eddla region\u00e1lneho riadite\u013estva Severoatlantickej aliancie, zn\u00e1meho pod skratkou\u00a0NFIU.<\/p>\n<p>\t<a class=\"promo-clanok\" href=\"https:\/\/spravy.pravda.sk\/domace\/clanok\/741738-vchod-oplotili-ludia-bojuju-o-miesto-v-rade-statny-it-system-pre-cudzincov-je-uz-mesiace-takmer-nefunkcny-rezort-problem-nevidi\/\" rel=\"nofollow noopener\" target=\"_blank\"> \t\t\t\t\t<img decoding=\"async\" src=\"https:\/\/www.europesays.com\/sk\/wp-content\/uploads\/2026\/03\/utecenci-z-ukrajiny-oddelenie-cudzineckej-policie-stvorec.jpg\" class=\"promo-clanok-image\" alt=\"ute\u010denci z Ukrajiny, Oddelenie cudzineckej pol\u00edcie,\"\/> \t\t\t \t\t\t\t \t\t\t\t\t\t\t\t\t\t\t\u010c\u00edtajte viac \t\t\t\t\t\t\t\t\t \t\t\t\t \t\t\t\t\tVchod oplotili, \u013eudia bojuj\u00fa o miesto v rade. \u0160t\u00e1tny IT syst\u00e9m pre cudzincov je mesiace takmer nefunk\u010dn\u00fd, rezort probl\u00e9m nevid\u00ed \t\t\t\t \t\t\t \t\t\t<\/a><br \/>\nMedzi bytovkami a elektri\u010dkou<\/p>\n<p>Nov\u00e9 s\u00eddlo h\u013eadalo ministerstvo vn\u00fatra mesiace. Hoci m\u00e1 aj vlastn\u00e9 priestory, napokon sa rozhodlo \u00eds\u0165 pod cudziu strechu na Ra\u010dianskej ulici. Budova, ktor\u00e1 sa nach\u00e1dza v\u00a0oblasti s\u00a0bytovkami a ne\u010faleko zast\u00e1vky elektri\u010diek, p\u00f4sob\u00ed zatia\u013e napoh\u013ead pr\u00e1zdna, rovnako aj pri\u013eahl\u00e9 parkovisko.<\/p>\n<p>Ako uviedol pre Pravdu hovorca ministerstva vn\u00fatra Matej Neumann, okrem \u00fatvaru pre cudzincov bude v\u00a0nov\u00fdch priestoroch s\u00eddli\u0165 aj Riadite\u013estvo hrani\u010dnej a cudzineckej pol\u00edcie Bratislava, Mobiln\u00e1 jednotka Policajn\u00e9ho zboru Bratislava a samotn\u00e9 centrum slu\u017eieb cudzincom Migra\u010dn\u00e9ho \u00faradu Ministerstva vn\u00fatra SR, ktor\u00e9 aktu\u00e1lne tie\u017e s\u00eddli vo Vajnoroch.<\/p>\n<p>\u201eIde o\u00a0prenaj\u00edman\u00e9 priestory v\u00a0\u0161ir\u0161om centre hlavn\u00e9ho mesta, kde e\u0161te prebiehaj\u00fa posledn\u00e9 potrebn\u00e9 \u00fapravy. Zatia\u013e nie je rozhodnut\u00e9, k\u00a0ak\u00fdm obmedzeniam sa prist\u00fapi po\u010das s\u0165ahovania, verejnos\u0165 v\u0161ak budeme v\u010das informova\u0165,\u201c uviedol pre Pravdu Neumann. Priamej odpovede na ot\u00e1zku o\u00a0v\u00fd\u0161ke mesa\u010dn\u00fdch n\u00e1kladov spojen\u00fdch s\u00a0nov\u00fdmi priestormi sme sa v\u0161ak nedo\u010dkali.<\/p>\n<p>\t\t\t\t\t \t\t\t\tOddelenie cudzineckej pol\u00edcie PZ Bratislava vo Vajnoroch \t\t\t<\/p>\n<p>\t \t\t\t Video \t<\/p>\n<p>\t\t\t\t \t\t\t\t\t\t\t\t\t\t\t\t\tZdroj: Pravda \t\t\t\t\t\t<\/p>\n<p>Viac ako 100-tis\u00edc eur mesa\u010dne<\/p>\n<p>Pod\u013ea <a target=\"_blank\" href=\"https:\/\/zbgis.skgeodesy.sk\/mapka\/sk\/kataster\/detail\/ra_adresne_body\/0\/14460663?pos=48.175371,17.129404,18\" rel=\"nofollow noopener\">v\u00fdpisu z\u00a0katastra nehnute\u013enost\u00ed<\/a> patr\u00ed pozemok s\u00a0budovou na Ra\u010dianskej 62\u00a0firme Sibareal properties z\u00a0Bratislavy. Ako vypl\u00fdva z\u00a0\u00fadajov <a target=\"_blank\" href=\"https:\/\/www.orsr.sk\/vypis.asp?ID=686899&amp;SID=2&amp;P=0\" rel=\"nofollow noopener\">v\u00a0Obchodnom registri<\/a>, na jej \u010dele stoja Martin Z\u00e1horsk\u00fd a Juraj Balucha.<\/p>\n<p>Zmluva o\u00a0n\u00e1jme na desa\u0165 rokov <a target=\"_blank\" href=\"https:\/\/www.crz.gov.sk\/zmluva\/11650609\/\" rel=\"nofollow noopener\">pribudla v\u00a0Centr\u00e1lnom registri zml\u00fav<\/a> e\u0161te na konci novembra 2025.\u00a0Ako sa v\u00a0nej uv\u00e1dza, za ka\u017ed\u00fd za\u010dat\u00fd meter \u0161tvorcov\u00fd ministerstvo zaplat\u00ed 9,99\u00a0eura. \u201eCelkov\u00e1 v\u00fd\u0161ka n\u00e1jomn\u00e9ho za nebytov\u00e9 priestory je v\u00a0sume 71\u00a0288,64\u00a0EUR (slovom: sedemdesiatjedentis\u00edcdvestoosemdesiatosem eur a \u0161es\u0165desiat\u0161tyri centov) bez DPH mesa\u010dne,\u201c uv\u00e1dza sa v\u00a0\u010dasti o\u00a0n\u00e1jomnom. Plus, za parkovacie st\u00e1tia zaplat\u00ed mesa\u010dne 4\u00a0725\u00a0eur. K\u00a0dispoz\u00edcii bude pod\u013ea dokumentu 135\u00a0parkovac\u00edch miest. V\u00fd\u0161ka n\u00e1jomn\u00e9ho sa m\u00f4\u017ee ka\u017edoro\u010dne meni\u0165 pod\u013ea infl\u00e1cie.<\/p>\n<p>Ministerstvu tie\u017e zo zmluvy vypl\u00fdva povinnos\u0165 uhr\u00e1dza\u0165 prev\u00e1dzkov\u00e9 n\u00e1klady, ktor\u00e9 vznikn\u00fa s\u00a0u\u017e\u00edvan\u00edm budovy, vr\u00e1tane n\u00e1kladov za energie. \u201eZmluvn\u00e9 strany sa dohodli na pau\u0161\u00e1lnej sume Prev\u00e1dzkov\u00fdch n\u00e1kladov vo v\u00fd\u0161ke 4,30\u00a0EUR (slovom: \u0161tyri eur\u00e1 a tridsa\u0165 centov) bez DPH m\u00b2\/mesiac, za ka\u017ed\u00fd za\u010dat\u00fd m2 v\u00fdmery Budovy, t. j. 30\u00a0684,80\u00a0EUR (slovom: tridsa\u0165tis\u00edc\u0161es\u0165stoosemdesiat\u0161tyri eur a osemdesiat centov) mesa\u010dne,\u201c uv\u00e1dza sa \u010falej v\u00a0zmluve. Pren\u00e1jom budovy s\u00a0parkovan\u00edm tak \u0161t\u00e1t vyjde na viac ako 100-tis\u00edc eur mesa\u010dne.<\/p>\n<p>\t\t\t\t\t \t\t\t\tVizualiz\u00e1cie novej n\u00e1rodnej nemocnice vo Vajnoroch \t\t\t<\/p>\n<p>\t \t\t\t Video \t<\/p>\n<p>\t\t\t\t \t\t\t\t\t\t\t\t\t\t\t\t\tZdroj: MO SR \t\t\t\t\t\t<\/p>\n<p>Miestni maj\u00fa obavy<\/p>\n<p>Oddelenie cudzineckej pol\u00edcie v\u00a0Bratislave patr\u00ed k\u00a0najvy\u0165a\u017eenej\u0161\u00edm, t\u00e9me sa <a target=\"_blank\" href=\"https:\/\/spravy.pravda.sk\/domace\/clanok\/741738-vchod-oplotili-ludia-bojuju-o-miesto-v-rade-statny-it-system-pre-cudzincov-je-uz-mesiace-takmer-nefunkcny-rezort-problem-nevidi\/\" rel=\"nofollow noopener\">Pravda<\/a> venovala aj v\u00a0minulosti. Ako Neumann spresnil, po\u010das str\u00e1nkov\u00fdch dn\u00ed, ktor\u00e9 s\u00fa v\u00a0pondelok, stredu a piatok, vybav\u00ed denne pribli\u017ene 500\u00a0klientov. Ako pripomenul, na \u00fakony v\u0161ak treba ma\u0165 rezervovan\u00fd term\u00edn.<\/p>\n<p>Pres\u0165ahovanie oddelenia z\u00a0Vajn\u00f4r do Nov\u00e9ho Mesta vyvolalo medzi obyvate\u013emi viacer\u00e9 pochybnosti a ot\u00e1zky, \u010do potvrdil miestny \u00farad. \u201eOb\u010dania sa ob\u00e1vaj\u00fa najm\u00e4 zhor\u0161enia verejn\u00e9ho poriadku, ktor\u00fd by mal s\u00favisie\u0165 s\u00a0vybavovan\u00edm v\u00e4\u010d\u0161ieho mno\u017estva cudzincov. Obvykle je pr\u00edtomn\u00e1 aj obava z\u00a0n\u00e1rastu dopravn\u00e9ho za\u0165a\u017eenia v\u00a0\u00fazem\u00ed \u010di be\u017en\u00fd strach z\u00a0inakosti,\u201c uviedla pre Pravdu ved\u00faca refer\u00e1tu komunik\u00e1cie z\u00a0miestneho \u00faradu Bratislava-Nov\u00e9 Mesto Martina Goffov\u00e1.<\/p>\n<p>Parkovacie kapacity boli pod\u013ea \u00faradu jednou z\u00a0t\u00e9m rokovania so z\u00e1stupcami Policajn\u00e9ho zboru. Mestsk\u00fa \u010das\u0165 uistili, \u017ee k\u00a0dispoz\u00edcii bude dostatok miest a aj dostato\u010dn\u00e9 priestory na vybavovanie klientov.<\/p>\n<p>\t\t\t \t\t\t\t\t\t\t\t<img decoding=\"async\" class=\"lazy article-detail-image\" alt=\"K budove m\u00e1 by\u0165 135 parkovac\u00edch miest.\" src=\"https:\/\/www.europesays.com\/sk\/wp-content\/uploads\/2026\/03\/cudzinecka-policia-clanokW.jpeg\"\/> \t\t\t\t\t\t\t\t\t\t\t \t\t\t\t\t\t\tFoto: Pravda \t\t\t\t\t\t\t\t<\/p>\n<p>\t\t\t\t \t\t\t\t\tcudzineck\u00e1 pol\u00edcia \t\t\t\t \t\t\t\t\t\t\t\t\tK budove m\u00e1 by\u0165 135 parkovac\u00edch miest. \t\t\t\t\t\t<\/p>\n<p>\u201eLokalita je s\u00fa\u010das\u0165ou regulovanej z\u00f3ny PAAS NM2, kde plat\u00ed poobedn\u00e9 a no\u010dn\u00e9 spoplatnen\u00e9 parkovanie pre n\u00e1v\u0161tevn\u00edkov lokality. Preto sme presved\u010den\u00ed, \u017ee obyvatelia po pr\u00e1ci zaparkuj\u00fa a nebud\u00fa obmedzovan\u00ed n\u00e1v\u0161tevn\u00edkmi bud\u00faceho centra. Pre viac inform\u00e1ci\u00ed odpor\u00fa\u010dame obr\u00e1ti\u0165 sa na cudzineck\u00fa pol\u00edciu,\u201c pribl\u00ed\u017eila Goffov\u00e1.<\/p>\n<p>Pol\u00edcia pod\u013ea hovorkyne ubezpe\u010dila mestsk\u00fa \u010das\u0165, \u017ee dohliadne aj na dodr\u017eiavanie verejn\u00e9ho poriadku v\u00a0okol\u00ed bud\u00faceho centra. \u201eD\u00f4le\u017eit\u00e9 je aj to, \u017ee pracovisko funguje na objedn\u00e1vkov\u00fd syst\u00e9m. V\u010faka tomu by nemali vznika\u0165 dlh\u00e9 rady ani hromadn\u00e9 \u010dakanie pred budovou,\u201c informoval \u00farad obyvate\u013eov.<\/p>\n<p>Neumann hovor\u00ed, \u017ee od nov\u00e9ho s\u00eddla sa o\u010dak\u00e1va lep\u0161ia dopravn\u00e1 dostupnos\u0165 pre klientov, kvalitnej\u0161ie pracovn\u00e9 podmienky pre zamestnancov a vy\u0161\u0161\u00ed \u0161tandard poskytovan\u00fdch slu\u017eieb.<\/p>\n","protected":false},"excerpt":{"rendered":"Nov\u00e1 adresa cudzineckej pol\u00edcie v Bratislave je zn\u00e1ma. Z Vajn\u00f4r, odkia\u013e ju vytla\u010dila v\u00fdstavba N\u00e1rodnej nemocnice gener\u00e1la M.&hellip;\n","protected":false},"author":2,"featured_media":22795,"comment_status":"","ping_status":"","sticky":false,"template":"","format":"standard","meta":{"footnotes":"","_share_on_mastodon":"0"},"categories":[21],"tags":[136,10195,11066,11065,9130,525,43,40,39,42,41,11067],"class_list":["post-22794","post","type-post","status-publish","format-standard","has-post-thumbnail","category-bratislava","tag-bratislava","tag-bratislava-nove-mesto","tag-cudzinecka","tag-cudzinecka-policia","tag-policajny-zbor-sr","tag-policia","tag-sk","tag-slovak","tag-slovakia","tag-slovencina","tag-slovensko","tag-stahuje"],"share_on_mastodon":{"url":"https:\/\/pubeurope.com\/@sk\/116256174403394186","error":""},"_links":{"self":[{"href":"https:\/\/www.europesays.com\/sk\/wp-json\/wp\/v2\/posts\/22794","targetHints":{"allow":["GET"]}}],"collection":[{"href":"https:\/\/www.europesays.com\/sk\/wp-json\/wp\/v2\/posts"}],"about":[{"href":"https:\/\/www.europesays.com\/sk\/wp-json\/wp\/v2\/types\/post"}],"author":[{"embeddable":true,"href":"https:\/\/www.europesays.com\/sk\/wp-json\/wp\/v2\/users\/2"}],"replies":[{"embeddable":true,"href":"https:\/\/www.europesays.com\/sk\/wp-json\/wp\/v2\/comments?post=22794"}],"version-history":[{"count":0,"href":"https:\/\/www.europesays.com\/sk\/wp-json\/wp\/v2\/posts\/22794\/revisions"}],"wp:featuredmedia":[{"embeddable":true,"href":"https:\/\/www.europesays.com\/sk\/wp-json\/wp\/v2\/media\/22795"}],"wp:attachment":[{"href":"https:\/\/www.europesays.com\/sk\/wp-json\/wp\/v2\/media?parent=22794"}],"wp:term":[{"taxonomy":"category","embeddable":true,"href":"https:\/\/www.europesays.com\/sk\/wp-json\/wp\/v2\/categories?post=22794"},{"taxonomy":"post_tag","embeddable":true,"href":"https:\/\/www.europesays.com\/sk\/wp-json\/wp\/v2\/tags?post=22794"}],"curies":[{"name":"wp","href":"https:\/\/api.w.org\/{rel}","templated":true}]}}