{"id":23048,"date":"2026-03-19T20:18:10","date_gmt":"2026-03-19T20:18:10","guid":{"rendered":"https:\/\/www.europesays.com\/sk\/23048\/"},"modified":"2026-03-19T20:18:10","modified_gmt":"2026-03-19T20:18:10","slug":"ms-vo-futbale-baraz-nominacia-calzona-pred-slovensko-kosovo-chyba-kopasek","status":"publish","type":"post","link":"https:\/\/www.europesays.com\/sk\/23048\/","title":{"rendered":"MS vo futbale bar\u00e1\u017e nomin\u00e1cia \/ Calzona pred Slovensko \u2013 Kosovo \/ Ch\u00fdba Kop\u00e1sek"},"content":{"rendered":"<p>Tr\u00e9ner slovenskej futbalovej reprezent\u00e1cie Francesco Calzona sklad\u00e1 nomin\u00e1cie z ve\u013emi obmedzen\u00e9ho po\u010dtu hr\u00e1\u010dov. K\u00fdm na stop\u00e9rskom \u010di brank\u00e1rskom poste m\u00e1 dostatok alternat\u00edv, na pravom kraji obrany nem\u00e1 kam siahnu\u0165 a tak improvizuje.Op\u00e4\u0165 Pekar\u00edk s Gy\u00f6mb\u00e9rom<\/p>\n<p>Jeho dlhodobou jednotkou na tomto poste je 32-ro\u010dn\u00fd Norbet Gy\u00f6mb\u00e9r. Ortodoxn\u00fd stop\u00e9r p\u00f4sobiaci v Saudskej Ar\u00e1bii m\u00e1 sol\u00eddnu defenz\u00edvu, no ch\u00fdbaj\u00fa mu r\u00fdchlostn\u00e9 a technick\u00e9 atrib\u00faty nevyhnutn\u00e9 pre hru na tejto poz\u00edcii. <\/p>\n<p>Chrb\u00e1t mu kryje u\u017e 39-ro\u010dn\u00fd veter\u00e1n Peter Pekar\u00edk. Dlh\u00e9 roky bol spo\u013eahlivou jednotkou na tomto poste, no moment\u00e1lne u\u017e iba dohr\u00e1va kari\u00e9ru v \u0161tvrtoligovej rezerve Herthy Berl\u00edn.<\/p>\n<p><a class=\"news-item-image\" target=\"_self\" href=\"https:\/\/sport.aktuality.sk\/futbal\/clanok\/nominacia-slovensko-kosovo-baraz-o-postup-na-ms-vo-futbale-2026031914214905046\" rel=\"nofollow noopener\"><img alt=\"Slovensko ide do boja o MS vo futbale. Calzona ozn\u00e1mil nomin\u00e1ciu s obrovsk\u00fdm prekvapen\u00edm\" src=\"data:image\/gif;base64,R0lGODlhAQABAIAAAAAAAP\/\/\/yH5BAEAAAAALAAAAAABAAEAAAIBRAA7\" decoding=\"async\" data-nimg=\"responsive\" class=\"side-article\" style=\"position:absolute;top:0;left:0;bottom:0;right:0;box-sizing:border-box;padding:0;border:none;margin:auto;display:block;width:0;height:0;min-width:100%;max-width:100%;min-height:100%;max-height:100%\"\/><img alt=\"Slovensko ide do boja o MS vo futbale. Calzona ozn\u00e1mil nomin\u00e1ciu s obrovsk\u00fdm prekvapen\u00edm\" src=\"https:\/\/www.europesays.com\/sk\/wp-content\/uploads\/2026\/03\/416d4cf2-ab05-4c2b-96b3-7cd157aa6594.jpg\" decoding=\"async\" data-nimg=\"responsive\" style=\"position:absolute;top:0;left:0;bottom:0;right:0;box-sizing:border-box;padding:0;border:none;margin:auto;display:block;width:0;height:0;min-width:100%;max-width:100%;min-height:100%;max-height:100%\" class=\"side-article\" loading=\"lazy\"\/><\/a><\/p>\n<p class=\"news-item-description\">Tr\u00e9ner slovenskej futbalovej reprezent\u00e1cie Francesco Calzona predstavil vo \u0161tvrtok nomin\u00e1ciu na marcov\u00fa bar\u00e1\u017e o postup na tohtoro\u010dn\u00e9 MS v USA, Mexiku a Kanade.<\/p>\n<p>Kop\u00e1sek po prestupe nehr\u00e1va<\/p>\n<p>Na vla\u0148aj\u0161\u00edch ME do 21 rokov zaujal odborn\u00edkov i fan\u00fa\u0161ikov moment\u00e1lne 22-ro\u010dn\u00fd Samuel Kop\u00e1sek. Mnoh\u00ed u\u017e na jese\u0148 volali po tom, aby dostal \u0161ancu. Calzona odr\u00e1\u017eal tlak slovami, \u017ee e\u0161te nie je pripraven\u00fd.<\/p>\n<p>Posledn\u00e9 t\u00fd\u017edne mu d\u00e1vaj\u00fa za pravdu. \u017dilin\u010dan v zime prest\u00fapil zo slovenskej ligy o level vy\u0161\u0161ie do \u010deskej. Vybral si Pardubice, klub z moment\u00e1lne dolnej polovice tabu\u013eky. Dynamick\u00fd krajn\u00fd bek v\u0161ak nehr\u00e1va.<\/p>\n<p>Z piatich z\u00e1pasov zasiahol len do troch, ani raz neodohral viac ako jeden pol\u010das. Preto neprekvapilo, \u017ee tr\u00e9ner Calzona ho v <a target=\"_self\" class=\"editor-link\" href=\"https:\/\/sport.aktuality.sk\/futbal\/clanok\/nominacia-slovensko-kosovo-baraz-o-postup-na-ms-vo-futbale-2026031914214905046\" rel=\"nofollow noopener\">nomin\u00e1cii<\/a> na marcov\u00fa bar\u00e1\u017e o postup na MS 2026 zaradil len medzi n\u00e1hradn\u00edkov.<\/p>\n<p>Calzona: Ja ho nem\u00f4\u017eem tr\u00e9nova\u0165<\/p>\n<p>\u201eKop\u00e1sek m\u00e1 probl\u00e9m s t\u00fdm, aby sa dostal do zostavy. Ja ho nem\u00f4\u017eem tr\u00e9nova\u0165. Pokia\u013e on nedok\u00e1\u017ee v klube, \u017ee ho sem m\u00f4\u017eem povola\u0165, je to ve\u013emi n\u00e1ro\u010dn\u00e9. Prest\u00fapil, urobil krok dopredu, ale v tom klube to m\u00e1 ve\u013emi \u0165a\u017ek\u00e9 presadi\u0165 sa na tej \u00farovni,\u201c vysvetlil Calzona na \u0161tvrtkovej nomina\u010dnej tla\u010dovke.<\/p>\n<p>Slov\u00e1ci odohraj\u00fa semifin\u00e1le proti Kosovu u\u017e bud\u00faci \u0161tvrtok (26. marca od 20.45 na Tehelnom poli v Bratislave, vysiela STVR \u0160port). V pr\u00edpade v\u00ed\u0165azstva narazia vo fin\u00e1le na \u00faspe\u0161nej\u0161ieho z dvojice Turecko \u2013 Rumunsko.<\/p>\n<p>VIDEO: Mucha: SFZ pripom\u00edna mafiu. Ak Calzona nepost\u00fapi na MS, mal by skon\u010di\u0165:<\/p>\n","protected":false},"excerpt":{"rendered":"Tr\u00e9ner slovenskej futbalovej reprezent\u00e1cie Francesco Calzona sklad\u00e1 nomin\u00e1cie z ve\u013emi obmedzen\u00e9ho po\u010dtu hr\u00e1\u010dov. K\u00fdm na stop\u00e9rskom \u010di brank\u00e1rskom&hellip;\n","protected":false},"author":2,"featured_media":23049,"comment_status":"","ping_status":"","sticky":false,"template":"","format":"standard","meta":{"footnotes":"","_share_on_mastodon":"0"},"categories":[13],"tags":[4352,1250,4358,4758,4757,11050,2487,43,40,39,42,41,69,68,1012],"class_list":["post-23048","post","type-post","status-publish","format-standard","has-post-thumbnail","category-sport","tag-chance-liga","tag-europska-tvorba","tag-fk-pardubice","tag-francesco-calzona","tag-kosovo","tag-majstrovstva-sveta","tag-majstrovstva-sveta-kv-uefa","tag-sk","tag-slovak","tag-slovakia","tag-slovencina","tag-slovensko","tag-sport","tag-sports","tag-video"],"share_on_mastodon":{"url":"https:\/\/pubeurope.com\/@sk\/116257692241610748","error":""},"_links":{"self":[{"href":"https:\/\/www.europesays.com\/sk\/wp-json\/wp\/v2\/posts\/23048","targetHints":{"allow":["GET"]}}],"collection":[{"href":"https:\/\/www.europesays.com\/sk\/wp-json\/wp\/v2\/posts"}],"about":[{"href":"https:\/\/www.europesays.com\/sk\/wp-json\/wp\/v2\/types\/post"}],"author":[{"embeddable":true,"href":"https:\/\/www.europesays.com\/sk\/wp-json\/wp\/v2\/users\/2"}],"replies":[{"embeddable":true,"href":"https:\/\/www.europesays.com\/sk\/wp-json\/wp\/v2\/comments?post=23048"}],"version-history":[{"count":0,"href":"https:\/\/www.europesays.com\/sk\/wp-json\/wp\/v2\/posts\/23048\/revisions"}],"wp:featuredmedia":[{"embeddable":true,"href":"https:\/\/www.europesays.com\/sk\/wp-json\/wp\/v2\/media\/23049"}],"wp:attachment":[{"href":"https:\/\/www.europesays.com\/sk\/wp-json\/wp\/v2\/media?parent=23048"}],"wp:term":[{"taxonomy":"category","embeddable":true,"href":"https:\/\/www.europesays.com\/sk\/wp-json\/wp\/v2\/categories?post=23048"},{"taxonomy":"post_tag","embeddable":true,"href":"https:\/\/www.europesays.com\/sk\/wp-json\/wp\/v2\/tags?post=23048"}],"curies":[{"name":"wp","href":"https:\/\/api.w.org\/{rel}","templated":true}]}}