{"id":23244,"date":"2026-03-20T02:12:10","date_gmt":"2026-03-20T02:12:10","guid":{"rendered":"https:\/\/www.europesays.com\/sk\/23244\/"},"modified":"2026-03-20T02:12:10","modified_gmt":"2026-03-20T02:12:10","slug":"vase-ucty-uz-nebudu-sukromne-koniec-starych-pravidiel-je-tu-slovensko-vstupuje-do-siete-ktora-meni-povinnosti-ako-vybavit-uzitocna-pravda","status":"publish","type":"post","link":"https:\/\/www.europesays.com\/sk\/23244\/","title":{"rendered":"Va\u0161e \u00fa\u010dty u\u017e nebud\u00fa s\u00fakromn\u00e9. Koniec star\u00fdch pravidiel je tu. Slovensko vstupuje do siete, ktor\u00e1 men\u00ed povinnosti &#8211; Ako vybavi\u0165 &#8211; U\u017eito\u010dn\u00e1 pravda"},"content":{"rendered":"<p itemprop=\"description\">Slovensko je deviatou eur\u00f3pskou krajinou, ktor\u00e1 zav\u00e1dza povinn\u00e9 eur\u00f3pske digit\u00e1lne fakt\u00fary Peppol. Povinn\u00e9 bud\u00fa od janu\u00e1ra bud\u00faceho roka. <\/p>\n<p>\t\t\t\t\t \t\t\t\t\u0160t\u00e1t si p\u00fdta va\u0161e peniaze. Oplat\u00ed sa v\u00e1m mu po\u017ei\u010da\u0165? Dlhopis alebo term\u00ednovan\u00fd vklad &#8211; kde zarob\u00edte viac? \t\t\t<\/p>\n<p>\t \t\t\t Video \t<\/p>\n<p>\t\t\t\tM\u00e1te na \u00fa\u010dte \u00faspory, ktor\u00e9 po\u017eiera infl\u00e1cia, a prem\u00fd\u0161\u013eate, \u010do s nimi? \u0160t\u00e1t po roku op\u00e4\u0165 otv\u00e1ra br\u00e1ny a pon\u00faka dlhopisy pre be\u017en\u00fdch \u013eud\u00ed. Je to v\u0161ak skuto\u010dne t\u00e1 najbezpe\u010dnej\u0161ia a najv\u00fdhodnej\u0161ia cesta pre va\u0161e peniaze? Pozreli sme sa na \u00faroky, skryt\u00e9 podmienky aj na to, \u010di dok\u00e1\u017eete svoje peniaze vybra\u0165 sk\u00f4r, ak pr\u00edde ne\u010dakan\u00e1 kr\u00edza. V rel\u00e1cii Moje peniaze odpoved\u00e1 Filip Ku\u017ema z In\u0161tit\u00fatu modern\u00e9ho spotrebite\u013ea. \t\t\t\t\t\t\t\t\t\t<\/p>\n<p>Peppol je infra\u0161trukt\u00fara podporovan\u00e1 Eur\u00f3pskou \u00faniou, ktor\u00e1 vytv\u00e1ra jednotn\u00e9 pravidl\u00e1 pre elektronick\u00fa v\u00fdmenu dokumentov, najm\u00e4 fakt\u00far. V\u010faka \u0161tandardizovan\u00e9mu form\u00e1tu m\u00f4\u017eu \u00fa\u010dtovn\u00e9 a podnikov\u00e9 syst\u00e9my komunikova\u0165 priamo medzi sebou bez potreby manu\u00e1lneho spracovania dokumentov. Elektronick\u00e1 fakt\u00fara v\u00a0tomto syst\u00e9me nebude klasick\u00fd PDF dokument zaslan\u00fd e-mailom.<\/p>\n<p>P\u00f4jde o\u00a0\u0161trukt\u00farovan\u00fd d\u00e1tov\u00fd s\u00fabor v\u00a0\u0161tandarde XML pod\u013ea eur\u00f3pskej normy, ktor\u00fd umo\u017e\u0148uje automatick\u00e9 spracovanie \u00fadajov v\u00a0\u00fa\u010dtovn\u00fdch syst\u00e9moch. Fakt\u00fary sa bud\u00fa odosiela\u0165 prostredn\u00edctvom certifikovan\u00fdch pr\u00edstupov\u00fdch bodov napojen\u00fdch na sie\u0165 Peppol.<\/p>\n<p>Zavedenie povinnej e-faktur\u00e1cie na Slovensku je s\u00fa\u010das\u0165ou \u0161ir\u0161ieho trendu digitaliz\u00e1cie da\u0148ov\u00fdch procesov v\u00a0Eur\u00f3pe. Podobn\u00e9 syst\u00e9my u\u017e funguj\u00fa napr\u00edklad v\u00a0Taliansku, Po\u013esku \u010di Franc\u00fazsku a \u010fal\u0161ie krajiny postupne pripravuj\u00fa ich implement\u00e1ciu.<\/p>\n<p>\u201eCie\u013eom je zv\u00fd\u0161i\u0165 transparentnos\u0165 podnikate\u013esk\u00e9ho prostredia, zjednodu\u0161i\u0165 administrat\u00edvu a z\u00e1rove\u0148 efekt\u00edvnej\u0161ie bojova\u0165 proti da\u0148ov\u00fdm \u00fanikom,\u201c kon\u0161tatuje Stanislav Mi\u0161ovic, Product &amp; Development Director z\u00a0Asseco Solutions. V\u00a0stredoeur\u00f3pskom priestore s\u00fa eur\u00f3pske digit\u00e1lne fakt\u00fary zatia\u013e povinn\u00e9 iba v\u00a0Po\u013esku. Tam sa pou\u017e\u00edvaj\u00fa najm\u00e4 pri komunik\u00e1cii so \u0161t\u00e1tom.<\/p>\n<p>Na Slovensku ich zastre\u0161\u00ed Asseco Solutions<\/p>\n<p>Legislat\u00edva, ktor\u00e1 zav\u00e1dza povinn\u00fa e-faktur\u00e1ciu r\u00e1ta s\u00a0prechodn\u00fdm obdob\u00edm na pr\u00edpravu podnikate\u013esk\u00e9ho prostredia do konca roka 2026.\u00a0Pln\u00e1 povinnos\u0165 pre podnikate\u013eov sa o\u010dak\u00e1va od 1.\u00a0janu\u00e1ra 2027.\u00a0Podnikatelia by sa preto mali na zmenu pripravi\u0165 v\u00a0predstihu\u00a0\u2013 najm\u00e4 zabezpe\u010den\u00edm kompatibiln\u00e9ho faktura\u010dn\u00e9ho alebo \u00fa\u010dtovn\u00e9ho syst\u00e9mu a pripojen\u00edm do siete Peppol. Spolo\u010dnos\u0165 Asseco Solutions z\u00edskala certifik\u00e1ciu siete Peppol a stala sa autorizovan\u00fdm poskytovate\u013eom slu\u017eby pre Slovensko.<\/p>\n<p>Z\u00edskan\u00edm certifik\u00e1cie sa Asseco Solutions zaradilo medzi ofici\u00e1lnych poskytovate\u013eov Peppol Access Point. \u201eTento v\u00fdznamn\u00fd krok potvrdzuje technologick\u00fa pripravenos\u0165 spolo\u010dnosti poskytova\u0165 bezpe\u010dn\u00fa a \u0161tandardizovan\u00fa elektronick\u00fa v\u00fdmenu obchodn\u00fdch dokumentov. Certifik\u00e1cia je z\u00e1rove\u0148 strategick\u00fdm krokom v\u00a0oblasti digitaliz\u00e1cie a umo\u017en\u00ed z\u00e1kazn\u00edkom jednoduch\u00e9 a spo\u013eahliv\u00e9 napojenie na glob\u00e1lnu sie\u0165 elektronickej v\u00fdmeny dokumentov,\u201c kon\u0161tatuje Stanislav Mi\u0161ovic z\u00a0Asseco Solutions.<\/p>\n<p>Elektronick\u00e1 faktur\u00e1cia sa bl\u00ed\u017ei<\/p>\n<p>Finan\u010dn\u00e1 spr\u00e1va SR pripravuje spustenie syst\u00e9mu elektronickej faktur\u00e1cie, ktor\u00fd m\u00e1 zmeni\u0165 sp\u00f4sob v\u00fdmeny fakt\u00far medzi podnikate\u013emi. Cie\u013eom je digitalizova\u0165 proces faktur\u00e1cie, zjednodu\u0161i\u0165 administrat\u00edvu a z\u00e1rove\u0148 zlep\u0161i\u0165 kontrolu pri v\u00fdbere\u00a0dan\u00ed.<\/p>\n<p>D\u00f4le\u017eit\u00fa \u00falohu v\u00a0novom syst\u00e9me bud\u00fa ma\u0165 certifikovan\u00ed poskytovatelia slu\u017eieb eFakt\u00fary, ozna\u010dovan\u00ed ako digit\u00e1lni po\u0161t\u00e1ri.<\/p>\n<p>T\u00edto po\u0161t\u00e1ri bud\u00fa zabezpe\u010dova\u0165 bezpe\u010dn\u00e9 odosielanie a prij\u00edmanie elektronick\u00fdch fakt\u00far medzi firmami. Z\u00e1rove\u0148 bud\u00fa sprostredk\u00fava\u0165 komunik\u00e1ciu medzi podnikate\u013emi a Finan\u010dnou spr\u00e1vou. O\u00a0z\u00edskanie certifik\u00e1cie sa pod\u013ea dostupn\u00fdch inform\u00e1ci\u00ed v\u00a0s\u00fa\u010dasnosti zauj\u00edma pribli\u017ene 30\u00a0slovensk\u00fdch aj zahrani\u010dn\u00fdch spolo\u010dnost\u00ed.<\/p>\n<p>Zavedenie syst\u00e9mu e-Fakt\u00fara m\u00e1 by\u0165 postupn\u00e9 a jeho cie\u013eom je vytvori\u0165 jednotn\u00fd a modernej\u0161\u00ed sp\u00f4sob v\u00fdmeny faktura\u010dn\u00fdch \u00fadajov.<\/p>\n<p>\t<a class=\"promo-clanok\" href=\"https:\/\/uzitocna.pravda.sk\/peniaze\/clanok\/774247-konsolidacny-balicek-zoberie-seniorom-62-eur-rocne-inym-aj-okolo-tisic-eur-o-kolko-penazi-nas-pripravi-setrenie\/\" rel=\"nofollow noopener\" target=\"_blank\"> \t\t\t\t\t<img decoding=\"async\" src=\"https:\/\/www.europesays.com\/sk\/wp-content\/uploads\/2026\/03\/sr-bratislava-tk-danove-podvody-konsolidacia-2026-bax-stvorec.jpg\" class=\"promo-clanok-image\" alt=\"SR Bratislava TK da\u0148ov\u00e9 podvody Konsolid\u00e1cia 2026 BAX\"\/> \t\t\t \t\t\t\t \t\t\t\t\t\t\t\t\t\t\t\u010c\u00edtajte viac \t\t\t\t\t\t\t\t\t \t\t\t\t \t\t\t\t\tKonsolida\u010dn\u00fd bal\u00ed\u010dek zoberie seniorom 65 eur ro\u010dne. In\u00fdm stovky a\u017e tis\u00edcky eur. O ko\u013eko pe\u0148az\u00ed n\u00e1s priprav\u00ed \u0161etrenie? \t\t\t\t \t\t\t \t\t\t<\/a><br \/>\nDigit\u00e1lni po\u0161t\u00e1ri<\/p>\n<p><a target=\"_blank\" href=\"https:\/\/www.financnasprava.sk\/sk\/pre-media\/novinky\/archiv-noviniek\/detail-novinky\/_digitalni-postari-ts\" rel=\"nofollow noopener\">Finan\u010dn\u00e1 spr\u00e1va<\/a> SR pokra\u010duje v\u00a0pr\u00edprave syst\u00e9mu elektronickej faktur\u00e1cie. O\u00a0certifik\u00e1ciu poskytovate\u013ea slu\u017eieb e-Fakt\u00fary, ozna\u010dovan\u00e9ho ako digit\u00e1lny po\u0161t\u00e1r, sa moment\u00e1lne zauj\u00edma pribli\u017ene 30\u00a0slovensk\u00fdch aj zahrani\u010dn\u00fdch spolo\u010dnost\u00ed. Niektor\u00e9 z\u00a0nich u\u017e z\u00edskali medzin\u00e1rodn\u00fa certifik\u00e1ciu v\u00a0sieti Peppol a v\u00a0s\u00fa\u010dasnosti prech\u00e1dzaj\u00fa procesom akredit\u00e1cie na Slovensku.<\/p>\n<p>Digit\u00e1lny po\u0161t\u00e1r je technologick\u00e1 spolo\u010dnos\u0165, ktor\u00e1 bude zabezpe\u010dova\u0165 bezpe\u010dn\u00e9 odosielanie a prij\u00edmanie elektronick\u00fdch fakt\u00far medzi podnikate\u013emi, firmami a verejn\u00fdmi in\u0161tit\u00faciami. Elektronick\u00e9 fakt\u00fary sa bud\u00fa m\u00f4c\u0165 automaticky posiela\u0165 medzi \u00fa\u010dtovn\u00fdmi syst\u00e9mami alebo prostredn\u00edctvom webov\u00fdch \u010di mobiln\u00fdch aplik\u00e1ci\u00ed.<\/p>\n<p>Na trhu nebude existova\u0165 iba jeden \u0161t\u00e1tny syst\u00e9m, ale viacero digit\u00e1lnych po\u0161t\u00e1rov. Podnikatelia si tak bud\u00fa m\u00f4c\u0165 vybra\u0165 poskytovate\u013ea slu\u017eieb podobne, ako si dnes vyberaj\u00fa napr\u00edklad mobiln\u00e9ho oper\u00e1tora.<\/p>\n<p>Spolo\u010dnosti, ktor\u00e9 chc\u00fa t\u00fato slu\u017ebu poskytova\u0165, musia najsk\u00f4r z\u00edska\u0165 certifik\u00e1ciu v\u00a0medzin\u00e1rodnej sieti Peppol a n\u00e1sledne absolvova\u0165 akredita\u010dn\u00fd proces na Finan\u010dnej spr\u00e1ve. Po jeho \u00faspe\u0161nom dokon\u010den\u00ed bud\u00fa zap\u00edsan\u00e9 do ofici\u00e1lneho zoznamu certifikovan\u00fdch poskytovate\u013eov.<\/p>\n<p>\u201eElektronick\u00e1 faktur\u00e1cia je najv\u00e4\u010d\u0161ou zmenou v\u00a0da\u0148ovej oblasti od vzniku Slovenskej republiky a v\u00a0t\u00fdchto d\u0148och vstupuje do svojej praktickej f\u00e1zy. Certifik\u00e1cia poskytovate\u013eov napreduje a v\u00e4\u010d\u0161ina dod\u00e1vate\u013eov \u00fa\u010dtovn\u00fdch syst\u00e9mov u\u017e implementuje a testuje rie\u0161enie. Firmy a in\u0161tit\u00facie tak bud\u00fa ma\u0165 dostatok \u010dasu na technick\u00fa pr\u00edpravu, v\u00fdber digit\u00e1lneho po\u0161t\u00e1ra a testovanie po\u010das roka 2026,\u201c povedal Stanislav Pavlovi\u010d, gener\u00e1lny riadite\u013e sekcie IT finan\u010dnej spr\u00e1vy.<\/p>\n<p>Moderniz\u00e1cia faktur\u00e1cie na Slovensku<\/p>\n<p>Ako sme spom\u00ednali aj vy\u0161\u0161ie, <a target=\"_blank\" href=\"https:\/\/www.financnasprava.sk\/sk\/podnikatelia\/dane\/dan-z-pridanej-hodnoty\/e-faktura\" rel=\"nofollow noopener\">Finan\u010dn\u00e1 spr\u00e1va SR<\/a> pripravuje projekt eFakt\u00fara, ktor\u00fd m\u00e1 prinies\u0165 nov\u00fd sp\u00f4sob vystavovania a v\u00fdmeny fakt\u00far medzi podnikate\u013emi. Na jeho pr\u00edprave spolupracuje so softv\u00e9rov\u00fdmi firmami, dod\u00e1vate\u013emi \u00fa\u010dtovn\u00fdch syst\u00e9mov aj odborn\u00edkmi z\u00a0podnikate\u013esk\u00e9ho prostredia.<\/p>\n<p>Dobrovo\u013en\u00e9 vyu\u017e\u00edvanie eFakt\u00fary by malo by\u0165 dostupn\u00e9 od druh\u00e9ho \u0161tvr\u0165roka\u00a02026.<\/p>\n<p>Elektronick\u00e1 faktur\u00e1cia u\u017e funguje v\u00a0mnoh\u00fdch krajin\u00e1ch Eur\u00f3py a uk\u00e1zala sa ako spo\u013eahliv\u00e9 rie\u0161enie pre firmy aj verejn\u00fd sektor. Zavedenie tohto syst\u00e9mu na Slovensku m\u00e1 podpori\u0165 digitaliz\u00e1ciu podnikania a zjednodu\u0161i\u0165 pr\u00e1cu s\u00a0dokladmi.<\/p>\n<p>Nejde len o\u00a0oby\u010dajn\u00fd digit\u00e1lny dokument, napr\u00edklad PDF alebo naskenovan\u00e1 papierov\u00e1 fakt\u00fara. Ide o\u00a0d\u00e1tov\u00fd s\u00fabor so \u0161pecifickou \u0161trukt\u00farou, naj\u010dastej\u0161ie vo form\u00e1te XML, ktor\u00fd obsahuje v\u0161etky potrebn\u00e9 inform\u00e1cie o\u00a0faktur\u00e1cii. V\u010faka tomuto form\u00e1tu m\u00f4\u017eu \u00fa\u010dtovn\u00e9 syst\u00e9my \u00fadaje automaticky na\u010d\u00edta\u0165 a spracova\u0165, \u010d\u00edm sa u\u013eah\u010d\u00ed cel\u00fd proces a minimalizuj\u00fa sa\u00a0chyby.<\/p>\n<p>V\u00fdhody elektronickej faktur\u00e1cie pre podnikate\u013eov:<\/p>\n<p>\tr\u00fdchlej\u0161ia v\u00fdmena fakt\u00far a dokumentov medzi firmami<br \/>\n\tni\u017e\u0161ie riziko ch\u00fdb pri spracovan\u00ed \u00fadajov<br \/>\n\tjednoduch\u0161ia komunik\u00e1cia s\u00a0obchodn\u00fdmi partnermi aj \u0161t\u00e1tnymi in\u0161tit\u00faciami<br \/>\n\tmodernej\u0161\u00ed a efekt\u00edvnej\u0161\u00ed sp\u00f4sob spr\u00e1vy fakt\u00far v\u00a0digit\u00e1lnom prostred\u00ed<\/p>\n<p>\t<a class=\"promo-clanok\" href=\"https:\/\/uzitocna.pravda.sk\/dochodky\/clanok\/775616-pracujete-popri-dochodku-zistite-ako-vyuzit-vynimku-a-usetrit-pozor-na-termin-uplatnenia\/\" rel=\"nofollow noopener\" target=\"_blank\"> \t\t\t\t\t<img decoding=\"async\" src=\"https:\/\/www.europesays.com\/sk\/wp-content\/uploads\/2026\/03\/senior-dochodca-pracujuci-dochodca-obchod-stvorec.jpg\" class=\"promo-clanok-image\" alt=\"senior, d\u00f4chodca, pracuj\u00faci d\u00f4chodca, obchod\"\/> \t\t\t \t\t\t\t \t\t\t\t\t\t\t\t\t\t\t\u010c\u00edtajte viac \t\t\t\t\t\t\t\t\t \t\t\t\t \t\t\t\t\tNiektor\u00ed penzisti m\u00f4\u017eu v\u00fdrazne u\u0161etri\u0165. Zistite, ako vyu\u017ei\u0165 v\u00fdnimku a nepr\u00eds\u0165 o 200 eur. Pozor na term\u00edn uplatnenia \t\t\t\t \t\t\t \t\t\t<\/a><br \/>\nKto bude musie\u0165 prij\u00edma\u0165 elektronick\u00e9 fakt\u00fary<\/p>\n<p>Prij\u00edmanie elektronick\u00fdch fakt\u00far bude povinn\u00e9 pre v\u0161etk\u00fdch podnikate\u013eov a firmy, ktor\u00e9 s\u00fa pod\u013ea z\u00e1kona pova\u017eovan\u00e9 za zdanite\u013en\u00e9 osoby. Znamen\u00e1 to, \u017ee sa to bude t\u00fdka\u0165 v\u00e4\u010d\u0161iny \u013eud\u00ed a spolo\u010dnost\u00ed, ktor\u00e9 podnikaj\u00fa alebo poskytuj\u00fa slu\u017eby.<\/p>\n<p>Povinnos\u0165 sa bude vz\u0165ahova\u0165 napr\u00edklad na:<\/p>\n<p>\t\u017eivnostn\u00edkov,<br \/>\n\t\u013eud\u00ed vykon\u00e1vaj\u00facich slobodn\u00e9 povolania (napr. advok\u00e1tov, not\u00e1rov alebo architektov),<br \/>\n\tsamostatne hospod\u00e1riacich ro\u013en\u00edkov<br \/>\n\tprenaj\u00edmate\u013eov nehnute\u013enost\u00ed, ktor\u00ed podnikaj\u00fa<\/p>\n<p>Zav\u00e1dzanie syst\u00e9mu efaktur\u00e1cie na Slovensku je rozdelen\u00e9 do viacer\u00fdch et\u00e1p pod\u013ea \u010dasov\u00e9ho pl\u00e1nu. V\u00a0prvom \u0161tvr\u0165roku 2025\u00a0boli zverejnen\u00e9 z\u00e1kladn\u00e9 inform\u00e1cie o\u00a0projekte a uskuto\u010dnili sa prv\u00e9 verejn\u00e9 konzult\u00e1cie. Po\u010das druh\u00e9ho a tretieho \u0161tvr\u0165roka 2025\u00a0prebiehal legislat\u00edvny proces, v\u00a0r\u00e1mci ktor\u00e9ho sa pripravovali potrebn\u00e9 z\u00e1kony a pravidl\u00e1. V\u00a0poslednom \u0161tvr\u0165roku 2025\u00a0bola legislat\u00edva schv\u00e1len\u00e1.<\/p>\n<p>Rok 2026\u00a0je ur\u010den\u00fd na technick\u00fa pr\u00edpravu, po\u010das ktorej firmy prisp\u00f4sobuj\u00fa svoje \u00fa\u010dtovn\u00e9 syst\u00e9my a poskytovatelia slu\u017eieb z\u00edskavaj\u00fa potrebn\u00fa certifik\u00e1ciu. Od prv\u00e9ho \u0161tvr\u0165roka 2027\u00a0za\u010dne plati\u0165 povinn\u00e1 efaktur\u00e1cia, \u010do znamen\u00e1, \u017ee podnikatelia bud\u00fa fakt\u00fary vystavova\u0165 a prij\u00edma\u0165 u\u017e v\u00a0elektronickej podobe.<\/p>\n","protected":false},"excerpt":{"rendered":"Slovensko je deviatou eur\u00f3pskou krajinou, ktor\u00e1 zav\u00e1dza povinn\u00e9 eur\u00f3pske digit\u00e1lne fakt\u00fary Peppol. Povinn\u00e9 bud\u00fa od janu\u00e1ra bud\u00faceho roka.&hellip;\n","protected":false},"author":2,"featured_media":23245,"comment_status":"","ping_status":"","sticky":false,"template":"","format":"standard","meta":{"footnotes":"","_share_on_mastodon":"0"},"categories":[6],"tags":[11233,9279,11234,11237,43,40,44,39,42,45,41,11236,11235],"class_list":["post-23244","post","type-post","status-publish","format-standard","has-post-thumbnail","category-slovensko","tag-digitalizacia","tag-faktura","tag-faktury","tag-nebudu","tag-sk","tag-slovak","tag-slovak-republic","tag-slovakia","tag-slovencina","tag-slovenska-republika","tag-slovensko","tag-ucty","tag-vase"],"share_on_mastodon":{"url":"https:\/\/pubeurope.com\/@sk\/116259084186124357","error":""},"_links":{"self":[{"href":"https:\/\/www.europesays.com\/sk\/wp-json\/wp\/v2\/posts\/23244","targetHints":{"allow":["GET"]}}],"collection":[{"href":"https:\/\/www.europesays.com\/sk\/wp-json\/wp\/v2\/posts"}],"about":[{"href":"https:\/\/www.europesays.com\/sk\/wp-json\/wp\/v2\/types\/post"}],"author":[{"embeddable":true,"href":"https:\/\/www.europesays.com\/sk\/wp-json\/wp\/v2\/users\/2"}],"replies":[{"embeddable":true,"href":"https:\/\/www.europesays.com\/sk\/wp-json\/wp\/v2\/comments?post=23244"}],"version-history":[{"count":0,"href":"https:\/\/www.europesays.com\/sk\/wp-json\/wp\/v2\/posts\/23244\/revisions"}],"wp:featuredmedia":[{"embeddable":true,"href":"https:\/\/www.europesays.com\/sk\/wp-json\/wp\/v2\/media\/23245"}],"wp:attachment":[{"href":"https:\/\/www.europesays.com\/sk\/wp-json\/wp\/v2\/media?parent=23244"}],"wp:term":[{"taxonomy":"category","embeddable":true,"href":"https:\/\/www.europesays.com\/sk\/wp-json\/wp\/v2\/categories?post=23244"},{"taxonomy":"post_tag","embeddable":true,"href":"https:\/\/www.europesays.com\/sk\/wp-json\/wp\/v2\/tags?post=23244"}],"curies":[{"name":"wp","href":"https:\/\/api.w.org\/{rel}","templated":true}]}}