{"id":23523,"date":"2026-03-20T10:19:06","date_gmt":"2026-03-20T10:19:06","guid":{"rendered":"https:\/\/www.europesays.com\/sk\/23523\/"},"modified":"2026-03-20T10:19:06","modified_gmt":"2026-03-20T10:19:06","slug":"pred-finale-svetoveho-pohara-prekvapila-vyhlasenim","status":"publish","type":"post","link":"https:\/\/www.europesays.com\/sk\/23523\/","title":{"rendered":"Pred fin\u00e1le Svetov\u00e9ho poh\u00e1ra prekvapila vyhl\u00e1sen\u00edm"},"content":{"rendered":"<p>\t<a href=\"https:\/\/sportky.zoznam.sk\/g\/474581\/shiffrinova-este-nema-velky-globus-isty-pred-finale-svetoveho-pohara-prekvapila-vyhlasenim?image=1131663\" title=\"Mikaela Shiffrinov\u00e1 po\u010das slalomu v \u0161v\u00e9dskom Are\" rel=\"nofollow noopener\" target=\"_blank\">\t\t\t<img decoding=\"async\" loading=\"lazy\" src=\"https:\/\/www.europesays.com\/sk\/wp-content\/uploads\/2026\/03\/slalom-mikaela-shiffrinova-lyzovanie-1131663.jpg\"  alt=\"Mikaela Shiffrinov\u00e1 po\u010das slalomu v \u0161v\u00e9dskom Are\"\/><\/a>Mikaela Shiffrinov\u00e1 po\u010das slalomu v \u0161v\u00e9dskom Are\t\t\t Zdroj: SITA\/AP\/Marco Trovati\t\t\t\t<\/p>\n<p>\t\t\t<a class=\"box-article-author-image\"><br \/>\n\t\t\t\t<img decoding=\"async\" src=\"https:\/\/sportky.zoznam.sk\/static\/2019_default\/img\/author.svg\"\/><br \/>\n\t\t\t<\/a><\/p>\n<p class=\"perex\">KVITFJELL &#8211; Vo fin\u00e1le Svetov\u00e9ho poh\u00e1ra v alpskom ly\u017eovan\u00ed sa v n\u00f3rskych stredisk\u00e1ch Kvitfjell a Hafjell o\u010dak\u00e1va ve\u013ek\u00fd s\u00faboj o titul medzi \u017eenami. \t<\/p>\n<p>Ameri\u010danka Mikaela Shiffrinov\u00e1 vedie v boji o ve\u013ek\u00fd kri\u0161t\u00e1\u013eov\u00fd gl\u00f3bus o 140 bodov pred Emmou Aicherovou. Nemka bude chcie\u0165 zabojova\u0165 o body u\u017e v \u00favodnom sobotnom zjazde, kde sa jej rivalka nepredstav\u00ed. V mu\u017eskej kateg\u00f3rii je u\u017e jasno o dr\u017eite\u013eovi ve\u013ek\u00e9ho gl\u00f3busu i dvoch mal\u00fdch.<\/p>\n<p>&#13;<br \/>\n&#13;<\/p>\n<p>Marco Odermatt z\u00edskal v predstihu mal\u00e9 gl\u00f3busy za super-G i za zjazd, predov\u0161etk\u00fdm v\u0161ak obh\u00e1jil aj ten ve\u013ek\u00fd. A to u\u017e po piaty raz za sebou. Fenomen\u00e1lny \u0160vaj\u010diar e\u0161te m\u00f4\u017ee vybojova\u0165 gl\u00f3bus v obrovskom slalome.<\/p>\n<p>&#13;<br \/>\n&#13;<\/p>\n<p>Pred pretekmi v N\u00f3rsku m\u00e1 na \u010dele hodnotenia discipl\u00edny 48-bodov\u00fd n\u00e1skok pred olympijsk\u00fdm \u0161ampi\u00f3nom, Braz\u00edl\u010danom Lucasom Pinneirom Braathenom. V slalome je na \u010dele N\u00f3r Attle Lie McGrath o 41 bodov pred Braathenom.<\/p>\n<p>&#13;<br \/>\n&#13;<\/p>\n<p>Pozornos\u0165 sa tak upiera na boj v \u017eenskej \u010dasti. Bojova\u0165 sa bude o ve\u013ek\u00fd gl\u00f3bus, mal\u00e9 s\u00fa rozdan\u00e9 v dvoch discipl\u00ednach. V slalome ho s ve\u013ek\u00fdm predstihom z\u00edskala Shiffrinov\u00e1. Ameri\u010danka v deviatich pretekoch triumfovala osemkr\u00e1t, premo\u017eite\u013eku na\u0161la iba raz v Kranskej Gore, ke\u010f ju zdolala Camille Rastov\u00e1 zo \u0160vaj\u010diarska.<\/p>\n<p>&#13;<br \/>\n&#13;<br \/>\n&#13;<br \/>\n&#13;<\/p>\n<p>V obrovskom slalome si gl\u00f3bus vybojovala Julia Scheibov\u00e1 z Rak\u00faska. Rak\u00faska ly\u017eiarska feder\u00e1cia (\u00d6SV) na\u0148 \u010dakala v obrovskom slalome 10 rokov. \u00d6SV v\u0161ak upozor\u0148uje, \u017ee kr\u00edza t\u00fdm nie je za\u017eehnan\u00e1. Za 27-ro\u010dnou ly\u017eiarkou toti\u017e v prvej desiatke nefiguruje \u017eiadna in\u00e1 Rak\u00fa\u0161anka, \u010do je pre t\u00fato ve\u013emoc sklamanie.<\/p>\n<p>&#13;<br \/>\n&#13;<\/p>\n<p>V deviatich \u201eobr\u00e1koch\u201c v tejto sez\u00f3ne sa okrem Scheibovej \u017eiadna in\u00e1 Rak\u00fa\u0161anka nedostala do prvej p\u00e4\u0165ky a moment\u00e1lne zranen\u00e1 Katharina Liensbergerov\u00e1 bola jedinou \u010fal\u0161ou ly\u017eiarkou z tejto krajiny, ktor\u00e1 sa umiestnila v prvej desiatke.<\/p>\n<p>&#13;<br \/>\n&#13;<br \/>\nS\u00faboj\u00a0Aicherov\u00e1 &#8211; Shiffrinov\u00e1 &#13;<br \/>\n&#13;<\/p>\n<p>V s\u00faboji Aicherov\u00e1 &#8211; Shiffrinov\u00e1 o ve\u013ek\u00fa gu\u013eu bude d\u00f4le\u017eit\u00fd hne\u010f prv\u00fd zjazd. V \u0148om je Aicherov\u00e1 druh\u00e1 o 28 bodov za talianskou reprezentantkou Laurou Pirovanovou, okrem boja o mal\u00fd gl\u00f3bus ju v\u0161ak bude motivova\u0165 zrazi\u0165 stratu na Ameri\u010danku \u010do najviac.<\/p>\n<p>&#13;<br \/>\n&#13;<\/p>\n<p>Shiffrinov\u00e1 sa toti\u017e v zjazde nepredstav\u00ed a svoju rivalku vn\u00edma pozit\u00edvne: &#8222;Aby som bola \u00faprimn\u00e1, ve\u013ek\u00fd gl\u00f3bus si zasl\u00fa\u017ei. Bola najlep\u0161ia vo v\u0161etk\u00fdch discipl\u00ednach a je neuverite\u013en\u00e9 vidie\u0165 niekoho, kto to dok\u00e1zal, teda by\u0165 dobr\u00fd vo v\u0161etk\u00fdch discipl\u00ednach, preto\u017ee je prakticky jedin\u00e1. Ale aj ja bojujem a budem bojova\u0165 za svoj t\u00edm a svojich tr\u00e9nerov, ktor\u00ed v\u0161etci tak tvrdo pracovali.&#8220;<\/p>\n<p>&#13;<br \/>\n&#13;<\/p>\n<p>Dvadsa\u0165dvaro\u010dn\u00e1 nemeck\u00e1 univerz\u00e1lka pre m\u00e9di\u00e1 reagovala: \u201eShiffrinov\u00e1 je \u010faleko vpredu, bude to ve\u013emi \u0165a\u017ek\u00e9. Ja sa mus\u00edm s\u00fastredi\u0165 len na svoje veci a potom uvid\u00edme, \u010do sa stane.\u201c<\/p>\n<p>&#13;<br \/>\n&#13;<\/p>\n<p>V super-G m\u00e1 najv\u00e4\u010d\u0161ie \u0161ance na mal\u00fd gl\u00f3bus Talianka Sofia Goggiov\u00e1, m\u00e1 n\u00e1skok 63 bodov pred Novoz\u00e9lan\u010fankou Alice Robinsonovou. \u00a0\u00a0\u00a0\u00a0\u00a0\u00a0\u00a0\u00a0<\/p>\n<p>&#13;<br \/>\n&#13;<\/p>\n<p>Program fin\u00e1le SP:<\/p>\n<p>mu\u017ei:<br \/>&#13;<br \/>\n21. marca 10.45 zjazd (Kvitfjell)<br \/>&#13;<br \/>\n22. marca 12.30 super-G (Kvitfjell)<br \/>&#13;<br \/>\n24. marca 9.30\/12.30 obrovsk\u00fd slalom (Hafjell)<br \/>&#13;<br \/>\n25. marca 10.30\/14.30 slalom (Hafjell)<\/p>\n<p>\u017eeny:<br \/>&#13;<br \/>\n21. marca 12.30 zjazd (Kvitfjell)<br \/>&#13;<br \/>\n22. marca 10.45 super-G (Kvitfjell)<br \/>&#13;<br \/>\n24. marca 10.30\/14.30 slalom (Hafjell)<br \/>&#13;<br \/>\n25. marca 9.30\/12.30 obrovsk\u00fd slalom (Hafjell)<\/p>\n<p>&#13;<br \/>\n&#13;<\/p>\n<p>\u00a0<\/p>\n<p>&#13;<\/p>\n<p>\t\t\tAutor: \u00a9 Zoznam\/\t\t\tZdroj: TASR\t<\/p>\n","protected":false},"excerpt":{"rendered":"Mikaela Shiffrinov\u00e1 po\u010das slalomu v \u0161v\u00e9dskom Are Zdroj: SITA\/AP\/Marco Trovati KVITFJELL &#8211; Vo fin\u00e1le Svetov\u00e9ho poh\u00e1ra v alpskom&hellip;\n","protected":false},"author":2,"featured_media":23524,"comment_status":"","ping_status":"","sticky":false,"template":"","format":"standard","meta":{"footnotes":"","_share_on_mastodon":"0"},"categories":[13],"tags":[3662,11305,6467,3447,43,40,39,42,41,69,68],"class_list":["post-23523","post","type-post","status-publish","format-standard","has-post-thumbnail","category-sport","tag-emma-aicherova","tag-kvitfjell","tag-marco-odermatt","tag-mikaela-shiffrinova","tag-sk","tag-slovak","tag-slovakia","tag-slovencina","tag-slovensko","tag-sport","tag-sports"],"share_on_mastodon":{"url":"https:\/\/pubeurope.com\/@sk\/116260999183764650","error":""},"_links":{"self":[{"href":"https:\/\/www.europesays.com\/sk\/wp-json\/wp\/v2\/posts\/23523","targetHints":{"allow":["GET"]}}],"collection":[{"href":"https:\/\/www.europesays.com\/sk\/wp-json\/wp\/v2\/posts"}],"about":[{"href":"https:\/\/www.europesays.com\/sk\/wp-json\/wp\/v2\/types\/post"}],"author":[{"embeddable":true,"href":"https:\/\/www.europesays.com\/sk\/wp-json\/wp\/v2\/users\/2"}],"replies":[{"embeddable":true,"href":"https:\/\/www.europesays.com\/sk\/wp-json\/wp\/v2\/comments?post=23523"}],"version-history":[{"count":0,"href":"https:\/\/www.europesays.com\/sk\/wp-json\/wp\/v2\/posts\/23523\/revisions"}],"wp:featuredmedia":[{"embeddable":true,"href":"https:\/\/www.europesays.com\/sk\/wp-json\/wp\/v2\/media\/23524"}],"wp:attachment":[{"href":"https:\/\/www.europesays.com\/sk\/wp-json\/wp\/v2\/media?parent=23523"}],"wp:term":[{"taxonomy":"category","embeddable":true,"href":"https:\/\/www.europesays.com\/sk\/wp-json\/wp\/v2\/categories?post=23523"},{"taxonomy":"post_tag","embeddable":true,"href":"https:\/\/www.europesays.com\/sk\/wp-json\/wp\/v2\/tags?post=23523"}],"curies":[{"name":"wp","href":"https:\/\/api.w.org\/{rel}","templated":true}]}}