{"id":24435,"date":"2026-03-21T13:46:06","date_gmt":"2026-03-21T13:46:06","guid":{"rendered":"https:\/\/www.europesays.com\/sk\/24435\/"},"modified":"2026-03-21T13:46:06","modified_gmt":"2026-03-21T13:46:06","slug":"neuverite-s-kym-sa-zrazila-pride-o-finale-sp","status":"publish","type":"post","link":"https:\/\/www.europesays.com\/sk\/24435\/","title":{"rendered":"Neuver\u00edte, s k\u00fdm sa zrazila! Pr\u00edde o fin\u00e1le SP"},"content":{"rendered":"<p><a href=\"https:\/\/sportky.zoznam.sk\/g\/474547\/suterova-sa-priznala-k-bizarnemu-zraneniu-neuverite-s-kym-sa-zrazila-pride-o-finale-sp?image=1131523\" title=\"\u0160vaj\u010diarska ly\u017eiarka Jasmina Suterov\u00e1\" rel=\"nofollow noopener\" target=\"_blank\">\t\t\t<img decoding=\"async\" loading=\"lazy\" src=\"https:\/\/www.europesays.com\/sk\/wp-content\/uploads\/2026\/03\/super-g-jasmina-suterova-1131523.jpg\"  alt=\"\u0160vaj\u010diarska ly\u017eiarka Jasmina Suterov\u00e1\"\/><\/a>\u0160vaj\u010diarska ly\u017eiarka Jasmina Suterov\u00e1\t\t\t Zdroj: SITA\/AP\/Luciano Bisi\t\t\t\t<\/p>\n<p>KVITFJELL &#8211; \u0160vaj\u010diarska ly\u017eiarka Jasmina Suterov\u00e1 sa na soci\u00e1lnej sieti priznala k bizarn\u00e9mu zraneniu. Jej pred\u010dasn\u00fd koniec sez\u00f3ny vo Svetovom poh\u00e1ri toti\u017e sp\u00f4sobila zr\u00e1\u017eka s kravou.\t<\/p>\n<p>\u0160pecialistka na r\u00fdchlostn\u00e9 discipl\u00edny uviedla, \u017ee e\u0161te nie je jasn\u00e9, \u010di sa z\u00fa\u010dastn\u00ed v apr\u00edli na majstrovstv\u00e1ch \u0160vaj\u010diarska.\u00a0&#8222;Kr\u00e1tko pred pretekmi v Soldeu ma trafila do hlavy krava. Nerob\u00edm si srandu. Sna\u017eila som sa dosta\u0165 do formy na fin\u00e1le SP, ale bohu\u017eia\u013e to nefungovalo. Moja hlava potrebuje trochu \u010dasu na zotavenie, tak\u017ee si d\u00e1m kr\u00e1tku prest\u00e1vku.&#8220;<\/p>\n<p>K incidentu do\u0161lo v stajni jej rodi\u010dov. Suterov\u00e1 je v celkovom hodnoten\u00ed SP na 77. mieste so 61 bodmi, ale v super-G je na 28. prie\u010dke, \u010do by jej zaru\u010dovalo \u0161tart vo fin\u00e1le.<\/p>\n","protected":false},"excerpt":{"rendered":"\u0160vaj\u010diarska ly\u017eiarka Jasmina Suterov\u00e1 Zdroj: SITA\/AP\/Luciano Bisi KVITFJELL &#8211; \u0160vaj\u010diarska ly\u017eiarka Jasmina Suterov\u00e1 sa na soci\u00e1lnej sieti priznala&hellip;\n","protected":false},"author":2,"featured_media":24436,"comment_status":"","ping_status":"","sticky":false,"template":"","format":"standard","meta":{"footnotes":"","_share_on_mastodon":"0"},"categories":[13],"tags":[11615,11305,43,40,39,42,41,69,68],"class_list":["post-24435","post","type-post","status-publish","format-standard","has-post-thumbnail","category-sport","tag-jasmina-suterova","tag-kvitfjell","tag-sk","tag-slovak","tag-slovakia","tag-slovencina","tag-slovensko","tag-sport","tag-sports"],"share_on_mastodon":{"url":"https:\/\/pubeurope.com\/@sk\/116267475427248925","error":""},"_links":{"self":[{"href":"https:\/\/www.europesays.com\/sk\/wp-json\/wp\/v2\/posts\/24435","targetHints":{"allow":["GET"]}}],"collection":[{"href":"https:\/\/www.europesays.com\/sk\/wp-json\/wp\/v2\/posts"}],"about":[{"href":"https:\/\/www.europesays.com\/sk\/wp-json\/wp\/v2\/types\/post"}],"author":[{"embeddable":true,"href":"https:\/\/www.europesays.com\/sk\/wp-json\/wp\/v2\/users\/2"}],"replies":[{"embeddable":true,"href":"https:\/\/www.europesays.com\/sk\/wp-json\/wp\/v2\/comments?post=24435"}],"version-history":[{"count":0,"href":"https:\/\/www.europesays.com\/sk\/wp-json\/wp\/v2\/posts\/24435\/revisions"}],"wp:featuredmedia":[{"embeddable":true,"href":"https:\/\/www.europesays.com\/sk\/wp-json\/wp\/v2\/media\/24436"}],"wp:attachment":[{"href":"https:\/\/www.europesays.com\/sk\/wp-json\/wp\/v2\/media?parent=24435"}],"wp:term":[{"taxonomy":"category","embeddable":true,"href":"https:\/\/www.europesays.com\/sk\/wp-json\/wp\/v2\/categories?post=24435"},{"taxonomy":"post_tag","embeddable":true,"href":"https:\/\/www.europesays.com\/sk\/wp-json\/wp\/v2\/tags?post=24435"}],"curies":[{"name":"wp","href":"https:\/\/api.w.org\/{rel}","templated":true}]}}