{"id":27372,"date":"2026-03-25T08:21:07","date_gmt":"2026-03-25T08:21:07","guid":{"rendered":"https:\/\/www.europesays.com\/sk\/27372\/"},"modified":"2026-03-25T08:21:07","modified_gmt":"2026-03-25T08:21:07","slug":"smutna-sprava-zomrel-znamy-spevak","status":"publish","type":"post","link":"https:\/\/www.europesays.com\/sk\/27372\/","title":{"rendered":"SMUTN\u00c1 SPR\u00c1VA: Zomrel zn\u00e1my spev\u00e1k"},"content":{"rendered":"<p>R\u00edm 24. marca (TASR) &#8211; Taliansky spev\u00e1k a skladate\u013e Gino Paoli zomrel vo veku 91 rokov, ozn\u00e1mila v utorok jeho rodina. TASR o tom informuje pod\u013ea spr\u00e1v agent\u00far AFP a Reuters.<\/p>\n<p>Paoli sa stal zn\u00e1my najm\u00e4 svojimi popov\u00fdmi hitmi z 60. rokov 20. storo\u010dia ako Il cielo in una stanza alebo Sapore di sale. Vplyvnou osobnos\u0165ou talianskej hudobnej sc\u00e9ny zostal \u010fal\u0161\u00edch viac ako 60 rokov. Jeho piesne prespievali viacer\u00ed umelci vr\u00e1tane spev\u00e1\u010dky Ornelly Vanoniovej, s ktorou mal aj milostn\u00fd vz\u0165ah.<\/p>\n<p>Piese\u0148 Il cielo in una stanza (Nebo v izbe) sa v roku 1990 stala soundtrackom k filmu Mafi\u00e1ni re\u017eis\u00e9ra Martina Scorseseho. Paoli nesk\u00f4r priznal, \u017ee in\u0161pir\u00e1ciu pre \u0148u z\u00edskal v nevestinci s fialov\u00fdm stropom v historickom pr\u00edstavnom meste Janov, kde vyrastal i zomrel.<\/p>\n<p>Paoli mal b\u00farliv\u00fd osobn\u00fd \u017eivot. Po\u010das prv\u00e9ho man\u017eelstva mal pomer s here\u010dkou Stefaniou Sandrelliovou. Splodili spolu dc\u00e9ru Amandu, ktor\u00e1 sa narodila, ke\u010f mala Sandrelliov\u00e1 18 rokov. Here\u010dka tvrd\u00ed, \u017ee piese\u0148 Sapore di sale (Chu\u0165 soli) bola in\u0161pirovan\u00e1 \u0148ou.<\/p>\n<p>Pesni\u010dk\u00e1r koncom 60. rokoch bojoval so z\u00e1vislos\u0165ami na alkohole i na drog\u00e1ch. Pri pokuse o samovra\u017edu si netrafil srdce a pre\u017eil. V 80. rokoch sa vr\u00e1til na taliansku hudobn\u00fa sc\u00e9nu.<\/p>\n<p>V roku 1987 ho zvolili do parlamentu za Taliansku komunistick\u00fa stranu. Odi\u0161iel odtia\u013e v roku 1992, aby pokra\u010doval vo svojej hudobnej kari\u00e9re.<\/p>\n","protected":false},"excerpt":{"rendered":"R\u00edm 24. marca (TASR) &#8211; Taliansky spev\u00e1k a skladate\u013e Gino Paoli zomrel vo veku 91 rokov, ozn\u00e1mila v&hellip;\n","protected":false},"author":2,"featured_media":27373,"comment_status":"","ping_status":"","sticky":false,"template":"","format":"standard","meta":{"footnotes":"","_share_on_mastodon":"0"},"categories":[15],"tags":[70,12678,43,12677,40,39,42,41,2292,537,565,71],"class_list":["post-27372","post","type-post","status-publish","format-standard","has-post-thumbnail","category-zabava","tag-entertainment","tag-paoli","tag-sk","tag-skladatel","tag-slovak","tag-slovakia","tag-slovencina","tag-slovensko","tag-spevak","tag-taliansko","tag-umrtie","tag-zabava"],"share_on_mastodon":{"url":"https:\/\/pubeurope.com\/@sk\/116288846696569611","error":""},"_links":{"self":[{"href":"https:\/\/www.europesays.com\/sk\/wp-json\/wp\/v2\/posts\/27372","targetHints":{"allow":["GET"]}}],"collection":[{"href":"https:\/\/www.europesays.com\/sk\/wp-json\/wp\/v2\/posts"}],"about":[{"href":"https:\/\/www.europesays.com\/sk\/wp-json\/wp\/v2\/types\/post"}],"author":[{"embeddable":true,"href":"https:\/\/www.europesays.com\/sk\/wp-json\/wp\/v2\/users\/2"}],"replies":[{"embeddable":true,"href":"https:\/\/www.europesays.com\/sk\/wp-json\/wp\/v2\/comments?post=27372"}],"version-history":[{"count":0,"href":"https:\/\/www.europesays.com\/sk\/wp-json\/wp\/v2\/posts\/27372\/revisions"}],"wp:featuredmedia":[{"embeddable":true,"href":"https:\/\/www.europesays.com\/sk\/wp-json\/wp\/v2\/media\/27373"}],"wp:attachment":[{"href":"https:\/\/www.europesays.com\/sk\/wp-json\/wp\/v2\/media?parent=27372"}],"wp:term":[{"taxonomy":"category","embeddable":true,"href":"https:\/\/www.europesays.com\/sk\/wp-json\/wp\/v2\/categories?post=27372"},{"taxonomy":"post_tag","embeddable":true,"href":"https:\/\/www.europesays.com\/sk\/wp-json\/wp\/v2\/tags?post=27372"}],"curies":[{"name":"wp","href":"https:\/\/api.w.org\/{rel}","templated":true}]}}