{"id":29704,"date":"2026-03-27T21:14:19","date_gmt":"2026-03-27T21:14:19","guid":{"rendered":"https:\/\/www.europesays.com\/sk\/29704\/"},"modified":"2026-03-27T21:14:19","modified_gmt":"2026-03-27T21:14:19","slug":"zrod-mc-erika-a-barbary-spevak-po-rokoch-prelomil-mlcanie-o-tom-na-co-sa-mnohi-pytaju-doteraz","status":"publish","type":"post","link":"https:\/\/www.europesays.com\/sk\/29704\/","title":{"rendered":"Zrod MC Erika a Barbary: Spev\u00e1k po rokoch prelomil ml\u010danie o tom, na \u010do sa mnoh\u00ed p\u00fdtaj\u00fa doteraz"},"content":{"rendered":"<p>Mnoh\u00ed zo star\u0161\u00edch ro\u010dn\u00edkov si dodnes pam\u00e4taj\u00fa na legend\u00e1rnu dvojicu MC Erik a Barbara, ktor\u00e1 pred rokmi dob\u00fdvala hudobn\u00fa sc\u00e9nu svojimi hitmi a nezamenite\u013en\u00fdm \u0161t\u00fdlom. Ich skladby sprev\u00e1dzali mlad\u00fdch \u013eud\u00ed na diskot\u00e9kach, \u0161kolsk\u00fdch akci\u00e1ch \u010di ve\u010dierkoch a stali sa symbolom jednej gener\u00e1cie. <\/p>\n<p>Dnes sa op\u00e4\u0165 vraciame k ich pr\u00edbehu a spomienkam na za\u010diatky, ktor\u00e9 polo\u017eili z\u00e1klady ich hudobnej sl\u00e1vy. Pre mnoh\u00fdch MC Erik a Barbara znamenaj\u00fa ove\u013ea viac a zhodli by sa na tom, \u017ee jedna z ich prv\u00fdch kaziet bola pr\u00e1ve t\u00e1 s ich prv\u00fdmi tane\u010dn\u00fdmi hitmi. Ako to vlastne vyzeralo na za\u010diatku vzniku popul\u00e1rnej dvojice porozpr\u00e1val Erik Aresta alias \u201cMC Erik\u201d v rel\u00e1cii <a href=\"https:\/\/www.youtube.com\/watch?v=rhTeZca96c0\" target=\"_blank\" rel=\"noopener nofollow\">N\u00e1vraty<\/a>.<\/p>\n<p>Ako vzniklo popul\u00e1rne duo?<\/p>\n<p>Na za\u010diatku bol cie\u013eavedom\u00fd 24-ro\u010dn\u00fd mu\u017e, ktor\u00e9mu ch\u00fdbal \u017eensk\u00fd hlas. \u201cS Barbarou sme sa dali dohromady e\u0161te v skupine Maduar. Boli sme nahr\u00e1va\u0165 v Ko\u0161iciach nejak\u00e9 piesne a ja u\u017e som vtedy mal nejak\u00fa DJ-sk\u00fa\u00a0 minulos\u0165 za sebou, tak\u017ee som mal pripraven\u00e9 veci ako \u201cDo It\u201d a \u201cI Feel Good\u201d, ale ch\u00fdbal mi tam \u017eensk\u00fd vok\u00e1l,\u201d za\u010dal Erik.<\/p>\n<p>\u010clenom kapely navrhol, aby i\u0161li tane\u010dn\u00fdm smerom v \u0161t\u00fdle klasickej Eurodance, \u010do bolo vtedy ve\u013emi popul\u00e1rne a \u017eiadan\u00e9. \u201cV Ko\u0161iciach n\u00e1m pani Sabado\u0161ov\u00e1, man\u017eelka v\u00fdborn\u00e9ho jazzmana ko\u0161ick\u00e9ho Juraja Sabado\u0161a, doviedla Barbaru, vtedy 14,5-ro\u010dn\u00fa. Nasledovalo sedenie s Barbarin\u00fdmi rodi\u010dmi v re\u0161taur\u00e1cii v Ko\u0161iciach, kde sme \u017eiadali rodi\u010dov o dovolenie, aby Barbara mohla s nami spieva\u0165 a t\u00fdm p\u00e1dom aj s nami vystupova\u0165,\u201d pokra\u010doval.<\/p>\n<p>Jej rodi\u010dia neboli proti, tu\u0161ili, \u017ee si ich dc\u00e9ra vyberie kari\u00e9ru spev\u00e1\u010dky, ke\u010f\u017ee spev ve\u013emi milovala. Jedinou podmienkou bolo, aby s nimi jazdil na vyst\u00fapenie e\u0161te star\u0161\u00ed dospel\u00fd. \u201cM\u00f4j tatko sa toho ujal, tak\u017ee my chalani ako Maduar sme jazdili v jednom aute a tatko na svojej \u0161kodovke, ktor\u00e1 nemala sedadl\u00e1, s Barbarou,\u201d objasnil Erik Aresta.<\/p>\n<p>\u010clenovia Maduaru neboli nad\u0161en\u00ed<\/p>\n<p>Pokra\u010dovanie \u010dl\u00e1nku na \u010fal\u0161ej strane<\/p>\n","protected":false},"excerpt":{"rendered":"Mnoh\u00ed zo star\u0161\u00edch ro\u010dn\u00edkov si dodnes pam\u00e4taj\u00fa na legend\u00e1rnu dvojicu MC Erik a Barbara, ktor\u00e1 pred rokmi dob\u00fdvala&hellip;\n","protected":false},"author":2,"featured_media":29705,"comment_status":"","ping_status":"","sticky":false,"template":"","format":"standard","meta":{"footnotes":"","_share_on_mastodon":"0"},"categories":[20],"tags":[11542,127,126,70,128,89,13546,13547,43,129,40,39,42,41,71],"class_list":["post-29704","post","type-post","status-publish","format-standard","has-post-thumbnail","category-slavne-osobnosti","tag-90-roky","tag-celebrities","tag-celebrity","tag-entertainment","tag-famous-people","tag-hudobne-skupiny","tag-mc-erik","tag-mc-erik-a-barbara","tag-sk","tag-slavne-osobnosti","tag-slovak","tag-slovakia","tag-slovencina","tag-slovensko","tag-zabava"],"share_on_mastodon":{"url":"https:\/\/pubeurope.com\/@sk\/116303210908496443","error":""},"_links":{"self":[{"href":"https:\/\/www.europesays.com\/sk\/wp-json\/wp\/v2\/posts\/29704","targetHints":{"allow":["GET"]}}],"collection":[{"href":"https:\/\/www.europesays.com\/sk\/wp-json\/wp\/v2\/posts"}],"about":[{"href":"https:\/\/www.europesays.com\/sk\/wp-json\/wp\/v2\/types\/post"}],"author":[{"embeddable":true,"href":"https:\/\/www.europesays.com\/sk\/wp-json\/wp\/v2\/users\/2"}],"replies":[{"embeddable":true,"href":"https:\/\/www.europesays.com\/sk\/wp-json\/wp\/v2\/comments?post=29704"}],"version-history":[{"count":0,"href":"https:\/\/www.europesays.com\/sk\/wp-json\/wp\/v2\/posts\/29704\/revisions"}],"wp:featuredmedia":[{"embeddable":true,"href":"https:\/\/www.europesays.com\/sk\/wp-json\/wp\/v2\/media\/29705"}],"wp:attachment":[{"href":"https:\/\/www.europesays.com\/sk\/wp-json\/wp\/v2\/media?parent=29704"}],"wp:term":[{"taxonomy":"category","embeddable":true,"href":"https:\/\/www.europesays.com\/sk\/wp-json\/wp\/v2\/categories?post=29704"},{"taxonomy":"post_tag","embeddable":true,"href":"https:\/\/www.europesays.com\/sk\/wp-json\/wp\/v2\/tags?post=29704"}],"curies":[{"name":"wp","href":"https:\/\/api.w.org\/{rel}","templated":true}]}}