{"id":29905,"date":"2026-03-28T07:09:07","date_gmt":"2026-03-28T07:09:07","guid":{"rendered":"https:\/\/www.europesays.com\/sk\/29905\/"},"modified":"2026-03-28T07:09:07","modified_gmt":"2026-03-28T07:09:07","slug":"hrdy-futbalovy-narod-ktory-ma-vysledky","status":"publish","type":"post","link":"https:\/\/www.europesays.com\/sk\/29905\/","title":{"rendered":"Hrd\u00fd futbalov\u00fd n\u00e1rod, ktor\u00fd m\u00e1 v\u00fdsledky"},"content":{"rendered":"<p>\t<a href=\"https:\/\/sportky.zoznam.sk\/g\/475509\/trener-danska-oznacil-cesko-za-naj-v-celej-europe-hrdy-futbalovy-narod-ktory-ma-vysledky?image=1135361\" title=\"Tr\u00e9ner D\u00e1nska Brian Riemer\" rel=\"nofollow noopener\" target=\"_blank\">\t\t\t<img decoding=\"async\" loading=\"lazy\" src=\"https:\/\/www.europesays.com\/sk\/wp-content\/uploads\/2026\/03\/danska-futbalova-reprezentacia-brian-1135361.jpg\"  alt=\"Tr\u00e9ner D\u00e1nska Brian Riemer\"\/><\/a>Tr\u00e9ner D\u00e1nska Brian Riemer\t\t\t Zdroj: SITA\/AP\/Thomas Traasdahl\/Ritzau Scanpix\t\t\t\t<\/p>\n<p>\t\t\t<a class=\"box-article-author-image\"><br \/>\n\t\t\t\t<img decoding=\"async\" src=\"https:\/\/sportky.zoznam.sk\/static\/2019_default\/img\/author.svg\"\/><br \/>\n\t\t\t<\/a><\/p>\n<p class=\"perex\">KODA\u0147 &#8211; Tr\u00e9ner d\u00e1nskych futbalistov Brian Riemer ozna\u010dil \u010desk\u00fd t\u00edm za v\u00f4bec najvy\u0161\u0161\u00ed v celej Eur\u00f3pe. \t<\/p>\n<p>Aby Severania v utor\u0148aj\u0161om fin\u00e1le play-off o majstrovstv\u00e1 sveta na pra\u017eskej Letnej proti dom\u00e1cemu v\u00fdberu uspeli a post\u00fapili, bud\u00fa musie\u0165 pod\u013ea 47-ro\u010dn\u00e9ho kou\u010da zo seba vyda\u0165 to najlep\u0161ie, \u010do dok\u00e1\u017eu. Na \u0161tvrtkovom semifin\u00e1le bar\u00e1\u017ee medzi \u010ceskom a \u00cdrskom mal Riemer v Edene dvoch zvedov. Po v\u00ed\u0165azstve 4:0 v Kodani nad Severn\u00fdm\u00a0Maced\u00f3nskom citovali tr\u00e9nera d\u00e1nske m\u00e9di\u00e1.<\/p>\n<p>&#13;<br \/>\n&#13;<\/p>\n<p>Riemer od \u017erebu play-off \u0161tudoval v\u0161etk\u00fdch troch mo\u017en\u00fdch s\u00faperov &#8211; popri semifin\u00e1lovom protivn\u00edkovi Severnom Maced\u00f3nsku\u00a0tie\u017e \u010cesko a \u00cdrsko.<\/p>\n<p>&#13;<br \/>\n&#13;<br \/>\nNa fin\u00e1le sa pripravuj\u00fa u\u017e mesiace&#13;<br \/>\n&#13;<\/p>\n<p>&#8222;Na (pr\u00edpadn\u00fd) fin\u00e1lov\u00fd z\u00e1pas sme sa do najmen\u0161\u00edch detailov pripravovali nieko\u013eko posledn\u00fdch mesiacov. S na\u0161\u00edm analytick\u00fdm oddelen\u00edm sme nasledovali ve\u013ea stretnut\u00ed, s\u00fapera sme si d\u00f4kladne pozreli,&#8220; uviedol Riemer.<\/p>\n<p>&#13;<br \/>\n&#13;<\/p>\n<p>&#8222;\u010cesi maj\u00fa najvy\u0161\u0161ie mu\u017estvo v Eur\u00f3pe. Tak\u017ee ide o t\u00edm, ktor\u00fd je fyzicky skvele vybaven\u00fd. Nech u\u017e nasadia\u00a0do zostavy kohoko\u013evek. Je to hrd\u00fd futbalov\u00fd n\u00e1rod, ktor\u00fd m\u00e1 v\u00fdsledky a mnoho dobr\u00fdch hr\u00e1\u010dov,&#8220; doplnil tr\u00e9ner, ktor\u00fd vedie d\u00e1nske n\u00e1rodn\u00e9 mu\u017estvo od predvla\u0148aj\u0161ej jesene.<\/p>\n<p>&#13;<br \/>\n&#13;<\/p>\n<p>Riemer neponechal ni\u010d n\u00e1hode a na \u0161tvrtkov\u00e9 semifin\u00e1le medzi \u010ceskom a \u00cdrskom vyslal do Edenu hne\u010f dvoch zvedov. Ako pozorovatelia sledovali v\u00ed\u0165azstvo dom\u00e1ceho t\u00edmu v penaltovom rozstrele b\u00fdval\u00fd reprezentant Thomas Kahlenberg a jeden z ml\u00e1de\u017en\u00edckych tr\u00e9nerov.<\/p>\n<p>&#13;<br \/>\n&#13;<br \/>\nVysporiada\u0165 s fyzickou str\u00e1nkou \u010ceska&#13;<br \/>\n&#13;<\/p>\n<p>&#8222;Budeme sa musie\u0165 s fyzickou str\u00e1nkou \u010deskej hry vysporiada\u0165. Je jasn\u00e9, \u017ee je to nie\u010do, \u010do bude s\u00fa\u010das\u0165ou na\u0161ej analytickej pr\u00e1ce a samozrejme aj tr\u00e9ningov pred samotn\u00fdm z\u00e1pasom,&#8220; vyhl\u00e1sil Riemer.<\/p>\n<p>&#13;<br \/>\n&#13;<\/p>\n<p>&#8222;Zatia\u013e za sebou m\u00e1me len prv\u00fd pol\u010das (bar\u00e1\u017ee), sme si plne vedom\u00ed, \u017ee sme e\u0161te ni\u010d nevyhrali. Teraz ideme do Prahy. Ak chceme post\u00fapi\u0165, mus\u00edme poda\u0165 v\u00fdkon, pri ktorom zo seba v\u0161etci hr\u00e1\u010di dostan\u00fa to najlep\u0161ie,&#8220; doplnil niekdaj\u0161\u00ed kou\u010d Anderlechtu Brusel.<\/p>\n<p>&#13;<\/p>\n<p>\t\t\tAutor: \u00a9 Zoznam\/\t\t\tZdroj: \u010cTK\t<\/p>\n","protected":false},"excerpt":{"rendered":"Tr\u00e9ner D\u00e1nska Brian Riemer Zdroj: SITA\/AP\/Thomas Traasdahl\/Ritzau Scanpix KODA\u0147 &#8211; Tr\u00e9ner d\u00e1nskych futbalistov Brian Riemer ozna\u010dil \u010desk\u00fd t\u00edm&hellip;\n","protected":false},"author":2,"featured_media":29906,"comment_status":"","ping_status":"","sticky":false,"template":"","format":"standard","meta":{"footnotes":"","_share_on_mastodon":"0"},"categories":[13],"tags":[13605,13162,13604,43,40,39,42,41,69,68,13603],"class_list":["post-29905","post","type-post","status-publish","format-standard","has-post-thumbnail","category-sport","tag-brian-riemer","tag-ceska-futbalova-reprezentacia","tag-danska-futbalova-reprezentacia","tag-sk","tag-slovak","tag-slovakia","tag-slovencina","tag-slovensko","tag-sport","tag-sports","tag-thomas-kahlenberg"],"share_on_mastodon":{"url":"https:\/\/pubeurope.com\/@sk\/116305550578091951","error":""},"_links":{"self":[{"href":"https:\/\/www.europesays.com\/sk\/wp-json\/wp\/v2\/posts\/29905","targetHints":{"allow":["GET"]}}],"collection":[{"href":"https:\/\/www.europesays.com\/sk\/wp-json\/wp\/v2\/posts"}],"about":[{"href":"https:\/\/www.europesays.com\/sk\/wp-json\/wp\/v2\/types\/post"}],"author":[{"embeddable":true,"href":"https:\/\/www.europesays.com\/sk\/wp-json\/wp\/v2\/users\/2"}],"replies":[{"embeddable":true,"href":"https:\/\/www.europesays.com\/sk\/wp-json\/wp\/v2\/comments?post=29905"}],"version-history":[{"count":0,"href":"https:\/\/www.europesays.com\/sk\/wp-json\/wp\/v2\/posts\/29905\/revisions"}],"wp:featuredmedia":[{"embeddable":true,"href":"https:\/\/www.europesays.com\/sk\/wp-json\/wp\/v2\/media\/29906"}],"wp:attachment":[{"href":"https:\/\/www.europesays.com\/sk\/wp-json\/wp\/v2\/media?parent=29905"}],"wp:term":[{"taxonomy":"category","embeddable":true,"href":"https:\/\/www.europesays.com\/sk\/wp-json\/wp\/v2\/categories?post=29905"},{"taxonomy":"post_tag","embeddable":true,"href":"https:\/\/www.europesays.com\/sk\/wp-json\/wp\/v2\/tags?post=29905"}],"curies":[{"name":"wp","href":"https:\/\/api.w.org\/{rel}","templated":true}]}}