{"id":30628,"date":"2026-03-29T04:01:07","date_gmt":"2026-03-29T04:01:07","guid":{"rendered":"https:\/\/www.europesays.com\/sk\/30628\/"},"modified":"2026-03-29T04:01:07","modified_gmt":"2026-03-29T04:01:07","slug":"skoda-odtajnila-prototypy-vozidiel-za-poslednych-70-rokov-foto","status":"publish","type":"post","link":"https:\/\/www.europesays.com\/sk\/30628\/","title":{"rendered":"\u0160koda odtajnila prototypy vozidiel za posledn\u00fdch 70 rokov! (foto)"},"content":{"rendered":"<p>\t\t\t\t\t\t\t<a href=\"https:\/\/openiazoch.zoznam.sk\/galeria\/503039\/1\" rel=\"nofollow noopener\" target=\"_blank\"><br \/>\n\t\t\t\t\t<img decoding=\"async\" src=\"https:\/\/www.europesays.com\/sk\/wp-content\/uploads\/2026\/03\/skoda-prototypy-1280x960.jpg\" alt=\"Foto: \u0160koda\"\/><br \/>\n\t\t\t\t<\/a><\/p>\n<p>\n\t\t\t\t\t\t\t\t\t\t\tFOTO\n\t\t\t\t\t\t\t\t\t<\/p>\n<p>\t\t\t\t\tFoto: \u0160koda<\/p>\n<p>\t\t\t<img decoding=\"async\" src=\"https:\/\/www.europesays.com\/sk\/wp-content\/uploads\/2026\/03\/logo_openiazoch-2-1-1.jpg\" alt=\"autor logo\"\/><\/p>\n<p class=\"article-perex\">Automobilka \u0160koda otvorila v Mladej Boleslavi nov\u00fd depozit\u00e1r s n\u00e1zvom Odtajnen\u00e9 koncepty, v ktorom sa verejnos\u0165 po prv\u00fdkr\u00e1t dostane k vozidl\u00e1m, ktor\u00e9 dlh\u00e9 roky zost\u00e1vali skryt\u00e9 v arch\u00edvoch zna\u010dky. Ide o unik\u00e1tnu kolekciu 31 prototypov, dizajnov\u00fdch \u0161t\u00fadi\u00ed a konceptov, ktor\u00e9 vznikli od konca 50. rokov a\u017e po s\u00fa\u010dasnos\u0165.<\/p>\n<p>Nov\u00e1 expoz\u00edcia je s\u00fa\u010das\u0165ou roz\u0161irovania <a href=\"https:\/\/openiazoch.zoznam.sk\/tag\/skoda\/\" target=\"_blank\" rel=\"noreferrer noopener nofollow\">\u0160koda<\/a> M\u00fazeum v Mladej Boleslavi a <a href=\"https:\/\/www.skoda-storyboard.com\/sk\/tlacova-sprava\/odtajnene-koncepty-novy-depozitar-skoda-muzea-sa-otvara-navstevnikom\/\" target=\"_blank\" rel=\"noreferrer noopener nofollow\">nadv\u00e4zuje<\/a> na depozit\u00e1r \u201eSpiaca kr\u00e1sa\u201c, otvoren\u00fd koncom roka 2025. Spolu tak m\u00fazeum pon\u00faka n\u00e1v\u0161tevn\u00edkom viac ne\u017e 50 v\u00fdnimo\u010dn\u00fdch vozidiel, ktor\u00e9 be\u017ene nie je mo\u017en\u00e9 vidie\u0165.<\/p>\n<p>Mohlo by v\u00e1s zauj\u00edma\u0165:<\/p>\n<p>Reklama<\/p>\n<p> div {<br \/>\ntext-align: left;<br \/>\nfont-size: 12px;<br \/>\ncolor: #6f6f6f;<br \/>\n}<\/p>\n<p>#onnetwork-banner > div:first-child {<br \/>\ntext-align: left;<br \/>\nfont-weight: 700;<br \/>\npadding-bottom: 5px;<br \/>\nfont-size: 14px;<br \/>\ncolor: #000000;<br \/>\n}<\/p>\n<p>]]><\/p>\n<p>Nov\u00e1 hala sa nach\u00e1dza v historickej tov\u00e1renskej budove z roku 1913 a prezentuje vozidl\u00e1, ktor\u00e9 mali formova\u0165 bud\u00facnos\u0165 zna\u010dky, no v\u00e4\u010d\u0161ina z nich sa nikdy nedostala do s\u00e9riovej v\u00fdroby. Pr\u00e1ve <a href=\"https:\/\/openiazoch.zoznam.sk\/tag\/prototypy\/\" target=\"_blank\" rel=\"noreferrer noopener nofollow\">prototypy<\/a> toti\u017e \u010dasto sl\u00fa\u017eia ako testovacie laborat\u00f3rium \u2013 automobilky na nich sk\u00fa\u0161aj\u00fa nov\u00e9 technol\u00f3gie, dizajn alebo koncepcie pohonu.<\/p>\n<p>Niektor\u00e9 projekty zastavili technick\u00e9 probl\u00e9my, in\u00e9 politick\u00e9 rozhodnutia alebo zmeny strat\u00e9gie. Mnoh\u00e9 z nich v\u0161ak ovplyvnili podobu neskor\u0161\u00edch s\u00e9riov\u00fdch modelov. V\u00fdstava tak pon\u00faka poh\u013ead na viac ne\u017e sedem desa\u0165ro\u010d\u00ed v\u00fdvoja <a href=\"https:\/\/openiazoch.zoznam.sk\/tag\/automobilka\/\" target=\"_blank\" rel=\"noreferrer noopener nofollow\">automobilky<\/a>.<\/p>\n<p>Najstar\u0161ie expon\u00e1ty poch\u00e1dzaj\u00fa z 50. rokov a ukazuj\u00fa experimenty s r\u00f4znymi koncepciami pohonu \u010di karos\u00e9rie. Neskor\u0161ie desa\u0165ro\u010dia dokumentuj\u00fa prechod k modernej\u0161\u00edm technol\u00f3gi\u00e1m a dizajnu. V kolekcii sa tak nach\u00e1dzaj\u00fa vojensk\u00e9 ter\u00e9nne vozidl\u00e1, experiment\u00e1lne rodinn\u00e9 aut\u00e1, \u0161portov\u00e9 kup\u00e9, \u0161t\u00fadie SUV aj futuristick\u00e9 elektrick\u00e9 koncepty. V\u00fdstava tak pon\u00faka unik\u00e1tny poh\u013ead na to, ak\u00e9 <a href=\"https:\/\/openiazoch.zoznam.sk\/tag\/auta\/\" target=\"_blank\" rel=\"noreferrer noopener nofollow\">aut\u00e1<\/a> mohli vznikn\u00fa\u0165, ale nikdy sa nedostali do predaja.<\/p>\n<p>\t\t\t\t\t\t\t<a href=\"https:\/\/openiazoch.zoznam.sk\/galeria\/503039\/1\" rel=\"nofollow noopener\" target=\"_blank\"><br \/>\n\t\t\t\t\t<img decoding=\"async\" src=\"https:\/\/www.europesays.com\/sk\/wp-content\/uploads\/2026\/03\/skoda-973-1280x960.jpg\" alt=\"\u0160koda 973\"\/><br \/>\n\t\t\t\t<\/a><\/p>\n<p>\t\t\t\t\t\u0160koda 973 Babeta (1953) \u2013 Prototyp vojensk\u00e9ho ter\u00e9nneho vozidla s pohonom 4\u00d74, ktor\u00fd sa presl\u00e1vil aj vo filme Keby tis\u00edc klarinetov. Foto: \u0160koda<\/p>\n<p>M\u00fazeum ukazuje aj bud\u00facnos\u0165 zna\u010dky<\/p>\n<p>\u0160koda M\u00fazeum v Mladej Boleslavi pribli\u017euje n\u00e1v\u0161tevn\u00edkom 131 rokov hist\u00f3rie automobilky \u2013 od bicyklov zna\u010dky Laurin &amp; Klement a\u017e po modern\u00e9 koncepty a s\u00fa\u010dasn\u00e9 modely. M\u00fazeum bolo otvoren\u00e9 v roku 1995 v p\u00f4vodn\u00fdch tov\u00e1rensk\u00fdch hal\u00e1ch a v roku 2012 pre\u0161lo rozsiahlu rekon\u0161trukciou. Dnes pon\u00faka expoz\u00edcie na ploche pribli\u017ene 1 800 m\u00b2 a n\u00e1v\u0161tevn\u00edci si m\u00f4\u017eu pozrie\u0165 historick\u00e9 vozidl\u00e1, prototypy, \u0161portov\u00e9 \u0161peci\u00e1ly aj motocykle. Najstar\u0161\u00edm expon\u00e1tom je bicykel Slavia z roku 1899.<\/p>\n<p>Medzi vystaven\u00fdmi vozidlami nech\u00fdbaj\u00fa ani modern\u00e9 koncepty, ktor\u00e9 nazna\u010dovali bud\u00faci dizajn automobilky. Napr\u00edklad \u0161t\u00fadia Vision S predznamenala SUV Kodiaq, zatia\u013e \u010do koncept Vision C nazna\u010dil dizajnov\u00fd smer pre model Superb novej gener\u00e1cie. Elektrick\u00fd koncept Vision E zase uk\u00e1zal smerovanie zna\u010dky k <a href=\"https:\/\/openiazoch.zoznam.sk\/tag\/elektromobilita\/\" target=\"_blank\" rel=\"noreferrer noopener nofollow\">elektromobilite<\/a> a auton\u00f3mnemu riadeniu.<\/p>\n<p>\tChceli by ste nav\u0161t\u00edvi\u0165 m\u00fazeum \u0160koda v Mladej Boleslavi?<\/p>\n<p>Nov\u00fd depozit\u00e1r je mo\u017en\u00e9 nav\u0161t\u00edvi\u0165 len v r\u00e1mci organizovanej prehliadky a po predch\u00e1dzaj\u00facej rezerv\u00e1cii. Expoz\u00edcia je navrhnut\u00e1 v takzvanom \u201egar\u00e1\u017eovom \u0161t\u00fdle\u201c, ktor\u00fd m\u00e1 pripom\u00edna\u0165 atmosf\u00e9ru v\u00fdvojov\u00fdch dieln\u00ed automobilky. Pri ka\u017edom <a href=\"https:\/\/openiazoch.zoznam.sk\/tag\/vozidlo\/\" target=\"_blank\" rel=\"noreferrer noopener nofollow\">vozidle<\/a> sa nach\u00e1dza stru\u010dn\u00fd popis a n\u00e1v\u0161tevn\u00edci si m\u00f4\u017eu cez QR k\u00f3d zobrazi\u0165 aj podrobnej\u0161ie inform\u00e1cie.<\/p>\n<p>V\u00fdstava sa navy\u0161e bude postupne obmie\u0148a\u0165, tak\u017ee \u010dasom sa v depozit\u00e1ri m\u00f4\u017eu objavi\u0165 aj \u010fal\u0161ie prototypy zo zbierok zna\u010dky. N\u00e1v\u0161tevu m\u00fazea je mo\u017en\u00e9 spoji\u0165 aj s prehliadkou v\u00fdrobn\u00e9ho z\u00e1vodu \u0160koda v Mladej Boleslavi alebo s exkurziou do z\u00e1vodov vo Vrchlab\u00ed a Kvasin\u00e1ch.<\/p>\n<p class=\"tags\">Viac o t\u00e9me:<br \/>\n\t\t\t\t\t\t\t\t\t\t\t\t\t\t\t\t\t\t\t<a href=\"https:\/\/openiazoch.zoznam.sk\/tag\/auta\/\" rel=\"nofollow noopener\" target=\"_blank\"><br \/>\n\t\t\t\t\t\t\t\t\t\t\taut\u00e1\t\t\t\t\t\t\t\t\t\t<\/a><br \/>\n\t\t\t\t\t\t\t\t\t\t, \t\t\t\t\t\t\t\t\t\t\t\t\t\t\t\t\t\t\t<a href=\"https:\/\/openiazoch.zoznam.sk\/tag\/automobilka\/\" rel=\"nofollow noopener\" target=\"_blank\"><br \/>\n\t\t\t\t\t\t\t\t\t\t\tautomobilka\t\t\t\t\t\t\t\t\t\t<\/a><br \/>\n\t\t\t\t\t\t\t\t\t\t, \t\t\t\t\t\t\t\t\t\t\t\t\t\t\t\t\t\t\t<a href=\"https:\/\/openiazoch.zoznam.sk\/tag\/elektromobilita\/\" rel=\"nofollow noopener\" target=\"_blank\"><br \/>\n\t\t\t\t\t\t\t\t\t\t\telektromobilita\t\t\t\t\t\t\t\t\t\t<\/a><br \/>\n\t\t\t\t\t\t\t\t\t\t, \t\t\t\t\t\t\t\t\t\t\t\t\t\t\t\t\t\t\t<a href=\"https:\/\/openiazoch.zoznam.sk\/tag\/prototypy\/\" rel=\"nofollow noopener\" target=\"_blank\"><br \/>\n\t\t\t\t\t\t\t\t\t\t\tprototypy\t\t\t\t\t\t\t\t\t\t<\/a><br \/>\n\t\t\t\t\t\t\t\t\t\t, \t\t\t\t\t\t\t\t\t\t\t\t\t\t\t\t\t\t\t<a href=\"https:\/\/openiazoch.zoznam.sk\/tag\/skoda\/\" rel=\"nofollow noopener\" target=\"_blank\"><br \/>\n\t\t\t\t\t\t\t\t\t\t\t\u0160koda\t\t\t\t\t\t\t\t\t\t<\/a><br \/>\n\t\t\t\t\t\t\t\t\t\t, \t\t\t\t\t\t\t\t\t\t\t\t\t\t\t\t\t\t\t<a href=\"https:\/\/openiazoch.zoznam.sk\/tag\/vozidlo\/\" rel=\"nofollow noopener\" target=\"_blank\"><br \/>\n\t\t\t\t\t\t\t\t\t\t\tvozidlo\t\t\t\t\t\t\t\t\t\t<\/a>\n\t\t\t\t\t\t\t\t\t\t\t\t\t\t\t\t\t\t\t\t\t\t\t\t\t\t\t<\/p>\n","protected":false},"excerpt":{"rendered":"FOTO Foto: \u0160koda Automobilka \u0160koda otvorila v Mladej Boleslavi nov\u00fd depozit\u00e1r s n\u00e1zvom Odtajnen\u00e9 koncepty, v ktorom sa&hellip;\n","protected":false},"author":2,"featured_media":30629,"comment_status":"","ping_status":"","sticky":false,"template":"","format":"standard","meta":{"footnotes":"","_share_on_mastodon":"0"},"categories":[11],"tags":[860,2569,64,65,66,2571,13917,43,4462,40,39,42,41,9295],"class_list":["post-30628","post","type-post","status-publish","format-standard","has-post-thumbnail","category-ekonomika","tag-auta","tag-automobilka","tag-business","tag-economic","tag-ekonomika","tag-elektromobilita","tag-prototypy","tag-sk","tag-skoda","tag-slovak","tag-slovakia","tag-slovencina","tag-slovensko","tag-vozidlo"],"share_on_mastodon":{"url":"https:\/\/pubeurope.com\/@sk\/116310473664564774","error":""},"_links":{"self":[{"href":"https:\/\/www.europesays.com\/sk\/wp-json\/wp\/v2\/posts\/30628","targetHints":{"allow":["GET"]}}],"collection":[{"href":"https:\/\/www.europesays.com\/sk\/wp-json\/wp\/v2\/posts"}],"about":[{"href":"https:\/\/www.europesays.com\/sk\/wp-json\/wp\/v2\/types\/post"}],"author":[{"embeddable":true,"href":"https:\/\/www.europesays.com\/sk\/wp-json\/wp\/v2\/users\/2"}],"replies":[{"embeddable":true,"href":"https:\/\/www.europesays.com\/sk\/wp-json\/wp\/v2\/comments?post=30628"}],"version-history":[{"count":0,"href":"https:\/\/www.europesays.com\/sk\/wp-json\/wp\/v2\/posts\/30628\/revisions"}],"wp:featuredmedia":[{"embeddable":true,"href":"https:\/\/www.europesays.com\/sk\/wp-json\/wp\/v2\/media\/30629"}],"wp:attachment":[{"href":"https:\/\/www.europesays.com\/sk\/wp-json\/wp\/v2\/media?parent=30628"}],"wp:term":[{"taxonomy":"category","embeddable":true,"href":"https:\/\/www.europesays.com\/sk\/wp-json\/wp\/v2\/categories?post=30628"},{"taxonomy":"post_tag","embeddable":true,"href":"https:\/\/www.europesays.com\/sk\/wp-json\/wp\/v2\/tags?post=30628"}],"curies":[{"name":"wp","href":"https:\/\/api.w.org\/{rel}","templated":true}]}}