{"id":31238,"date":"2026-03-29T19:47:10","date_gmt":"2026-03-29T19:47:10","guid":{"rendered":"https:\/\/www.europesays.com\/sk\/31238\/"},"modified":"2026-03-29T19:47:10","modified_gmt":"2026-03-29T19:47:10","slug":"policia-v-trebisove-kontrolovala-taxikarov-pokuty-za-pasy-doklady-aj-technicky-stav","status":"publish","type":"post","link":"https:\/\/www.europesays.com\/sk\/31238\/","title":{"rendered":"Pol\u00edcia v Trebi\u0161ove kontrolovala taxik\u00e1rov: Pokuty za p\u00e1sy, doklady aj technick\u00fd stav"},"content":{"rendered":"<p>\t\t\t\t\t\t\t<img decoding=\"async\" src=\"https:\/\/www.europesays.com\/sk\/wp-content\/uploads\/2026\/03\/659098559-1426398782863532-7302446284343025813-n-e1774781652894.jpg\" alt=\"Zdroj: Facebook\/Pol\u00edcia SR - Ko\u0161ick\u00fd kraj\ufeff\" style=\"aspect-ratio: 1.33;object-fit: cover; display:inline; width: 100%;\" fetchpriority=\"high\"\/><\/p>\n<p>\n\t\t\t\t\t\t\t\t\t\t\tFOTO\n\t\t\t\t\t\t\t\t\t<\/p>\n<p>\t\t\t\t\tZdroj: Facebook\/Pol\u00edcia SR &#8211; Ko\u0161ick\u00fd kraj\ufeff<\/p>\n<p>\t\t<img decoding=\"async\" src=\"https:\/\/www.europesays.com\/sk\/wp-content\/uploads\/2026\/03\/1773494053_399_regiony-favicon.png\" aria-label=\"Autor\"\/><\/p>\n<p>Osobitn\u00fa kontrolu vodi\u010dov taxislu\u017eieb a don\u00e1\u0161kov\u00fdch slu\u017eieb vykonali v sobotu (28. 3.) ve\u010der policajti Okresn\u00e9ho riadite\u013estva Policajn\u00e9ho zboru (OR PZ) v Trebi\u0161ove v s\u00fa\u010dinnosti s pracovn\u00ed\u010dkami In\u0161pektor\u00e1tu pr\u00e1ce Ko\u0161ice. Skontrolovali 14 vozidiel taxislu\u017eieb a dve vozidl\u00e1 don\u00e1\u0161kov\u00fdch slu\u017eieb. Informovala o tom ko\u0161ick\u00e1 krajsk\u00e1 pol\u00edcia na soci\u00e1lnej sieti.<\/p>\n<p>\u201eP\u00e4\u0165 vodi\u010dov taxislu\u017eieb sa dopustilo priestupkov, za ktor\u00e9 im boli ulo\u017een\u00e9 blokov\u00e9 pokuty. I\u0161lo najm\u00e4 o bezpe\u010dnostn\u00e9 p\u00e1sy, doklady a technick\u00fd stav vozidla. V jednom pr\u00edpade bolo vodi\u010dovi zadr\u017ean\u00e9 aj osved\u010denie o evidencii vozidla,\u201c uviedla pol\u00edcia.<\/p>\n<p>Za pozit\u00edvne ozna\u010dila, \u017ee v\u0161etky vykonan\u00e9 dychov\u00e9 sk\u00fa\u0161ky boli negat\u00edvne a rovnako negat\u00edvne dopadli aj drogov\u00e9 testy u kontrolovan\u00fdch vodi\u010dov taxislu\u017eieb.<\/p>\n<p class=\"tags\">Viac o t\u00e9me:<br \/>\n\t\t\t\t\t\t\t\t\t\t\t\t\t\t\t\t\t\t\t<a href=\"https:\/\/regiony.zoznam.sk\/tag\/dopravne-priestupky\/\" rel=\"nofollow noopener\" target=\"_blank\">dopravn\u00e9 priestupky<\/a>, \t\t\t\t\t\t\t\t\t\t\t\t\t\t\t\t\t\t\t<a href=\"https:\/\/regiony.zoznam.sk\/tag\/inspektorat-prace-kosice\/\" rel=\"nofollow noopener\" target=\"_blank\">In\u0161pektor\u00e1t pr\u00e1ce Ko\u0161ice<\/a>, \t\t\t\t\t\t\t\t\t\t\t\t\t\t\t\t\t\t\t<a href=\"https:\/\/regiony.zoznam.sk\/tag\/pokuty\/\" rel=\"nofollow noopener\" target=\"_blank\">pokuty<\/a>, \t\t\t\t\t\t\t\t\t\t\t\t\t\t\t\t\t\t\t<a href=\"https:\/\/regiony.zoznam.sk\/tag\/policajna-kontrola\/\" rel=\"nofollow noopener\" target=\"_blank\">policajn\u00e1 kontrola<\/a>, \t\t\t\t\t\t\t\t\t\t\t\t\t\t\t\t\t\t\t<a href=\"https:\/\/regiony.zoznam.sk\/tag\/policajny-zbor\/\" rel=\"nofollow noopener\" target=\"_blank\">policajn\u00fd zbor<\/a>, \t\t\t\t\t\t\t\t\t\t\t\t\t\t\t\t\t\t\t<a href=\"https:\/\/regiony.zoznam.sk\/tag\/taxikari\/\" rel=\"nofollow noopener\" target=\"_blank\">taxik\u00e1ri<\/a>, \t\t\t\t\t\t\t\t\t\t\t\t\t\t\t\t\t\t\t<a href=\"https:\/\/regiony.zoznam.sk\/tag\/trebisov\/\" rel=\"nofollow noopener\" target=\"_blank\">Trebi\u0161ov<\/a>\t\t\t\t\t\t\t\t\t\t\t\t\t\t\t\t\t<\/p>\n<p>\t\tKoment\u00e1re k \u010dl\u00e1nku<\/p>\n<p>Moment\u00e1lne nie je pridan\u00fd \u017eiadny koment\u00e1r<\/p>\n<p><\/p>\n","protected":false},"excerpt":{"rendered":"FOTO Zdroj: Facebook\/Pol\u00edcia SR &#8211; Ko\u0161ick\u00fd kraj\ufeff Osobitn\u00fa kontrolu vodi\u010dov taxislu\u017eieb a don\u00e1\u0161kov\u00fdch slu\u017eieb vykonali v sobotu (28.&hellip;\n","protected":false},"author":2,"featured_media":31239,"comment_status":"","ping_status":"","sticky":false,"template":"","format":"standard","meta":{"footnotes":"","_share_on_mastodon":"0"},"categories":[22],"tags":[1771,14160,137,2603,13219,14161,43,40,39,42,41,14162,1773],"class_list":["post-31238","post","type-post","status-publish","format-standard","has-post-thumbnail","category-kosice","tag-dopravne-priestupky","tag-inspektorat-prace-kosice","tag-kosice","tag-pokuty","tag-policajna-kontrola","tag-policajny-zbor","tag-sk","tag-slovak","tag-slovakia","tag-slovencina","tag-slovensko","tag-taxikari","tag-trebisov"],"share_on_mastodon":{"url":"https:\/\/pubeurope.com\/@sk\/116314193526647975","error":""},"_links":{"self":[{"href":"https:\/\/www.europesays.com\/sk\/wp-json\/wp\/v2\/posts\/31238","targetHints":{"allow":["GET"]}}],"collection":[{"href":"https:\/\/www.europesays.com\/sk\/wp-json\/wp\/v2\/posts"}],"about":[{"href":"https:\/\/www.europesays.com\/sk\/wp-json\/wp\/v2\/types\/post"}],"author":[{"embeddable":true,"href":"https:\/\/www.europesays.com\/sk\/wp-json\/wp\/v2\/users\/2"}],"replies":[{"embeddable":true,"href":"https:\/\/www.europesays.com\/sk\/wp-json\/wp\/v2\/comments?post=31238"}],"version-history":[{"count":0,"href":"https:\/\/www.europesays.com\/sk\/wp-json\/wp\/v2\/posts\/31238\/revisions"}],"wp:featuredmedia":[{"embeddable":true,"href":"https:\/\/www.europesays.com\/sk\/wp-json\/wp\/v2\/media\/31239"}],"wp:attachment":[{"href":"https:\/\/www.europesays.com\/sk\/wp-json\/wp\/v2\/media?parent=31238"}],"wp:term":[{"taxonomy":"category","embeddable":true,"href":"https:\/\/www.europesays.com\/sk\/wp-json\/wp\/v2\/categories?post=31238"},{"taxonomy":"post_tag","embeddable":true,"href":"https:\/\/www.europesays.com\/sk\/wp-json\/wp\/v2\/tags?post=31238"}],"curies":[{"name":"wp","href":"https:\/\/api.w.org\/{rel}","templated":true}]}}