{"id":31587,"date":"2026-03-30T08:52:20","date_gmt":"2026-03-30T08:52:20","guid":{"rendered":"https:\/\/www.europesays.com\/sk\/31587\/"},"modified":"2026-03-30T08:52:20","modified_gmt":"2026-03-30T08:52:20","slug":"zahorskobystricka-50-tka-treti-rocnik-zrazu-veteranov-a-spanilej-jazdy","status":"publish","type":"post","link":"https:\/\/www.europesays.com\/sk\/31587\/","title":{"rendered":"Z\u00e1horskobystrick\u00e1 50-tka: Tret\u00ed ro\u010dn\u00edk zrazu veter\u00e1nov a spanilej jazdy"},"content":{"rendered":"<p>Auto moto veter\u00e1n klub Z\u00e1horsk\u00e1 Bystrica poz\u00fdva v\u0161etk\u00fdch milovn\u00edkov historick\u00fdch vozidiel na tret\u00ed ro\u010dn\u00edk podujatia Z\u00e1horskobystrick\u00e1 50-tka. Akcia sa uskuto\u010dn\u00ed v piatok 1. m\u00e1ja 2026 a op\u00e4\u0165 s\u013eubuje nezabudnute\u013en\u00fd z\u00e1\u017eitok pre \u00fa\u010dastn\u00edkov aj div\u00e1kov.<\/p>\n<p>Zraz a spanil\u00e1 jazda aj Z\u00e1hor\u00edm<\/p>\n<p>V\u0161etko za\u010d\u00edna r\u00e1no na N\u00e1mest\u00ed rodiny v Z\u00e1horskej Bystrici, kde sa z\u00eddu pos\u00e1dky historick\u00fdch automobilov a motocyklov. Potom vyr\u00e1\u017ea cel\u00fd sprievod na spanil\u00fa jazdu po trase, ktor\u00e1 vedie cez Marianku, Stupavu, Dev\u00ednsku Nov\u00fa Ves, Dev\u00edn, Karlov\u00fa Ves, Dubravku a Lama\u010d, ne\u017e sa kol\u00f3na vr\u00e1ti sp\u00e4\u0165 do Z\u00e1horskej Bystrice. <\/p>\n<p><a data-bid=\"1\" data-no-instant=\"1\" href=\"https:\/\/www.nazahori.sk\/linkout\/108136\" rel=\"noopener nofollow\" class=\"notrack\" target=\"_blank\" aria-label=\"Albaniaresidences.com\"><img loading=\"lazy\" decoding=\"async\" src=\"https:\/\/www.europesays.com\/sk\/wp-content\/uploads\/2026\/03\/Real_estate_website_header_banner.jpg\" alt=\"Albaniaresidences.com\"   width=\"1376\" height=\"768\" style=\"display: inline-block;\"\/><\/a><\/p>\n<p>Ako sa zaregistrova\u0165?<\/p>\n<p>Z\u00e1ujemcovia o \u00fa\u010das\u0165 maj\u00fa hne\u010f nieko\u013eko mo\u017enost\u00ed. Osobn\u00fa predregistr\u00e1ciu organiz\u00e1tori umo\u017enia v d\u0148och 23. a 24. apr\u00edla 2026 od 17:00 do 20:00 hod. v Hasi\u010dskej zbrojnici na Gbelskej ulici \u010d. 2. Elektronick\u00e1 registr\u00e1cia je otvoren\u00e1 do 24. apr\u00edla 2026. V de\u0148 konania prebieha registr\u00e1cia \u00fa\u010dastn\u00edkov priamo v Z\u00e1horskej Bystrici od 7:30 do 9:00 hod.<\/p>\n<p><img fetchpriority=\"high\" decoding=\"async\" width=\"1024\" height=\"674\" src=\"https:\/\/www.europesays.com\/sk\/wp-content\/uploads\/2026\/03\/spanila-jazda-a-zraz-reprofoto-nazahori2-1024x674.jpg\" alt=\"\" class=\"wp-image-144665\"  \/>reprofoto NaZ\u00e1hor\u00ed zdroj fotiek: Auto moto klub veter\u00e1nov Z\u00e1horsk\u00e1 Bystrica<\/p>\n<p>Kde n\u00e1jdete viac inform\u00e1ci\u00ed?<\/p>\n<p>Podujatie organizuj\u00fa nad\u0161enci zo Z\u00e1horskej Bystrice, Stupavy a Marianky, ktor\u00ed sa o veter\u00e1ny staraj\u00fa s v\u00e1\u0161\u0148ou a l\u00e1skou. <\/p>\n<p>V\u0161etky inform\u00e1cie, ako aj registra\u010dn\u00fd formul\u00e1r, n\u00e1jdete na str\u00e1nke <a href=\"http:\/\/www.veteranyzb.sk\/\" rel=\"nofollow noopener\" target=\"_blank\">www.veteranyzb.sk<\/a>. Kontaktova\u0165 organiz\u00e1torov m\u00f4\u017eete aj e-mailom na <a href=\"http:\/\/www.nazahori.sk\/cdn-cgi\/l\/email-protection#462f28202906302332233427283f3c2468352d\" rel=\"nofollow noopener\" target=\"_blank\">[email\u00a0protected]<\/a> alebo telefonicky na \u010d\u00edsle 0903 464 967.<\/p>\n<p><img loading=\"lazy\" decoding=\"async\" width=\"1024\" height=\"615\" src=\"https:\/\/www.europesays.com\/sk\/wp-content\/uploads\/2026\/03\/50-tka-plagat-1024x615.jpg\" alt=\"\" class=\"wp-image-144670\" style=\"aspect-ratio:1.6650717703349283;width:810px;height:auto\"  \/><\/p>\n<p><img loading=\"lazy\" decoding=\"async\" width=\"1024\" height=\"686\" src=\"https:\/\/www.europesays.com\/sk\/wp-content\/uploads\/2026\/03\/spanila-jazda2-1024x686.jpg\" alt=\"\" class=\"wp-image-144679\" style=\"aspect-ratio:1.492766459994095;width:798px;height:auto\"  \/>Spanil\u00e1 jazda veter\u00e1nov reprofoto NaZ\u00e1hor\u00ed<\/p>\n","protected":false},"excerpt":{"rendered":"Auto moto veter\u00e1n klub Z\u00e1horsk\u00e1 Bystrica poz\u00fdva v\u0161etk\u00fdch milovn\u00edkov historick\u00fdch vozidiel na tret\u00ed ro\u010dn\u00edk podujatia Z\u00e1horskobystrick\u00e1 50-tka. Akcia&hellip;\n","protected":false},"author":2,"featured_media":31588,"comment_status":"","ping_status":"","sticky":false,"template":"","format":"standard","meta":{"footnotes":"","_share_on_mastodon":"0"},"categories":[21],"tags":[136,373,14301,892,14302,43,40,39,42,41,14303,14304,14305,1088,14306,14307,14308],"class_list":["post-31587","post","type-post","status-publish","format-standard","has-post-thumbnail","category-bratislava","tag-bratislava","tag-doprava","tag-marianka","tag-podujatie","tag-registracia","tag-sk","tag-slovak","tag-slovakia","tag-slovencina","tag-slovensko","tag-spanila-jazda","tag-stupava","tag-veterani","tag-zahorie","tag-zahorska-bystrica","tag-zahorskobystricka-50-tka-2026","tag-zraz"],"share_on_mastodon":{"url":"https:\/\/pubeurope.com\/@sk\/116317280299505361","error":""},"_links":{"self":[{"href":"https:\/\/www.europesays.com\/sk\/wp-json\/wp\/v2\/posts\/31587","targetHints":{"allow":["GET"]}}],"collection":[{"href":"https:\/\/www.europesays.com\/sk\/wp-json\/wp\/v2\/posts"}],"about":[{"href":"https:\/\/www.europesays.com\/sk\/wp-json\/wp\/v2\/types\/post"}],"author":[{"embeddable":true,"href":"https:\/\/www.europesays.com\/sk\/wp-json\/wp\/v2\/users\/2"}],"replies":[{"embeddable":true,"href":"https:\/\/www.europesays.com\/sk\/wp-json\/wp\/v2\/comments?post=31587"}],"version-history":[{"count":0,"href":"https:\/\/www.europesays.com\/sk\/wp-json\/wp\/v2\/posts\/31587\/revisions"}],"wp:featuredmedia":[{"embeddable":true,"href":"https:\/\/www.europesays.com\/sk\/wp-json\/wp\/v2\/media\/31588"}],"wp:attachment":[{"href":"https:\/\/www.europesays.com\/sk\/wp-json\/wp\/v2\/media?parent=31587"}],"wp:term":[{"taxonomy":"category","embeddable":true,"href":"https:\/\/www.europesays.com\/sk\/wp-json\/wp\/v2\/categories?post=31587"},{"taxonomy":"post_tag","embeddable":true,"href":"https:\/\/www.europesays.com\/sk\/wp-json\/wp\/v2\/tags?post=31587"}],"curies":[{"name":"wp","href":"https:\/\/api.w.org\/{rel}","templated":true}]}}