{"id":34216,"date":"2026-04-02T01:53:07","date_gmt":"2026-04-02T01:53:07","guid":{"rendered":"https:\/\/www.europesays.com\/sk\/34216\/"},"modified":"2026-04-02T01:53:07","modified_gmt":"2026-04-02T01:53:07","slug":"ani-ho-nespoznate-chradne-pred-ocami","status":"publish","type":"post","link":"https:\/\/www.europesays.com\/sk\/34216\/","title":{"rendered":"Ani ho nespozn\u00e1te&#8230; Chradne pred o\u010dami"},"content":{"rendered":"<p>PRAHA &#8211; Jan Kraus patr\u00ed medzi najv\u00fdraznej\u0161ie tv\u00e1re \u010deskej telev\u00edzie a  nemenej zn\u00e1my je aj pr\u00edbeh jeho star\u0161ieho brata Ivana. Ten sa po dlh\u0161om \u010dase objavil na verejnosti pri uveden\u00ed vlastnej knihy. 87-ro\u010dn\u00fd spisovate\u013e sa u\u017e na seba nepodob\u00e1. Doslova chradne pred o\u010dami. <\/p>\n<p>Jan Kraus (72) patr\u00ed medzi najzn\u00e1mej\u0161\u00edch moder\u00e1torov u na\u0161ich z\u00e1padn\u00fdch susedov a vo svojej talkshow dok\u00e1\u017ee zasko\u010di\u0165 aj ve\u013emi pohotov\u00fdch host\u00ed. M\u00e1lokto v\u0161ak vie, \u017ee m\u00e1 \u0161tyroch rovnako \u00faspe\u0161n\u00fdch s\u00farodencov. Jeden z nich sa v posledn\u00fdch d\u0148och op\u00e4\u0165 objavil na verejnosti \u2013 jeho brat Ivan Kraus, ktor\u00fd rozhodne nie je v \u010deskom \u0161oubiznise nezn\u00e1mym menom. Ivan Kraus ned\u00e1vno osl\u00e1vil 87. narodeniny a dnes u\u017e d\u00e1va prednos\u0165 pokojnej\u0161iemu \u017eivotu doma.<\/p>\n<p>V\u00fdnimo\u010dn\u00fa pr\u00edle\u017eitos\u0165 si v\u0161ak nenechal ujs\u0165 \u2013 predstavenie knihy mapuj\u00facej jeho vlastn\u00fd \u017eivot. Na podujat\u00ed ho sprev\u00e1dzala jeho man\u017eelka Nad\u011b\u017eda, s ktorou si symbolicky pripili na \u00faspech publik\u00e1cie. Herec a spisovate\u013e sa na verejnosti objavuje len zriedka \u2013 naposledy bol viden\u00fd v roku 2019 pri krste knihy Haliny Pawlowskej. Tentoraz v\u0161ak i\u0161lo o jeho vlastn\u00e9 dielo, preto bola jeho \u00fa\u010das\u0165 samozrejm\u00e1. Kniha s n\u00e1zvom \u201eP\u011btat\u0159icet domov\u016f a jeden psac\u00ed stroj\u201c vznikla ako s\u00e9ria rozhovorov s historikom Ji\u0159\u00edm Padev\u011btom.<\/p>\n<p>Kraus v nej otvorene rozpr\u00e1va o detstve, ktor\u00e9 v\u00fdrazne ovplyvnil osud jeho otca \u2013 \u017eidovsk\u00e9ho pre\u017eiv\u0161ieho z Osvien\u010dimu. Spom\u00edna aj na n\u00e1ro\u010dn\u00e9 obdobie 50. rokov, vojensk\u00fa slu\u017ebu \u010di \u017eivot herca, ktor\u00fd ho zaviedol do r\u00f4znych divadiel doma aj v zahrani\u010d\u00ed. Publik\u00e1cia zachyt\u00e1va aj jeho sk\u00fasenosti z emigr\u00e1cie po roku 1968, ktor\u00fa absolvoval spolu so svojou man\u017eelkou Na\u010fou, a tie\u017e stretnutia s v\u00fdznamn\u00fdmi osobnos\u0165ami \u010deskej kult\u00fary. Po\u010das krstu mu bola Nad\u011b\u017eda ve\u013ekou oporou a bolo zrejm\u00e9, \u017ee ich vz\u0165ah je aj po rokoch pevn\u00fd.<\/p>\n<p>Zauj\u00edmavos\u0165ou je, \u017ee Nad\u011b\u017eda bola kedysi vydat\u00e1 za herca Lu\u010fka Munzara, no napokon sa jej \u017eivotn\u00fdm partnerom stal Ivan Kraus. Svadbu mali v roku 1967 a \u010doskoro osl\u00e1via v\u00fdznamn\u00e9, \u0161es\u0165desiate v\u00fdro\u010die spolo\u010dn\u00e9ho \u017eivota. Ivan Kraus je od svojho brata o 14 rokov star\u0161\u00ed, no ich podoba je a\u017e zar\u00e1\u017eaj\u00faca. Maj\u00fa rovnak\u00e9 \u010drty \u2013 o\u010di, nos aj \u00fasmev \u2013 a na prv\u00fd poh\u013ead je jasn\u00e9, \u017ee s\u00fa s\u00farodenci. Mnoh\u00fdm v\u0161ak neuniklo, \u017ee Ivan v poslednom obdob\u00ed v\u00fdrazne schudol a p\u00f4sob\u00ed krehkej\u0161ie. \u010ci za t\u00fdm stoja zdravotn\u00e9 probl\u00e9my, v\u0161ak nie je zn\u00e1me. Hoci Kraus vidite\u013ene schudol, nestr\u00e1cal dobr\u00fa n\u00e1ladu a rozd\u00e1val \u00fasmevy na v\u0161etky strany.<\/p>\n<p>\t<a href=\"https:\/\/www.topky.sk\/gl\/9558037\/6449659\/Brat--87--Jana-Krausa-po-dlhej-dobe-v-spolocnosti--Ani-ho-nespoznate----Chradne-pred-ocami\" rel=\"nofollow noopener\" target=\"_blank\"><br \/>\n\t\t<img decoding=\"async\" alt=\"Ivan Kraus s man\u017eelkou\" aria-describedby=\"img-res-6449659\" class=\"\" id=\"6449659\" loading=\"lazy\" onerror=\"imgArticleLoadErr(this)\" src=\"https:\/\/www.europesays.com\/sk\/wp-content\/uploads\/2026\/04\/Ivan-Kraus-s-manzelkou.jpg\" style=\"aspect-ratio:0.678\" title=\"Ivan Kraus s man\u017eelkou\"\/>\t\t\t<\/p>\n<p>\n\t\t\t\tZobrazi\u0165 gal\u00e9riu (5)\t\t\t<\/p>\n<p>\t<\/a><\/p>\n<p>Ivan Kraus s man\u017eelkou\t\u00a0(Zdroj: Profimedia)<\/p>\n","protected":false},"excerpt":{"rendered":"PRAHA &#8211; Jan Kraus patr\u00ed medzi najv\u00fdraznej\u0161ie tv\u00e1re \u010deskej telev\u00edzie a nemenej zn\u00e1my je aj pr\u00edbeh jeho star\u0161ieho&hellip;\n","protected":false},"author":2,"featured_media":34217,"comment_status":"","ping_status":"","sticky":false,"template":"","format":"standard","meta":{"footnotes":"","_share_on_mastodon":"0"},"categories":[20],"tags":[127,126,70,128,15309,9164,43,129,40,39,42,41,71],"class_list":["post-34216","post","type-post","status-publish","format-standard","has-post-thumbnail","category-slavne-osobnosti","tag-celebrities","tag-celebrity","tag-entertainment","tag-famous-people","tag-ivan-kraus","tag-jan-kraus","tag-sk","tag-slavne-osobnosti","tag-slovak","tag-slovakia","tag-slovencina","tag-slovensko","tag-zabava"],"share_on_mastodon":{"url":"https:\/\/pubeurope.com\/@sk\/116332619520498403","error":""},"_links":{"self":[{"href":"https:\/\/www.europesays.com\/sk\/wp-json\/wp\/v2\/posts\/34216","targetHints":{"allow":["GET"]}}],"collection":[{"href":"https:\/\/www.europesays.com\/sk\/wp-json\/wp\/v2\/posts"}],"about":[{"href":"https:\/\/www.europesays.com\/sk\/wp-json\/wp\/v2\/types\/post"}],"author":[{"embeddable":true,"href":"https:\/\/www.europesays.com\/sk\/wp-json\/wp\/v2\/users\/2"}],"replies":[{"embeddable":true,"href":"https:\/\/www.europesays.com\/sk\/wp-json\/wp\/v2\/comments?post=34216"}],"version-history":[{"count":0,"href":"https:\/\/www.europesays.com\/sk\/wp-json\/wp\/v2\/posts\/34216\/revisions"}],"wp:featuredmedia":[{"embeddable":true,"href":"https:\/\/www.europesays.com\/sk\/wp-json\/wp\/v2\/media\/34217"}],"wp:attachment":[{"href":"https:\/\/www.europesays.com\/sk\/wp-json\/wp\/v2\/media?parent=34216"}],"wp:term":[{"taxonomy":"category","embeddable":true,"href":"https:\/\/www.europesays.com\/sk\/wp-json\/wp\/v2\/categories?post=34216"},{"taxonomy":"post_tag","embeddable":true,"href":"https:\/\/www.europesays.com\/sk\/wp-json\/wp\/v2\/tags?post=34216"}],"curies":[{"name":"wp","href":"https:\/\/api.w.org\/{rel}","templated":true}]}}