{"id":37635,"date":"2026-04-06T13:42:06","date_gmt":"2026-04-06T13:42:06","guid":{"rendered":"https:\/\/www.europesays.com\/sk\/37635\/"},"modified":"2026-04-06T13:42:06","modified_gmt":"2026-04-06T13:42:06","slug":"nalez-pocas-velkej-noci-spustil-masivny-zasah","status":"publish","type":"post","link":"https:\/\/www.europesays.com\/sk\/37635\/","title":{"rendered":"N\u00e1lez po\u010das Ve\u013ekej noci spustil mas\u00edvny z\u00e1sah!"},"content":{"rendered":"<p>BERL\u00cdN &#8211; Dvaja obyvatelia mesta Vaihingen na juhoz\u00e1pade Nemecka objavili na svojej z\u00e1hrade pri nede\u013enom h\u013eadan\u00ed ve\u013ekono\u010dn\u00fdch vaj\u00ed\u010dok n\u00e1dobku s n\u00e1pisom upozor\u0148uj\u00facim na nebezpe\u010dn\u00fd izotop r\u00e1dioakt\u00edvneho prvku polonia. N\u00e1lez viedol k rozsiahlemu z\u00e1sahu a n\u00e1sledn\u00e9mu vyhl\u00e1seniu \u00faradov, \u017ee verejnosti nehroz\u00ed \u017eiadne nebezpe\u010denstvo. Agent\u00fara DPA dnes informovala, \u017ee obsah n\u00e1doby prever\u00ed po ve\u013ekono\u010dn\u00fdch sviatkoch experti.<\/p>\n<p>N\u00e1pis na f\u013ea\u0161ke odkazoval na Pol\u00f3nium 210, \u010do je pre \u010dloveka vysoko toxick\u00fd izotop polonia. Na otravu t\u00fdmto izotopom v Brit\u00e1nii v roku 2006 zomrel b\u00fdval\u00fd rusk\u00fd agent Alexander Litvinenko, ktor\u00fd pred smr\u0165ou obvinil zo svojej vra\u017edy rusk\u00e9ho prezidenta Vladimira Putina. Litvinenko v roku 2001 z\u00edskal politick\u00fd azyl v Brit\u00e1nii, prijal britsk\u00e9 ob\u010dianstvo a pracoval pre britsk\u00fa tajn\u00fa slu\u017ebu.<\/p>\n<p>Na z\u00e1sahu vo Vaihingene v spolkovej krajine B\u00e1densko-W\u00fcrttembersko sa podie\u013ealo na 140 hasi\u010dov vr\u00e1tane \u0161peci\u00e1lne vy\u0161kolen\u00fdch z\u00e1chran\u00e1rov v ochrann\u00fdch oblekoch. Meranie na mieste neuk\u00e1zalo na \u017eiadnu zv\u00fd\u0161en\u00fa radi\u00e1ciu, hasi\u010di v\u0161ak pod\u013ea dpa na z\u00e1klade vzh\u013eadu a hmotnosti vyhodnotili f\u013ea\u0161u a jej obsah ako prav\u00fd.<\/p>\n<p>N\u00e1dobku odviezlo zemsk\u00e9 ministerstvo \u017eivotn\u00e9ho prostredia, ktor\u00e9ho experti najsk\u00f4r v pondelok vykonaj\u00fa anal\u00fdzu n\u00e1lezu. V pr\u00edpade potreby sa postaraj\u00fa aj o dekontamin\u00e1ciu. \u010ci f\u013ea\u0161ti\u010dka naozaj obsahovala polonium 210 bude jasn\u00e9 po Ve\u013ekej noci. Magaz\u00edn Der Spiegel dnes na svojom webe nap\u00edsal, \u017ee je mo\u017en\u00e9, \u017ee obsah nie je nebezpe\u010dn\u00fd, ale \u017ee niekto na etiketu z\u00e1merne a vymyslene nap\u00edsal varovanie pred pol\u00f3niom 210.<\/p>\n","protected":false},"excerpt":{"rendered":"BERL\u00cdN &#8211; Dvaja obyvatelia mesta Vaihingen na juhoz\u00e1pade Nemecka objavili na svojej z\u00e1hrade pri nede\u013enom h\u013eadan\u00ed ve\u013ekono\u010dn\u00fdch vaj\u00ed\u010dok&hellip;\n","protected":false},"author":2,"featured_media":37636,"comment_status":"","ping_status":"","sticky":false,"template":"","format":"standard","meta":{"footnotes":"","_share_on_mastodon":"0"},"categories":[8],"tags":[16499,236,33,16498,43,40,42,36,50,16500,49,48],"class_list":["post-37635","post","type-post","status-publish","format-standard","has-post-thumbnail","category-svet","tag-izotop","tag-nemecko","tag-news","tag-polonium","tag-sk","tag-slovak","tag-slovencina","tag-spravy","tag-svet","tag-vaihingen","tag-world","tag-world-news"],"share_on_mastodon":{"url":"https:\/\/pubeurope.com\/@sk\/116358056727933359","error":""},"_links":{"self":[{"href":"https:\/\/www.europesays.com\/sk\/wp-json\/wp\/v2\/posts\/37635","targetHints":{"allow":["GET"]}}],"collection":[{"href":"https:\/\/www.europesays.com\/sk\/wp-json\/wp\/v2\/posts"}],"about":[{"href":"https:\/\/www.europesays.com\/sk\/wp-json\/wp\/v2\/types\/post"}],"author":[{"embeddable":true,"href":"https:\/\/www.europesays.com\/sk\/wp-json\/wp\/v2\/users\/2"}],"replies":[{"embeddable":true,"href":"https:\/\/www.europesays.com\/sk\/wp-json\/wp\/v2\/comments?post=37635"}],"version-history":[{"count":0,"href":"https:\/\/www.europesays.com\/sk\/wp-json\/wp\/v2\/posts\/37635\/revisions"}],"wp:featuredmedia":[{"embeddable":true,"href":"https:\/\/www.europesays.com\/sk\/wp-json\/wp\/v2\/media\/37636"}],"wp:attachment":[{"href":"https:\/\/www.europesays.com\/sk\/wp-json\/wp\/v2\/media?parent=37635"}],"wp:term":[{"taxonomy":"category","embeddable":true,"href":"https:\/\/www.europesays.com\/sk\/wp-json\/wp\/v2\/categories?post=37635"},{"taxonomy":"post_tag","embeddable":true,"href":"https:\/\/www.europesays.com\/sk\/wp-json\/wp\/v2\/tags?post=37635"}],"curies":[{"name":"wp","href":"https:\/\/api.w.org\/{rel}","templated":true}]}}