{"id":37928,"date":"2026-04-06T21:26:11","date_gmt":"2026-04-06T21:26:11","guid":{"rendered":"https:\/\/www.europesays.com\/sk\/37928\/"},"modified":"2026-04-06T21:26:11","modified_gmt":"2026-04-06T21:26:11","slug":"velkonocny-raj-pre-bakterie-hygienicka-prehovorila-o-najcastejsich-chybach-robite-ich-aj-vy","status":"publish","type":"post","link":"https:\/\/www.europesays.com\/sk\/37928\/","title":{"rendered":"Ve\u013ekono\u010dn\u00fd raj pre bakt\u00e9rie: Hygieni\u010dka prehovorila o naj\u010dastej\u0161\u00edch chyb\u00e1ch, rob\u00edte ich aj vy"},"content":{"rendered":"<p>Kraslice, varen\u00e9 vaj\u00ed\u010dka, z\u00e1kusky \u010di hrudka. Spotreba vajec je na Ve\u013ek\u00fa noc v mnoh\u00fdch dom\u00e1cnostiach obrovsk\u00e1. Viete v\u0161ak, ako s nimi manipulova\u0165 tak, aby ste neohrozil seba alebo in\u00fdch? Hygieni\u010dka Mgr. Bc. Josef\u00edna Ad\u017ei\u010d n\u00e1m vo \u201evaj\u00ed\u010dkovom \u0161peci\u00e1li\u201c prezradila v\u0161etko d\u00f4le\u017eit\u00e9, \u010do by ste mali o vaj\u00ed\u010dkach vedie\u0165.<\/p>\n<p>Um\u00fdva\u0165 \u010di neum\u00fdva\u0165?<\/p>\n<p>\u201eVe\u013ek\u00e1 noc je spojen\u00e1 s trad\u00edciami, ktor\u00e9 maj\u00fa svoje pevn\u00e9 miesto v ka\u017edej dom\u00e1cnosti. \u0160iba\u010dka, sladkosti, rodinn\u00e9 stretnutia\u2026 a predov\u0161etk\u00fdm vaj\u00ed\u010dka vo v\u0161etk\u00fdch mo\u017en\u00fdch podob\u00e1ch. Ma\u013eovan\u00e9, varen\u00e9, zdoben\u00e9, darovan\u00e9. Na prv\u00fd poh\u013ead ide o nevinn\u00fa a kr\u00e1snu trad\u00edciu. Pri bli\u017e\u0161om poh\u013eade v\u0161ak zist\u00edme, \u017ee pr\u00e1ve vajcia patria medzi potraviny, ktor\u00e9 si zasl\u00fa\u017eia zv\u00fd\u0161en\u00fa pozornos\u0165 z h\u013eadiska hygieny,\u201c vysvet\u013euje hygieni\u010dka <a href=\"https:\/\/www.instagram.com\/hygienikvakci\/\" target=\"_blank\" rel=\"noopener nofollow\">Mgr. Bc. Josef\u00edna Ad\u017ei\u010d<\/a>.<\/p>\n<p>Dod\u00e1va, \u017ee nejde o stra\u0161enie, ale o realitu. \u201eVajcia s\u00fa toti\u017e prirodzene citlivou potravinou a pri nespr\u00e1vnom zaobch\u00e1dzan\u00ed m\u00f4\u017eu predstavova\u0165 mikrobiologick\u00e9 riziko. Dobr\u00e1 spr\u00e1va je, \u017ee v\u00e4\u010d\u0161ine probl\u00e9mov sa d\u00e1 ve\u013emi jednoducho pred\u00eds\u0165, sta\u010d\u00ed vedie\u0165, na \u010do si da\u0165 pozor.\u201c<\/p>\n<p>Jednou z vec\u00ed, na ktor\u00fa by sme si mali d\u00e1va\u0165 pozor, je pod\u013ea slov Mgr. Bc. Ad\u017ei\u010d \u0161krupina. \u201e\u0160krupina nie je len mechanick\u00e1 ochrana. Je pokryt\u00e1 tenkou ochrannou vrstvou, tzv. kutikulou, ktor\u00e1 br\u00e1ni prenikaniu mikroorganizmov dovn\u00fatra. Tento prirodzen\u00fd \u201e\u0161t\u00edt\u201c v\u0161ak nie je nezni\u010dite\u013en\u00fd.\u201c<\/p>\n<p><a href=\"https:\/\/www.interez.sk\/?attachment_id=789064\" rel=\"attachment wp-att-789064 nofollow noopener\" target=\"_blank\"><img loading=\"lazy\" decoding=\"async\" class=\"wp-image-789064 size-full\" src=\"data:image\/svg+xml,%3Csvg%20xmlns=\" http:=\"\" alt=\"\" width=\"1600\" height=\"1067\" data-lazy- data-lazy- data-lazy-src=\"https:\/\/www.europesays.com\/sk\/wp-content\/uploads\/2026\/04\/vajcia-1.jpg\"\/><img loading=\"lazy\" decoding=\"async\" class=\"wp-image-789064 size-full\" src=\"https:\/\/www.europesays.com\/sk\/wp-content\/uploads\/2026\/04\/vajcia-1.jpg\" alt=\"\" width=\"1600\" height=\"1067\"  \/><\/a>Foto: Unsplash<br \/>\nSem vaj\u00ed\u010dka nepatria<\/p>\n<p>Len \u010do d\u00f4jde k jeho naru\u0161eniu, napr\u00edklad nevhodn\u00fdm um\u00fdvan\u00edm, prasklinou alebo dlhodob\u00fdm p\u00f4soben\u00edm vlhkosti a tepla, jeho ochrann\u00e1 funkcia sa zni\u017euje. A pr\u00e1ve v tak\u00fdch chv\u00ed\u013each m\u00f4\u017eu bakt\u00e9rie, napr\u00edklad rodu Salmonella, prenikn\u00fa\u0165 dovn\u00fatra vajca.<\/p>\n<p>\u201cMimoriadne d\u00f4le\u017eit\u00e9 je aj to, ako vaj\u00ed\u010dka usklad\u0148ujete. \u201eSpr\u00e1vne skladovanie vajec je \u010dasto podce\u0148ovan\u00e9, pritom pr\u00e1ve tu sa za\u010d\u00edna bezpe\u010dnos\u0165 celej ve\u013ekono\u010dnej \u201evaje\u010dnej misie\u201c. Typick\u00fd scen\u00e1r \u2013 vajcia le\u017eia na kuchynskej linke, preto\u017ee \u201esa bud\u00fa \u010doskoro vari\u0165\u201c. Realita je v\u0161ak tak\u00e1, \u017ee si bakt\u00e9rie medzit\u00fdm d\u00e1vaj\u00fa mal\u00fa oslavu.\u201c<\/p>\n<p>Odborn\u00ed\u010dka zd\u00f4raz\u0148uje, \u017ee vhodn\u00e9 nie je ani odkladanie vajec do dver\u00ed chladni\u010dky, kde doch\u00e1dza k \u010dast\u00fdm teplotn\u00fdm v\u00fdkyvom. \u201eA potom je tu ob\u013e\u00faben\u00e9 um\u00fdvanie vajec hne\u010f po n\u00e1kupe, \u010do s\u00edce p\u00f4sob\u00ed hygienicky, ale v skuto\u010dnosti doch\u00e1dza k odstr\u00e1neniu ochrannej vrstvy kutikuly a zvy\u0161uje sa riziko kontamin\u00e1cie,\u201c dozved\u00e1me sa.<\/p>\n<p><a href=\"https:\/\/www.interez.sk\/?attachment_id=789066\" rel=\"attachment wp-att-789066 nofollow noopener\" target=\"_blank\"><img loading=\"lazy\" decoding=\"async\" class=\"wp-image-789066 size-full\" src=\"data:image\/svg+xml,%3Csvg%20xmlns=\" http:=\"\" alt=\"\" width=\"1600\" height=\"1067\" data-lazy- data-lazy- data-lazy-src=\"https:\/\/www.europesays.com\/sk\/wp-content\/uploads\/2026\/04\/vajcia-2.jpg\"\/><img loading=\"lazy\" decoding=\"async\" class=\"wp-image-789066 size-full\" src=\"https:\/\/www.europesays.com\/sk\/wp-content\/uploads\/2026\/04\/vajcia-2.jpg\" alt=\"\" width=\"1600\" height=\"1067\"  \/><\/a>Foto: Unsplash<br \/>\nAko ich spr\u00e1vne uvari\u0165?<\/p>\n<p>\u201eSpr\u00e1vny postup je pritom jednoduch\u00fd. Vajcia skladujte v chladni\u010dke pri stabilnej teplote \u2013 ide\u00e1lne medzi 5 a\u017e 8 \u00b0C, ak ich skladujete v \u0161pajze, tak pri teplote, ktor\u00e1 by nemala presiahnu\u0165 18 \u00b0C, a um\u00fdvajte ich a\u017e tesne pred pou\u017eit\u00edm,\u201c vysvet\u013euje hygieni\u010dka.<\/p>\n<p>Vaj\u00ed\u010dka ste mo\u017eno u\u017e aj vy varili tis\u00edckr\u00e1t a pripad\u00e1 v\u00e1m to ako ban\u00e1lny \u00fakon. Ide v\u0161ak o k\u013e\u00fa\u010dov\u00fd krok. \u201eNedostato\u010dn\u00e1 tepeln\u00e1 \u00faprava m\u00f4\u017ee umo\u017eni\u0165 pre\u017eitie ne\u017eiaducich mikroorganizmov. Na ve\u013ekono\u010dn\u00e9 \u00fa\u010dely je vhodn\u00e9 voli\u0165 vajcia uvaren\u00e9 natvrdo, teda s dobou varu minim\u00e1lne 10 min\u00fat. Tento \u010das zabezpe\u010d\u00ed, \u017ee bielok aj \u017e\u013atok dosiahnu dostato\u010dn\u00fa teplotu na elimin\u00e1ciu v\u00e4\u010d\u0161iny patog\u00e9nov,\u201c zis\u0165ujeme.<\/p>\n<p>Hygieni\u010dka pr\u00edzvukuje, \u017ee rovnako d\u00f4le\u017eit\u00e9 je aj n\u00e1sledn\u00e9 r\u00fdchle schladenie. \u201eVajcia by mali by\u0165 po uvaren\u00ed \u010do najsk\u00f4r ochladen\u00e9 studenou vodou. Tento krok nielen zastav\u00ed proces varenia, ale z\u00e1rove\u0148 obmedzuje podmienky pre mno\u017eenie bakt\u00e9ri\u00ed. R\u00fdchle schladenie nie je len kuch\u00e1rsky trik, aby sa vajcia lep\u0161ie l\u00fapali, ale aj hygienick\u00fd z\u00e1klad.\u201c<\/p>\n<p><a href=\"https:\/\/www.interez.sk\/?attachment_id=789069\" rel=\"attachment wp-att-789069 nofollow noopener\" target=\"_blank\"><img loading=\"lazy\" decoding=\"async\" class=\"wp-image-789069 size-full\" src=\"data:image\/svg+xml,%3Csvg%20xmlns=\" http:=\"\" alt=\"\" width=\"1300\" height=\"867\" data-lazy- data-lazy- data-lazy-src=\"https:\/\/www.europesays.com\/sk\/wp-content\/uploads\/2026\/04\/vajcia-3.jpg\"\/><img loading=\"lazy\" decoding=\"async\" class=\"wp-image-789069 size-full\" src=\"https:\/\/www.europesays.com\/sk\/wp-content\/uploads\/2026\/04\/vajcia-3.jpg\" alt=\"\" width=\"1300\" height=\"867\"  \/><\/a>Foto: Pexels<br \/>\nRaj pre bakt\u00e9rie<br \/>\n<script async src=\"\/\/www.instagram.com\/embed.js\"><\/script><\/p>\n","protected":false},"excerpt":{"rendered":"Kraslice, varen\u00e9 vaj\u00ed\u010dka, z\u00e1kusky \u010di hrudka. Spotreba vajec je na Ve\u013ek\u00fa noc v mnoh\u00fdch dom\u00e1cnostiach obrovsk\u00e1. Viete v\u0161ak,&hellip;\n","protected":false},"author":2,"featured_media":37929,"comment_status":"","ping_status":"","sticky":false,"template":"","format":"standard","meta":{"footnotes":"","_share_on_mastodon":"0"},"categories":[6],"tags":[16621,43,40,44,39,42,45,41,16622,6877],"class_list":["post-37928","post","type-post","status-publish","format-standard","has-post-thumbnail","category-slovensko","tag-hygiena","tag-sk","tag-slovak","tag-slovak-republic","tag-slovakia","tag-slovencina","tag-slovenska-republika","tag-slovensko","tag-vajcia","tag-velka-noc"],"share_on_mastodon":{"url":"https:\/\/pubeurope.com\/@sk\/116359881441060909","error":""},"_links":{"self":[{"href":"https:\/\/www.europesays.com\/sk\/wp-json\/wp\/v2\/posts\/37928","targetHints":{"allow":["GET"]}}],"collection":[{"href":"https:\/\/www.europesays.com\/sk\/wp-json\/wp\/v2\/posts"}],"about":[{"href":"https:\/\/www.europesays.com\/sk\/wp-json\/wp\/v2\/types\/post"}],"author":[{"embeddable":true,"href":"https:\/\/www.europesays.com\/sk\/wp-json\/wp\/v2\/users\/2"}],"replies":[{"embeddable":true,"href":"https:\/\/www.europesays.com\/sk\/wp-json\/wp\/v2\/comments?post=37928"}],"version-history":[{"count":0,"href":"https:\/\/www.europesays.com\/sk\/wp-json\/wp\/v2\/posts\/37928\/revisions"}],"wp:featuredmedia":[{"embeddable":true,"href":"https:\/\/www.europesays.com\/sk\/wp-json\/wp\/v2\/media\/37929"}],"wp:attachment":[{"href":"https:\/\/www.europesays.com\/sk\/wp-json\/wp\/v2\/media?parent=37928"}],"wp:term":[{"taxonomy":"category","embeddable":true,"href":"https:\/\/www.europesays.com\/sk\/wp-json\/wp\/v2\/categories?post=37928"},{"taxonomy":"post_tag","embeddable":true,"href":"https:\/\/www.europesays.com\/sk\/wp-json\/wp\/v2\/tags?post=37928"}],"curies":[{"name":"wp","href":"https:\/\/api.w.org\/{rel}","templated":true}]}}