{"id":38163,"date":"2026-04-07T08:46:07","date_gmt":"2026-04-07T08:46:07","guid":{"rendered":"https:\/\/www.europesays.com\/sk\/38163\/"},"modified":"2026-04-07T08:46:07","modified_gmt":"2026-04-07T08:46:07","slug":"petrzalka-spusta-komunitnu-akciu-zameranu-na-cistenie-mestskej-casti","status":"publish","type":"post","link":"https:\/\/www.europesays.com\/sk\/38163\/","title":{"rendered":"Petr\u017ealka sp\u00fa\u0161\u0165a komunitn\u00fa akciu zameran\u00fa na \u010distenie mestskej \u010dasti"},"content":{"rendered":"<p>Bratislava 7. apr\u00edla (TASR) &#8211; Bratislavsk\u00e1 Petr\u017ealka sp\u00fa\u0161\u0165a komunitn\u00fa akciu, ktor\u00e1 je zameran\u00e1 na \u010distenie mestskej \u010dasti. Prebieha\u0165 bude do 30. apr\u00edla a podpor\u00ed v\u0161etk\u00fdch, ktor\u00fdm z\u00e1le\u017e\u00ed na pr\u00edrode. Informuje o tom na svojom webe i soci\u00e1lnej sieti. <\/p>\n<p>\u201eZoberte deti, susedov \u010di kamar\u00e1tov a pom\u00f4\u017ete vytvori\u0165 zo zelenej e\u0161te zelen\u0161iu Petr\u017ealku,\u201c poz\u00fdva samospr\u00e1va. <\/p>\n<p>Sta\u010d\u00ed, ak si z\u00e1ujemcovia o \u201eupratovanie a \u010distenie\u201c pr\u00eddu pre vrecia na odpad a rukavice na miestny \u00farad po\u010das str\u00e1nkov\u00fdch hod\u00edn, a to do kancel\u00e1rie 412. Po vy\u010disten\u00ed vybranej lokality ju spolu s v\u00fdsledkom odfotia a po\u0161l\u00fa na telef\u00f3nne \u010d\u00edslo 0947 487 047 alebo prostredn\u00edctvom e-mailovej adresy kristina.moron@petrzalka.sk.  Rovnako tak je potrebn\u00e9 nahl\u00e1ste miesto, kde \u201eupratova\u010di\u201c nechali vrecia s odpadom, ich odvoz zabezpe\u010d\u00ed mestsk\u00e1 \u010das\u0165.<\/p>\n","protected":false},"excerpt":{"rendered":"Bratislava 7. apr\u00edla (TASR) &#8211; Bratislavsk\u00e1 Petr\u017ealka sp\u00fa\u0161\u0165a komunitn\u00fa akciu, ktor\u00e1 je zameran\u00e1 na \u010distenie mestskej \u010dasti. Prebieha\u0165&hellip;\n","protected":false},"author":2,"featured_media":38164,"comment_status":"","ping_status":"","sticky":false,"template":"","format":"standard","meta":{"footnotes":"","_share_on_mastodon":"0"},"categories":[21],"tags":[1232,1095,136,3302,16733,2118,43,40,39,42,41],"class_list":["post-38163","post","type-post","status-publish","format-standard","has-post-thumbnail","category-bratislava","tag-akcia","tag-bax","tag-bratislava","tag-cistenie","tag-komunitna","tag-petrzalka","tag-sk","tag-slovak","tag-slovakia","tag-slovencina","tag-slovensko"],"share_on_mastodon":{"url":"https:\/\/pubeurope.com\/@sk\/116362555229697886","error":""},"_links":{"self":[{"href":"https:\/\/www.europesays.com\/sk\/wp-json\/wp\/v2\/posts\/38163","targetHints":{"allow":["GET"]}}],"collection":[{"href":"https:\/\/www.europesays.com\/sk\/wp-json\/wp\/v2\/posts"}],"about":[{"href":"https:\/\/www.europesays.com\/sk\/wp-json\/wp\/v2\/types\/post"}],"author":[{"embeddable":true,"href":"https:\/\/www.europesays.com\/sk\/wp-json\/wp\/v2\/users\/2"}],"replies":[{"embeddable":true,"href":"https:\/\/www.europesays.com\/sk\/wp-json\/wp\/v2\/comments?post=38163"}],"version-history":[{"count":0,"href":"https:\/\/www.europesays.com\/sk\/wp-json\/wp\/v2\/posts\/38163\/revisions"}],"wp:featuredmedia":[{"embeddable":true,"href":"https:\/\/www.europesays.com\/sk\/wp-json\/wp\/v2\/media\/38164"}],"wp:attachment":[{"href":"https:\/\/www.europesays.com\/sk\/wp-json\/wp\/v2\/media?parent=38163"}],"wp:term":[{"taxonomy":"category","embeddable":true,"href":"https:\/\/www.europesays.com\/sk\/wp-json\/wp\/v2\/categories?post=38163"},{"taxonomy":"post_tag","embeddable":true,"href":"https:\/\/www.europesays.com\/sk\/wp-json\/wp\/v2\/tags?post=38163"}],"curies":[{"name":"wp","href":"https:\/\/api.w.org\/{rel}","templated":true}]}}