{"id":41745,"date":"2026-04-11T11:20:08","date_gmt":"2026-04-11T11:20:08","guid":{"rendered":"https:\/\/www.europesays.com\/sk\/41745\/"},"modified":"2026-04-11T11:20:08","modified_gmt":"2026-04-11T11:20:08","slug":"krizovatka-pre-samuela-hlavaja-minnesota-iny-klub-nhl-europa-ci-rusko","status":"publish","type":"post","link":"https:\/\/www.europesays.com\/sk\/41745\/","title":{"rendered":"Kri\u017eovatka pre Samuela Hlavaja: Minnesota, in\u00fd klub NHL, Eur\u00f3pa \u010di Rusko?"},"content":{"rendered":"<p>Bud\u00facnos\u0165 slovensk\u00e9ho hokejov\u00e9ho brank\u00e1ra Samuela Hlavaja je st\u00e1le otvoren\u00e1.<\/p>\n<p>Po sez\u00f3ne vypr\u0161\u00ed martinsk\u00e9mu rod\u00e1kovi kontrakt s Minnesotou Wild a v\u0161etko nasved\u010duje tomu, \u017ee k jeho pred\u013a\u017eeniu ned\u00f4jde. Hrdina slovensk\u00e9ho n\u00e1rodn\u00e9ho t\u00edmu z olympijsk\u00e9ho turnaja v Mil\u00e1ne tak stoj\u00ed pre novou v\u00fdzvou, pri\u010dom jeho kari\u00e9ra sa m\u00f4\u017ee ubra\u0165 viacer\u00fdmi smermi.<\/p>\n<p>odpor\u00fa\u010dame tie\u017e:<\/p>\n<p><a href=\"https:\/\/sport7.dnes24.sk\/206955\/slovensko-a-zamorske-posily-na-ms-ako-to-vyzera-s-hracmi-z-nhl-a-ahl\" hreflang=\"sk\" rel=\"nofollow noopener\" target=\"_blank\"><img loading=\"lazy\" decoding=\"async\" src=\"https:\/\/www.europesays.com\/sk\/wp-content\/uploads\/2026\/04\/dizajn_bez_nazvu-37.jpg\" width=\"270\" height=\"138\" alt=\"Dalibor Dvorsk\u00fd (SITA)\" typeof=\"foaf:Image\" class=\"img-responsive\"\/><\/a>Eur\u00f3pa?<\/p>\n<p>D\u00e1 sa poveda\u0165, \u017ee Hlavaj u\u017e teraz bojuje o zotrvanie za morom. V noci si prip\u00edsal v\u00fdborn\u00fd v\u00fdkon a patril k l\u00eddrom Iowy. S \u010dist\u00fdm kontom a dvomi asistenciami prep\u00edsal historick\u00e9 tabu\u013eky. Do konca z\u00e1kladnej \u010dasti ost\u00e1va e\u0161te p\u00e1r z\u00e1pasov, v ktor\u00fdch Hlavaj m\u00f4\u017ee presved\u010di\u0165 o svojich kvalit\u00e1ch aj na klubovej \u00farovni.<\/p>\n<p>N\u00e1vrat do Eur\u00f3py? Nie je to vyl\u00fa\u010den\u00e9. O <a href=\"https:\/\/www.nhl.com\/sk\/player\/samuel-hlavaj-8482085\" rel=\"nofollow noopener\" target=\"_blank\">Hlavaja<\/a> je na trhu ve\u013ek\u00fd z\u00e1ujem. U\u017e v minulosti sa objavili inform\u00e1cie o tom, \u017ee do hry o jednotku slovensk\u00e9ho n\u00e1rodn\u00e9ho t\u00edmu vstupuj\u00fa t\u00edmy z popredn\u00fdch l\u00edg ako rusk\u00e1 KHL, \u0161vaj\u010diarska NL \u010di \u0161v\u00e9dska SHL. Situ\u00e1cia sa teda m\u00f4\u017ee pohn\u00fa\u0165 aj t\u00fdmto smerom.<\/p>\n<p>odpor\u00fa\u010dame tie\u017e:<\/p>\n<p><a href=\"https:\/\/sport7.dnes24.sk\/206993\/skvele-cisla-a-rychly-progres-adam-gajan-stupa-v-organizacii-blackhawks\" hreflang=\"sk\" rel=\"nofollow noopener\" target=\"_blank\"><img loading=\"lazy\" decoding=\"async\" src=\"https:\/\/www.europesays.com\/sk\/wp-content\/uploads\/2026\/04\/adam-gajan-draft-nhl-scaled-1.jpg\" width=\"270\" height=\"138\" alt=\"Adam Gajan (SITA)\" typeof=\"foaf:Image\" class=\"img-responsive\"\/><\/a>Minnesota je na \u0165ahu<\/p>\n<p>Ponecha\u0165 si ho v\u0161ak m\u00f4\u017ee aj Minnesota. V\u0161etci vieme, \u017ee za morom sa \u010dastokr\u00e1t testuje odolnos\u0165 hr\u00e1\u010da a to, \u010di je vhodn\u00fd pre t\u00edm z najlep\u0161ej hokejovej ligy sveta. Hlavaj si aktu\u00e1lne tak\u00fdmto testom prech\u00e1dza a m\u00f4\u017ee sa sta\u0165, \u017ee Wild mu po sez\u00f3ne, mo\u017eno trochu prekvapivo, pon\u00faknu nov\u00fd kontrakt.<\/p>\n","protected":false},"excerpt":{"rendered":"Bud\u00facnos\u0165 slovensk\u00e9ho hokejov\u00e9ho brank\u00e1ra Samuela Hlavaja je st\u00e1le otvoren\u00e1. Po sez\u00f3ne vypr\u0161\u00ed martinsk\u00e9mu rod\u00e1kovi kontrakt s Minnesotou Wild&hellip;\n","protected":false},"author":2,"featured_media":41746,"comment_status":"","ping_status":"","sticky":false,"template":"","format":"standard","meta":{"footnotes":"","_share_on_mastodon":"0"},"categories":[3],"tags":[57,56,55,4732,4392,1529,43,40,42],"class_list":["post-41745","post","type-post","status-publish","format-standard","has-post-thumbnail","category-europa","tag-eu","tag-europa","tag-europe","tag-iowa-wild","tag-minnesota-wild","tag-samuel-hlavaj","tag-sk","tag-slovak","tag-slovencina"],"share_on_mastodon":{"url":"https:\/\/pubeurope.com\/@sk\/116385810044854322","error":""},"_links":{"self":[{"href":"https:\/\/www.europesays.com\/sk\/wp-json\/wp\/v2\/posts\/41745","targetHints":{"allow":["GET"]}}],"collection":[{"href":"https:\/\/www.europesays.com\/sk\/wp-json\/wp\/v2\/posts"}],"about":[{"href":"https:\/\/www.europesays.com\/sk\/wp-json\/wp\/v2\/types\/post"}],"author":[{"embeddable":true,"href":"https:\/\/www.europesays.com\/sk\/wp-json\/wp\/v2\/users\/2"}],"replies":[{"embeddable":true,"href":"https:\/\/www.europesays.com\/sk\/wp-json\/wp\/v2\/comments?post=41745"}],"version-history":[{"count":0,"href":"https:\/\/www.europesays.com\/sk\/wp-json\/wp\/v2\/posts\/41745\/revisions"}],"wp:featuredmedia":[{"embeddable":true,"href":"https:\/\/www.europesays.com\/sk\/wp-json\/wp\/v2\/media\/41746"}],"wp:attachment":[{"href":"https:\/\/www.europesays.com\/sk\/wp-json\/wp\/v2\/media?parent=41745"}],"wp:term":[{"taxonomy":"category","embeddable":true,"href":"https:\/\/www.europesays.com\/sk\/wp-json\/wp\/v2\/categories?post=41745"},{"taxonomy":"post_tag","embeddable":true,"href":"https:\/\/www.europesays.com\/sk\/wp-json\/wp\/v2\/tags?post=41745"}],"curies":[{"name":"wp","href":"https:\/\/api.w.org\/{rel}","templated":true}]}}