{"id":42479,"date":"2026-04-12T12:45:08","date_gmt":"2026-04-12T12:45:08","guid":{"rendered":"https:\/\/www.europesays.com\/sk\/42479\/"},"modified":"2026-04-12T12:45:08","modified_gmt":"2026-04-12T12:45:08","slug":"zakopnutie-ktore-moze-arsenal-stat-titul-dubravka-nezabranil-prehre-burnley","status":"publish","type":"post","link":"https:\/\/www.europesays.com\/sk\/42479\/","title":{"rendered":"Zakopnutie, ktor\u00e9 m\u00f4\u017ee Arsenal st\u00e1\u0165 titul, D\u00fabravka nezabr\u00e1nil prehre Burnley"},"content":{"rendered":"<p>FC Liverpool &#8211; FC Fulham 2:0 (2:0)<br \/>&#13;<br \/>\nG\u00f3ly: 36. Ngumoha, 40. Salah<\/p>\n<p>FC Brentford &#8211; FC Everton 2:2 (1:1)<br \/>&#13;<br \/>\nG\u00f3ly: 3. a 76. Thiago (prv\u00fd z 11 m) &#8211; 26. Beto, 90+1. Dewsbury-Hall<\/p>\n<p>FC Burnley &#8211; Brighton &amp; Hove Albion 0:2 (0:1)<br \/>&#13;<br \/>\nG\u00f3ly: 43. a 89. Wieffer<br \/>&#13;<br \/>\n\/M. D\u00fabravka (Burnley) odchytal cel\u00fd z\u00e1pas\/<\/p>\n<p>FC Arsenal &#8211; AFC Bournemouth 1:2 (1:1)<br \/>&#13;<br \/>\nG\u00f3ly: 35. Gy\u00f6keres (z 11 m) &#8211; 17. Kroupi, 74. Scott \u00a0\u00a0\u00a0<\/p>\n","protected":false},"excerpt":{"rendered":"FC Liverpool &#8211; FC Fulham 2:0 (2:0)&#13; G\u00f3ly: 36. Ngumoha, 40. Salah FC Brentford &#8211; FC Everton 2:2&hellip;\n","protected":false},"author":2,"featured_media":42480,"comment_status":"","ping_status":"","sticky":false,"template":"","format":"standard","meta":{"footnotes":"","_share_on_mastodon":"0"},"categories":[13],"tags":[4216,4689,4217,5803,4215,2649,2646,43,40,39,42,41,69,68],"class_list":["post-42479","post","type-post","status-publish","format-standard","has-post-thumbnail","category-sport","tag-afc-bournemouth","tag-arsenal-fc","tag-brentford-fc","tag-brighton-hove-albion-fc","tag-burnley-fc","tag-everton-fc","tag-premier-league","tag-sk","tag-slovak","tag-slovakia","tag-slovencina","tag-slovensko","tag-sport","tag-sports"],"share_on_mastodon":{"url":"https:\/\/pubeurope.com\/@sk\/116391806408679253","error":""},"_links":{"self":[{"href":"https:\/\/www.europesays.com\/sk\/wp-json\/wp\/v2\/posts\/42479","targetHints":{"allow":["GET"]}}],"collection":[{"href":"https:\/\/www.europesays.com\/sk\/wp-json\/wp\/v2\/posts"}],"about":[{"href":"https:\/\/www.europesays.com\/sk\/wp-json\/wp\/v2\/types\/post"}],"author":[{"embeddable":true,"href":"https:\/\/www.europesays.com\/sk\/wp-json\/wp\/v2\/users\/2"}],"replies":[{"embeddable":true,"href":"https:\/\/www.europesays.com\/sk\/wp-json\/wp\/v2\/comments?post=42479"}],"version-history":[{"count":0,"href":"https:\/\/www.europesays.com\/sk\/wp-json\/wp\/v2\/posts\/42479\/revisions"}],"wp:featuredmedia":[{"embeddable":true,"href":"https:\/\/www.europesays.com\/sk\/wp-json\/wp\/v2\/media\/42480"}],"wp:attachment":[{"href":"https:\/\/www.europesays.com\/sk\/wp-json\/wp\/v2\/media?parent=42479"}],"wp:term":[{"taxonomy":"category","embeddable":true,"href":"https:\/\/www.europesays.com\/sk\/wp-json\/wp\/v2\/categories?post=42479"},{"taxonomy":"post_tag","embeddable":true,"href":"https:\/\/www.europesays.com\/sk\/wp-json\/wp\/v2\/tags?post=42479"}],"curies":[{"name":"wp","href":"https:\/\/api.w.org\/{rel}","templated":true}]}}