{"id":42534,"date":"2026-04-12T14:43:11","date_gmt":"2026-04-12T14:43:11","guid":{"rendered":"https:\/\/www.europesays.com\/sk\/42534\/"},"modified":"2026-04-12T14:43:11","modified_gmt":"2026-04-12T14:43:11","slug":"odhalte-najhlucnejsie-plemena-psov-tito-stvornohi-spolocnici-stekaju-najviac","status":"publish","type":"post","link":"https:\/\/www.europesays.com\/sk\/42534\/","title":{"rendered":"Odha\u013ete najhlu\u010dnej\u0161ie plemen\u00e1 psov: T\u00edto \u0161tvornoh\u00ed spolo\u010dn\u00edci \u0161tekaj\u00fa najviac"},"content":{"rendered":"<p data-start=\"206\" data-end=\"430\">Ke\u010f po\u010dujete psa \u0161teka\u0165, znamen\u00e1 to, \u017ee sa sna\u017e\u00ed komunikova\u0165. Upozor\u0148uje n\u00edm na nebezpe\u010denstvo, vyjadruje rados\u0165, nudu alebo snahu chr\u00e1ni\u0165 svoj domov. Ide o prirodzen\u00e9 spr\u00e1vanie, no je pravda, \u017ee niektor\u00ed \u0161tvornoh\u00ed mil\u00e1\u010dikovia s\u00fa \u201ekomunikat\u00edvnej\u0161\u00ed\u201c ne\u017e ostatn\u00ed. To by nemuselo vyhovova\u0165 \u013eu\u010fom, ktor\u00ed b\u00fdvaj\u00fa v byte alebo t\u00fa\u017eia po\u00a0pokojnej\u0161om a tich\u0161om prostred\u00ed. V\u00fdber psa by si preto mali dobre premyslie\u0165. Niektor\u00e9 plemen\u00e1 toti\u017e \u0161tekaj\u00fa \u010dastej\u0161ie, hlasnej\u0161ie a vytrvalej\u0161ie.<\/p>\n<p>Pre\u010do \u0161tekaj\u00fa viac?<\/p>\n<p data-start=\"206\" data-end=\"430\">Nie je to n\u00e1hoda. Mnoh\u00e9 plemen\u00e1 boli vy\u0161\u013eachten\u00e9 pr\u00e1ve na to, aby boli hlasn\u00e9 \u2013 napr\u00edklad ako str\u00e1\u017ene alebo loveck\u00e9 psy. \u0160tekanie sa tak stalo ich prirodzen\u00fdm \u201epracovn\u00fdm n\u00e1strojom\u201c. Okrem genetiky zohr\u00e1va rolu aj prostredie. Pes, ktor\u00fd sa nud\u00ed, je osamel\u00fd alebo nem\u00e1 dostatok pohybu, bude \u0161teka\u0165 viac bez oh\u013eadu na plemeno. Niektor\u00e9 psy v\u0161ak maj\u00fa k hlasn\u00e9mu prejavu jednoducho bli\u017e\u0161ie.<\/p>\n<p data-start=\"206\" data-end=\"430\">Plemen\u00e1, ktor\u00e9 patria medzi najhlu\u010dnej\u0161ie:<\/p>\n<p>\u010c\u00edm men\u0161\u00ed pes, t\u00fdm hor\u0161ie<\/p>\n<p>Mo\u017eno v\u00e1s prekvap\u00ed tento fakt, ale pr\u00e1ve men\u0161ie plemen\u00e1 b\u00fdvaj\u00fa \u010dasto najhlu\u010dnej\u0161ie. S\u00fa ostra\u017eit\u00e9, energick\u00e9 a maj\u00fa tendenciu reagova\u0165 na ka\u017ed\u00fd podnet. Typick\u00fdm pr\u00edkladom s\u00fa \u010divavy \u010di jork\u0161\u00edrske teri\u00e9ry, ktor\u00e9 dok\u00e1\u017eu upozorni\u0165 na ka\u017ed\u00e9ho okoloid\u00faceho.<\/p>\n<p>Str\u00e1\u017ecovia, ktor\u00ed ber\u00fa svoju \u00falohu v\u00e1\u017ene<\/p>\n<p>Str\u00e1\u017ene plemen\u00e1 maj\u00fa \u0161tekanie \u201ev popise pr\u00e1ce\u201c. Psy ako nemeck\u00fd ov\u010diak alebo doberman s\u00fa prirodzene ostra\u017eit\u00e9 a hlasn\u00e9, ke\u010f maj\u00fa pocit, \u017ee musia ochr\u00e1ni\u0165 svoj priestor i majite\u013ea. Ich \u0161tekanie je s\u00edce opodstatnen\u00e9, no m\u00f4\u017ee by\u0165 \u010dast\u00e9 a intenz\u00edvne.<\/p>\n<p>Loveck\u00e9 psy, ktor\u00e9 musia by\u0165 po\u010du\u0165<\/p>\n<p>Plemen\u00e1 vy\u0161\u013eachten\u00e9 na lov, napr\u00edklad b\u00edgle, boli veden\u00e9 k tomu, aby svojho majite\u013ea upozornili na stopu. V\u00fdsledkom je typick\u00e9 hlasn\u00e9 a vytrval\u00e9 \u201evyvol\u00e1vanie\u201c, ktor\u00e9 m\u00f4\u017ee by\u0165 v dom\u00e1cnosti ne\u017eiad\u00face \u2013 najm\u00e4 ak pes nem\u00e1 dostatok pohybu.<\/p>\n<p>Energick\u00e9 a spolo\u010densk\u00e9 plemen\u00e1<\/p>\n<p>Niektor\u00e9 psy \u0161tekaj\u00fa jednoducho preto, \u017ee miluj\u00fa kontakt. Potrebuj\u00fa pozornos\u0165, hru a interakciu. Ak ju nemaj\u00fa, daj\u00fa o sebe vedie\u0165 hlasn\u00fdm sp\u00f4sobom. Patria sem napr\u00edklad pudle alebo r\u00f4zne typy teri\u00e9rov, ktor\u00e9 s\u00fa inteligentn\u00e9, ale aj ve\u013emi akt\u00edvne.<\/p>\n<p>Pom\u00f4\u017ee v\u00fdchova a dostatok pohybu<\/p>\n<p data-start=\"2235\" data-end=\"2369\">Hoci v rodinnom dome m\u00f4\u017ee by\u0165 hlasn\u00fd pes v\u00fdhodou, ke\u010f\u017ee upozorn\u00ed na n\u00e1v\u0161tevu \u010di nezn\u00e1my pohyb, v byte m\u00f4\u017ee by\u0165 situ\u00e1cia komplikovanej\u0161ia. \u010cast\u00e9 \u0161tekanie m\u00f4\u017ee ru\u0161i\u0165 susedov a sp\u00f4sobova\u0165 stres nielen okoliu, ale aj samotn\u00e9mu majite\u013eovi. Na\u0161\u0165astie, \u0161tekanie psa sa d\u00e1 do ur\u010ditej miery ovplyvni\u0165.\u00a0D\u00f4le\u017eit\u00e1 je v\u00fdchova, dostatok pohybu a ment\u00e1lnej stimul\u00e1cie. Pes, ktor\u00fd je unaven\u00fd a spokojn\u00fd, m\u00e1 men\u0161iu potrebu \u201ekomentova\u0165\u201c ka\u017ed\u00fa situ\u00e1ciu. Pom\u00e1ha aj d\u00f4sledn\u00fd tr\u00e9ning a jasn\u00e9 hranice.<\/p>\n<p><a class=\"fasc-button fasc-size-medium fasc-type-flat fasc-ico-before dashicons-camera\" style=\"background-color: #fdda38; color: #0a0a0a;\" href=\"https:\/\/www.facebook.com\/plnielanu\/\" rel=\"nofollow noopener\" target=\"_blank\">Sledujte n\u00e1\u0161 Facebook<\/a>\u00a0<\/p>\n","protected":false},"excerpt":{"rendered":"Ke\u010f po\u010dujete psa \u0161teka\u0165, znamen\u00e1 to, \u017ee sa sna\u017e\u00ed komunikova\u0165. Upozor\u0148uje n\u00edm na nebezpe\u010denstvo, vyjadruje rados\u0165, nudu alebo&hellip;\n","protected":false},"author":2,"featured_media":42535,"comment_status":"","ping_status":"","sticky":false,"template":"","format":"standard","meta":{"footnotes":"","_share_on_mastodon":"0"},"categories":[32],"tags":[34,37,33,1010,43,40,39,42,41,36,38,35,7498,11145],"class_list":["post-42534","post","type-post","status-publish","format-standard","has-post-thumbnail","category-spravy","tag-headlines","tag-hlavne-spravy","tag-news","tag-pes-a-macka","tag-sk","tag-slovak","tag-slovakia","tag-slovencina","tag-slovensko","tag-spravy","tag-titulky","tag-top-stories","tag-vychova","tag-zviera"],"share_on_mastodon":{"url":"https:\/\/pubeurope.com\/@sk\/116392270474354392","error":""},"_links":{"self":[{"href":"https:\/\/www.europesays.com\/sk\/wp-json\/wp\/v2\/posts\/42534","targetHints":{"allow":["GET"]}}],"collection":[{"href":"https:\/\/www.europesays.com\/sk\/wp-json\/wp\/v2\/posts"}],"about":[{"href":"https:\/\/www.europesays.com\/sk\/wp-json\/wp\/v2\/types\/post"}],"author":[{"embeddable":true,"href":"https:\/\/www.europesays.com\/sk\/wp-json\/wp\/v2\/users\/2"}],"replies":[{"embeddable":true,"href":"https:\/\/www.europesays.com\/sk\/wp-json\/wp\/v2\/comments?post=42534"}],"version-history":[{"count":0,"href":"https:\/\/www.europesays.com\/sk\/wp-json\/wp\/v2\/posts\/42534\/revisions"}],"wp:featuredmedia":[{"embeddable":true,"href":"https:\/\/www.europesays.com\/sk\/wp-json\/wp\/v2\/media\/42535"}],"wp:attachment":[{"href":"https:\/\/www.europesays.com\/sk\/wp-json\/wp\/v2\/media?parent=42534"}],"wp:term":[{"taxonomy":"category","embeddable":true,"href":"https:\/\/www.europesays.com\/sk\/wp-json\/wp\/v2\/categories?post=42534"},{"taxonomy":"post_tag","embeddable":true,"href":"https:\/\/www.europesays.com\/sk\/wp-json\/wp\/v2\/tags?post=42534"}],"curies":[{"name":"wp","href":"https:\/\/api.w.org\/{rel}","templated":true}]}}