{"id":43614,"date":"2026-04-13T20:40:09","date_gmt":"2026-04-13T20:40:09","guid":{"rendered":"https:\/\/www.europesays.com\/sk\/43614\/"},"modified":"2026-04-13T20:40:09","modified_gmt":"2026-04-13T20:40:09","slug":"tolko-citu-by-ste-v-nom-necakali-pestovej-adresoval-krasne-slova","status":"publish","type":"post","link":"https:\/\/www.europesays.com\/sk\/43614\/","title":{"rendered":"To\u013eko citu by ste v \u0148om ne\u010dakali! Pe\u0161tovej adresoval kr\u00e1sne slov\u00e1"},"content":{"rendered":"<p>PRAHA &#8211; Spev\u00e1k Pavol Habera osl\u00e1vil svoje narodeniny v kruhu najbli\u017e\u0161\u00edch a o pr\u00edjemn\u00e9 prekvapenie sa mu postarala jeho dlhoro\u010dn\u00e1 partnerka Daniela Pe\u0161tov\u00e1. Oslava sa niesla v pr\u00edjemnej atmosf\u00e9re a nech\u00fdbal ani moment, ktor\u00fd osl\u00e1venca o\u010dividne ve\u013emi milo prekvapil. <\/p>\n<p>V nede\u013eu osl\u00e1vil spev\u00e1k Pavol Habera svoje 64. narodeniny. Zd\u00e1 sa, \u017ee osl\u00e1venec si svoj ve\u013ek\u00fd de\u0148 o\u010dividne u\u017eil naplno.\u00a0Pe\u0161tov\u00e1 si pre neho pripravila prekvapenie, ktor\u00e9 mu spravilo ve\u013ek\u00fa rados\u0165 a postaralo sa o dokonal\u00fa narodeninov\u00fa atmosf\u00e9ru.<\/p>\n<p>Habera sa rozhodol podeli\u0165 aj o svoje dojmy a na adresu partnerky ne\u0161etril chv\u00e1lou. \u201e\u010eakujem za kr\u00e1sny de\u0148 a za v\u0161etko! A inak \u2013 rob\u00ed\u0161 najlep\u0161ie torty na svete,\u201c nap\u00edsal spev\u00e1k na soci\u00e1lnu sie\u0165, kde pridal fotografiu, na ktorej kr\u00e1ja tortu.\u00a0Habera sa nesk\u00f4r rozhodol podeli\u0165 aj o svoje dojmy a na adresu partnerky ne\u0161etril chv\u00e1lou. \u201e\u010eakujem za kr\u00e1sny de\u0148 a za v\u0161etko! A inak \u2013 rob\u00ed\u0161 najlep\u0161ie torty na svete,\u201c nap\u00edsal spev\u00e1k s \u00fasmevom.<\/p>\n<p>\t<a href=\"https:\/\/www.topky.sk\/gl\/9561181\/6459319\/Habera-oslavil-narodeniny--Tolko-citu-by-ste-v-nom-necakali--Pestovej-adresoval-krasne-slova\" rel=\"nofollow noopener\" target=\"_blank\"><br \/>\n\t\t<img decoding=\"async\" alt=\"Pavol Habera oslavoval narodeniny.\" aria-describedby=\"img-res-6459319\" class=\"\" id=\"6459319\" loading=\"lazy\" onerror=\"imgArticleLoadErr(this)\" src=\"https:\/\/www.europesays.com\/sk\/wp-content\/uploads\/2026\/04\/Pavol-Habera-Torta-Narodeniny.jpg\" style=\"aspect-ratio:0.460\" title=\"Pavol Habera oslavoval narodeniny.\"\/>\t\t\t<\/p>\n<p>\n\t\t\t\tZobrazi\u0165 gal\u00e9riu (24)\t\t\t<\/p>\n<p>\t<\/a><\/p>\n<p>Pavol Habera oslavoval narodeniny.\t\u00a0(Zdroj: Instagram )<\/p>\n<p>Habera a Pe\u0161tov\u00e1 patria k stabiln\u00fdm p\u00e1rom slovensk\u00e9ho \u0161oubiznisu u\u017e dlh\u00e9 roky. Spolu maj\u00fa dve deti &#8211; dc\u00e9ru Ellu a syna Paula Henryho, ktor\u00fd pred nieko\u013ek\u00fdmi d\u0148ami osl\u00e1vil svoje sedemn\u00e1ste narodeniny.\u00a0<\/p>\n<p>\t\tHlasovanie ukon\u010den\u00e9<\/p>\n<p>\t\t\t\t{{ poll.title }}<\/p>\n<p>\t\t\t\t\t<img :alt=\"pollImageDescription()\" :src=\"https:\/\/www.topky.sk\/cl\/100313\/9370299\/poll.img_url\" class=\"box-quiz-new-image-questionnaire\"\/><\/p>\n<p>{{ poll.image_description }} (Zdroj: {{ poll.image_resource }})<\/p>\n<p>\t\t\t\t\t\t\t\t\t\t\t<img :alt=\"questionImageDescription(question)\" :src=\"https:\/\/www.topky.sk\/cl\/100313\/9370299\/question.img_url\" class=\"box-quiz-new-image-top\"\/><\/p>\n<p>Zdroj: {{ question.image_resource }}<\/p>\n<p>\n\t\t\t\t\t\t\t\t\t\t\t{{ question.text }}\n\t\t\t\t\t\t\t\t\t\t<\/p>\n<p>{{ question.text }}<\/p>\n<p>\t\t\t\t\t\t\t\t\t\t\t\t\t\t<img :alt=\"questionImageDescription(question)\" :src=\"https:\/\/www.topky.sk\/cl\/100313\/9370299\/question.img_url\" class=\"box-quiz-new-image-top\"\/><\/p>\n<p>Zdroj: {{ question.image_resource }}<\/p>\n<p>{{ poll.title }}<\/p>\n<p>{{ question.text }}<\/p>\n<p>\t\t\t\t\t\t\t\t\t\t\t\t\t\t<img :alt=\"questionImageDescription(question)\" :src=\"https:\/\/www.topky.sk\/cl\/100313\/9370299\/question.img_url\" class=\"box-quiz-new-image-top\"\/><\/p>\n<p>Zdroj: {{ question.image_resource }}<\/p>\n<p>{{ poll.rating_worst}}<\/p>\n<p>{{ poll.rating_best}}<\/p>\n<p>{{ poll.rating_best}}<\/p>\n<p>{{ poll.rating_worst}}<\/p>\n<p>\t\t\t\t\t\t\t\t\t\t\t\t\t{{ answer.text }}<\/p>\n<p>\t\t\t\t\t\t\t\t\t\t\t\t\t{{ answer.text }}<\/p>\n<p>\t\t\t\t\t{{ poll.title }}<\/p>\n<p v-if=\"poll.contact_form\">{{ poll.thanks }}<\/p>\n<p>{{ question.text }}<\/p>\n<p>\t\t\t\t\t\t\t\t\t<img :alt=\"questionImageDescription(question)\" :src=\"https:\/\/www.topky.sk\/cl\/100313\/9370299\/question.img_url\" class=\"box-quiz-new-image-top\"\/><\/p>\n<p>Zdroj: {{ question.image_resource }}<\/p>\n<p>Priemern\u00e9 hodnotenie: {{ question.rating }}<\/p>\n<p> Va\u0161e hodnotenie: {{ question.user_rating }}<\/p>\n<p>{{ question.text }}<\/p>\n<p>\t\t\t\t\t\t\t\t\t<img :alt=\"questionImageDescription(question)\" :src=\"https:\/\/www.topky.sk\/cl\/100313\/9370299\/question.img_url\" class=\"box-quiz-new-image-top\"\/><\/p>\n<p>Zdroj: {{ question.image_resource }}<\/p>\n<p>{{ poll.rating_worst}}<\/p>\n<p>{{ poll.rating_best}}<\/p>\n<p>{{ poll.rating_best}}<\/p>\n<p>{{ poll.rating_worst}}<\/p>\n<p>Priemern\u00e9 hodnotenie: {{ question.rating }}<\/p>\n<p> Va\u0161e hodnotenie: {{ question.user_rating }}<\/p>\n<p>Hlasovalo: {{questions[0].votes}}<\/p>\n<p>\t\t\t\t\t\t{{ poll.title }}<\/p>\n<p>\t\t\t\t\t\t\t<img :alt=\"pollImageDescription()\" :src=\"https:\/\/www.topky.sk\/cl\/100313\/9370299\/poll.img_url\" class=\"box-quiz-new-image-questionnaire\"\/><\/p>\n<p>{{ poll.image_description }} (Zdroj: {{ poll.image_resource }})<\/p>\n<p>{{ qIndex+1 }}\/{{ questions.length }}<\/p>\n<p>\t\t\t\t\t\t\t\t\t<img :alt=\"questionImageDescription(question)\" :src=\"https:\/\/www.topky.sk\/cl\/100313\/9370299\/question.img_url\" class=\"box-quiz-new-image-top\"\/><br \/>\n\t\t\t\t\t\t\t\t\t<a class=\"box-quiz-new-magnifier\" href=\"#\" title=\"Zv\u00e4\u010d\u0161i\u0165 obr\u00e1zok\">\u00a0<\/a><\/p>\n<p>Zdroj: {{ question.image_resource }}<\/p>\n<p>{{ question.text }}<\/p>\n<p>M\u00f4\u017eete ozna\u010di\u0165 viacero odpoved\u00ed.<\/p>\n<p class=\"profile-name\">{{ profiles[profileEvalueated.index].name }}<\/p>\n<p v-if=\"poll.show_profiles_percentage\">Zhoda: {{ profileEvalueated.weightPercentage }}%<\/p>\n<p>\t\t\t\t\t\t\t\t\t<img :alt=\"profiles[profileEvalueated.index].image_description\" :src=\"https:\/\/www.topky.sk\/cl\/100313\/9370299\/profiles[profileEvalueated.index].img_url\" class=\"box-quiz-new-image-questionnaire\"\/><\/p>\n<p>{{ profiles[profileEvalueated.index].image_description }} (Zdroj: {{ profiles[profileEvalueated.index].image_resource }})<\/p>\n<p><\/p>\n<p>\t\t\t\t\t\t\t\u00d7<br \/>\n\t\t\t\t\t\t\t<img :alt=\"imageModal.imgDescription\" :src=\"https:\/\/www.topky.sk\/cl\/100313\/9370299\/imageModal.imgUrl\" :style=\"isEmbed ? computeModalImageStyle() : ''\"\/><\/p>\n","protected":false},"excerpt":{"rendered":"PRAHA &#8211; Spev\u00e1k Pavol Habera osl\u00e1vil svoje narodeniny v kruhu najbli\u017e\u0161\u00edch a o pr\u00edjemn\u00e9 prekvapenie sa mu postarala&hellip;\n","protected":false},"author":2,"featured_media":43615,"comment_status":"","ping_status":"","sticky":false,"template":"","format":"standard","meta":{"footnotes":"","_share_on_mastodon":"0"},"categories":[15],"tags":[70,7511,15929,43,40,39,42,41,18427,71],"class_list":["post-43614","post","type-post","status-publish","format-standard","has-post-thumbnail","category-zabava","tag-entertainment","tag-narodeniny","tag-pavol-habera","tag-sk","tag-slovak","tag-slovakia","tag-slovencina","tag-slovensko","tag-torta","tag-zabava"],"share_on_mastodon":{"url":"https:\/\/pubeurope.com\/@sk\/116399336510028987","error":""},"_links":{"self":[{"href":"https:\/\/www.europesays.com\/sk\/wp-json\/wp\/v2\/posts\/43614","targetHints":{"allow":["GET"]}}],"collection":[{"href":"https:\/\/www.europesays.com\/sk\/wp-json\/wp\/v2\/posts"}],"about":[{"href":"https:\/\/www.europesays.com\/sk\/wp-json\/wp\/v2\/types\/post"}],"author":[{"embeddable":true,"href":"https:\/\/www.europesays.com\/sk\/wp-json\/wp\/v2\/users\/2"}],"replies":[{"embeddable":true,"href":"https:\/\/www.europesays.com\/sk\/wp-json\/wp\/v2\/comments?post=43614"}],"version-history":[{"count":0,"href":"https:\/\/www.europesays.com\/sk\/wp-json\/wp\/v2\/posts\/43614\/revisions"}],"wp:featuredmedia":[{"embeddable":true,"href":"https:\/\/www.europesays.com\/sk\/wp-json\/wp\/v2\/media\/43615"}],"wp:attachment":[{"href":"https:\/\/www.europesays.com\/sk\/wp-json\/wp\/v2\/media?parent=43614"}],"wp:term":[{"taxonomy":"category","embeddable":true,"href":"https:\/\/www.europesays.com\/sk\/wp-json\/wp\/v2\/categories?post=43614"},{"taxonomy":"post_tag","embeddable":true,"href":"https:\/\/www.europesays.com\/sk\/wp-json\/wp\/v2\/tags?post=43614"}],"curies":[{"name":"wp","href":"https:\/\/api.w.org\/{rel}","templated":true}]}}