{"id":45400,"date":"2026-04-15T23:18:12","date_gmt":"2026-04-15T23:18:12","guid":{"rendered":"https:\/\/www.europesays.com\/sk\/45400\/"},"modified":"2026-04-15T23:18:12","modified_gmt":"2026-04-15T23:18:12","slug":"talentovane-trenerske-meno-z-premier-league-ohlasilo-koniec","status":"publish","type":"post","link":"https:\/\/www.europesays.com\/sk\/45400\/","title":{"rendered":"Talentovan\u00e9 tr\u00e9nersk\u00e9 meno z Premier League ohl\u00e1silo koniec"},"content":{"rendered":"<p>\t<a href=\"https:\/\/sportky.zoznam.sk\/g\/477319\/strhne-sa-o-neho-velka-bitka-talentovane-trenerske-meno-z-premier-league-ohlasilo-koniec?image=1140291\" title=\"Andoni Iraola\" rel=\"nofollow noopener\" target=\"_blank\">\t\t\t<img decoding=\"async\" loading=\"lazy\" src=\"https:\/\/www.europesays.com\/sk\/wp-content\/uploads\/2026\/04\/premier-league-afc-bournemouth-1140291.jpg\"  alt=\"Andoni Iraola\"\/><\/a>Andoni Iraola\t\t\t Zdroj: SITA\/AP\/Dave Shopland\t\t\t\t<\/p>\n<p>\t\t\t<a class=\"box-article-author-image\"><br \/>\n\t\t\t\t<img decoding=\"async\" src=\"https:\/\/sportky.zoznam.sk\/static\/2019_default\/img\/author.svg\"\/><br \/>\n\t\t\t<\/a><\/p>\n<p class=\"perex\">BOURNEMOUTH &#8211; \u0160panielsky futbalov\u00fd tr\u00e9ner Andoni Iraola po skon\u010den\u00ed sez\u00f3ny opust\u00ed lavi\u010dku Bournemouthu. Informovali o tom v utorok predstavitelia klubu anglickej Premier League. \t<\/p>\n<p>Iraola sa svojej funkcie ujal v roku 2023 a v uplynulej sez\u00f3ne priviedol Bournemouth k deviatemu miestu &#8211; historick\u00e9mu maximu medzi elitou.<\/p>\n<p>&#13;<br \/>\n&#13;<\/p>\n<p>&#8222;Bola to pre m\u0148a obrovsk\u00e1 \u010des\u0165 tr\u00e9nova\u0165 AFC Bournemouth. Som hrd\u00fd na to, \u010do sme spolu dosiahli,\u201c uviedol Iraola vo svojom vyhl\u00e1sen\u00ed, ktor\u00e9 sprostredkovala agent\u00fara AFP.<\/p>\n<p>&#13;<br \/>\n&#13;<\/p>\n<p>Bournemouth st\u00e1le \u017eiv\u00ed \u0161ancu na \u00fa\u010das\u0165 v eur\u00f3pskych klubov\u00fdch s\u00fa\u0165a\u017eiach. Uplynul\u00fa sobotu sa postaral o ve\u013ek\u00e9 prekvapenie, ke\u010f zv\u00ed\u0165azil na p\u00f4de l\u00eddra tabu\u013eky Arsenalu FC 2:1.<\/p>\n<p>&#13;<br \/>\n&#13;<\/p>\n<p>\u00a0<\/p>\n<p>&#13;<br \/>\n&#13;<br \/>\n&#13;<\/p>\n<p dir=\"ltr\">\ud83d\udea8 EXCLUSIVE: Andoni Iraola to leave Bournemouth when contract ends this summer. <a href=\"https:\/\/twitter.com\/hashtag\/AFCB?src=hash&amp;ref_src=twsrc%5Etfw\" rel=\"nofollow noopener\" target=\"_blank\">#AFCB<\/a> did everything to keep head coach but 43yo chose to go + successor process under way &#8211; Kieran McKenna high among options. W\/ <a href=\"https:\/\/twitter.com\/MarioCortegana?ref_src=twsrc%5Etfw\" rel=\"nofollow noopener\" target=\"_blank\">@MarioCortegana<\/a> <a href=\"https:\/\/twitter.com\/Dan_Sheldon_?ref_src=twsrc%5Etfw\" rel=\"nofollow noopener\" target=\"_blank\">@Dan_Sheldon_<\/a> <a href=\"https:\/\/twitter.com\/TheAthleticFC?ref_src=twsrc%5Etfw\" rel=\"nofollow noopener\" target=\"_blank\">@TheAthleticFC<\/a> <a href=\"https:\/\/t.co\/YrECN7Xdr3\" rel=\"nofollow\">https:\/\/t.co\/YrECN7Xdr3<\/a><\/p>\n<p>&#13;<br \/>\n\u2014 David Ornstein (@David_Ornstein) <a href=\"https:\/\/twitter.com\/David_Ornstein\/status\/2044037838413443320?ref_src=twsrc%5Etfw\" rel=\"nofollow noopener\" target=\"_blank\">April 14, 2026<\/a>&#13;<br \/>\n&#13;<br \/>\n&#13;<\/p>\n<p>\u00a0<\/p>\n<p>&#13;<\/p>\n<p>\t\t\tAutor: \u00a9 Zoznam\/\t\t\tX\/David_Ornstein\t\t\tZdroj: TASR\t<\/p>\n<p><script async src=\"https:\/\/platform.twitter.com\/widgets.js\" charset=\"utf-8\"><\/script><\/p>\n","protected":false},"excerpt":{"rendered":"Andoni Iraola Zdroj: SITA\/AP\/Dave Shopland BOURNEMOUTH &#8211; \u0160panielsky futbalov\u00fd tr\u00e9ner Andoni Iraola po skon\u010den\u00ed sez\u00f3ny opust\u00ed lavi\u010dku Bournemouthu.&hellip;\n","protected":false},"author":2,"featured_media":45401,"comment_status":"","ping_status":"","sticky":false,"template":"","format":"standard","meta":{"footnotes":"","_share_on_mastodon":"0"},"categories":[13],"tags":[4216,18970,2646,43,40,39,42,41,69,68],"class_list":["post-45400","post","type-post","status-publish","format-standard","has-post-thumbnail","category-sport","tag-afc-bournemouth","tag-andoni-iraola","tag-premier-league","tag-sk","tag-slovak","tag-slovakia","tag-slovencina","tag-slovensko","tag-sport","tag-sports"],"share_on_mastodon":{"url":"https:\/\/pubeurope.com\/@sk\/116411282431991980","error":""},"_links":{"self":[{"href":"https:\/\/www.europesays.com\/sk\/wp-json\/wp\/v2\/posts\/45400","targetHints":{"allow":["GET"]}}],"collection":[{"href":"https:\/\/www.europesays.com\/sk\/wp-json\/wp\/v2\/posts"}],"about":[{"href":"https:\/\/www.europesays.com\/sk\/wp-json\/wp\/v2\/types\/post"}],"author":[{"embeddable":true,"href":"https:\/\/www.europesays.com\/sk\/wp-json\/wp\/v2\/users\/2"}],"replies":[{"embeddable":true,"href":"https:\/\/www.europesays.com\/sk\/wp-json\/wp\/v2\/comments?post=45400"}],"version-history":[{"count":0,"href":"https:\/\/www.europesays.com\/sk\/wp-json\/wp\/v2\/posts\/45400\/revisions"}],"wp:featuredmedia":[{"embeddable":true,"href":"https:\/\/www.europesays.com\/sk\/wp-json\/wp\/v2\/media\/45401"}],"wp:attachment":[{"href":"https:\/\/www.europesays.com\/sk\/wp-json\/wp\/v2\/media?parent=45400"}],"wp:term":[{"taxonomy":"category","embeddable":true,"href":"https:\/\/www.europesays.com\/sk\/wp-json\/wp\/v2\/categories?post=45400"},{"taxonomy":"post_tag","embeddable":true,"href":"https:\/\/www.europesays.com\/sk\/wp-json\/wp\/v2\/tags?post=45400"}],"curies":[{"name":"wp","href":"https:\/\/api.w.org\/{rel}","templated":true}]}}